{
    "id": 21750,
    "date": "2023-07-27T13:57:45",
    "date_gmt": "2023-07-27T16:57:45",
    "guid": {
        "rendered": "https:\/\/www.hoteldelreyfoz.com\/?p=21750"
    },
    "modified": "2023-07-27T13:57:45",
    "modified_gmt": "2023-07-27T16:57:45",
    "slug": "hotel-empresa-amiga-da-pessoa-autista",
    "status": "publish",
    "type": "post",
    "link": "https:\/\/www.hoteldelreyfoz.com\/pt_br\/blog\/hotel-empresa-amiga-da-pessoa-autista\/",
    "title": {
        "rendered": "Del Rey Quality Hotel: Empresa Amiga da Pessoa Autista"
    },
    "content": {
        "rendered": "<p><span style=\"font-weight: 400;\">O Del Rey Quality Hotel tem o prazer de anunciar sua participa\u00e7\u00e3o no projeto &#8220;Empresa Amiga da Pessoa Autista&#8221;, um compromisso que refor\u00e7a nosso objetivo de promover um ambiente inclusivo e acolhedor para todos os h\u00f3spedes, incluindo aqueles que vivem com o Transtorno do Espectro Autista (TEA). Acreditamos que a diversidade \u00e9 uma for\u00e7a, e \u00e9 com esse esp\u00edrito que nos dedicamos a ser um espa\u00e7o verdadeiramente acess\u00edvel a todas as pessoas.<\/span><\/p>\n<p><img decoding=\"async\" loading=\"lazy\" class=\"alignnone size-full wp-image-21752\" src=\"https:\/\/www.hoteldelreyfoz.com\/wp-content\/uploads\/2023\/07\/shutterstock_2261112515-scaled.jpg\" alt=\"\" width=\"2048\" height=\"1365\" srcset=\"https:\/\/www.hoteldelreyfoz.com\/wp-content\/uploads\/2023\/07\/shutterstock_2261112515-scaled.jpg 2048w, https:\/\/www.hoteldelreyfoz.com\/wp-content\/uploads\/2023\/07\/shutterstock_2261112515-300x200.jpg 300w, https:\/\/www.hoteldelreyfoz.com\/wp-content\/uploads\/2023\/07\/shutterstock_2261112515-1024x683.jpg 1024w, https:\/\/www.hoteldelreyfoz.com\/wp-content\/uploads\/2023\/07\/shutterstock_2261112515-768x512.jpg 768w, https:\/\/www.hoteldelreyfoz.com\/wp-content\/uploads\/2023\/07\/shutterstock_2261112515-1536x1024.jpg 1536w\" sizes=\"(max-width: 2048px) 100vw, 2048px\" \/><\/p>\n<div id=\"ez-toc-container\" class=\"ez-toc-v2_0_76 counter-flat ez-toc-counter ez-toc-custom ez-toc-container-direction\">\n<div class=\"ez-toc-title-container\"><p class=\"ez-toc-title\" style=\"cursor:inherit\">Confira no artigo:<\/p>\n<\/div><nav><ul class='ez-toc-list ez-toc-list-level-1' ><li class='ez-toc-page-1'><a class=\"ez-toc-link ez-toc-heading-1\" href=\"https:\/\/www.hoteldelreyfoz.com\/pt_br\/blog\/hotel-empresa-amiga-da-pessoa-autista\/#O-Projeto-Empresa-Amiga-da-Pessoa-Autista\" >O Projeto Empresa Amiga da Pessoa Autista<\/a><\/li><li class='ez-toc-page-1'><a class=\"ez-toc-link ez-toc-heading-2\" href=\"https:\/\/www.hoteldelreyfoz.com\/pt_br\/blog\/hotel-empresa-amiga-da-pessoa-autista\/#Organizacao-Onda-AutismoS\" >Organiza\u00e7\u00e3o Onda-AutismoS<\/a><\/li><li class='ez-toc-page-1'><a class=\"ez-toc-link ez-toc-heading-3\" href=\"https:\/\/www.hoteldelreyfoz.com\/pt_br\/blog\/hotel-empresa-amiga-da-pessoa-autista\/#Entendendo-o-Autismo\" >Entendendo o Autismo<\/a><\/li><li class='ez-toc-page-1'><a class=\"ez-toc-link ez-toc-heading-4\" href=\"https:\/\/www.hoteldelreyfoz.com\/pt_br\/blog\/hotel-empresa-amiga-da-pessoa-autista\/#A-Importancia-da-Inclusao-no-Mercado-Hoteleiro\" >A Import\u00e2ncia da Inclus\u00e3o no Mercado Hoteleiro<\/a><\/li><li class='ez-toc-page-1'><a class=\"ez-toc-link ez-toc-heading-5\" href=\"https:\/\/www.hoteldelreyfoz.com\/pt_br\/blog\/hotel-empresa-amiga-da-pessoa-autista\/#Treinamento-Especializado-para-Nossos-Colaboradores\" >Treinamento Especializado para Nossos Colaboradores<\/a><\/li><li class='ez-toc-page-1'><a class=\"ez-toc-link ez-toc-heading-6\" href=\"https:\/\/www.hoteldelreyfoz.com\/pt_br\/blog\/hotel-empresa-amiga-da-pessoa-autista\/#A-Importancia-da-Conscientizacao-e-Responsabilidade-Social-dos-Hoteis\" >A Import\u00e2ncia da Conscientiza\u00e7\u00e3o e Responsabilidade Social dos Hot\u00e9is<\/a><\/li><li class='ez-toc-page-1'><a class=\"ez-toc-link ez-toc-heading-7\" href=\"https:\/\/www.hoteldelreyfoz.com\/pt_br\/blog\/hotel-empresa-amiga-da-pessoa-autista\/#Orgulhosamente-uma-Empresa-com-Selo-%E2%80%9CEmpresa-Amiga-da-Pessoa-Autista%E2%80%9D\" >Orgulhosamente uma Empresa com Selo &#8220;Empresa Amiga da Pessoa Autista&#8221;<\/a><\/li><\/ul><\/nav><\/div>\n<h2><span class=\"ez-toc-section\" id=\"O-Projeto-Empresa-Amiga-da-Pessoa-Autista\"><\/span><span style=\"font-weight: 400;\">O Projeto Empresa Amiga da Pessoa Autista<\/span><span class=\"ez-toc-section-end\"><\/span><\/h2>\n<p><span style=\"font-weight: 400;\">O projeto &#8220;Empresa Amiga da Pessoa Autista&#8221; \u00e9 uma iniciativa importante que visa sensibilizar empresas e institui\u00e7\u00f5es sobre a import\u00e2ncia de criar ambientes inclusivos e acess\u00edveis para pessoas com autismo. Ele se baseia na ideia de que o respeito \u00e0 diversidade e a conscientiza\u00e7\u00e3o sobre o TEA s\u00e3o fundamentais para a constru\u00e7\u00e3o de uma sociedade mais justa e igualit\u00e1ria.\u00a0<\/span><\/p>\n<p><span style=\"font-weight: 400;\">Ao aderir a esse projeto, o Del Rey Quality Hotel assume o compromisso de receber h\u00f3spedes autistas de maneira emp\u00e1tica e respeitosa.<\/span><\/p>\n<p><img decoding=\"async\" loading=\"lazy\" class=\"alignnone size-full wp-image-21751\" src=\"https:\/\/www.hoteldelreyfoz.com\/wp-content\/uploads\/2023\/07\/Selo-Onda.png\" alt=\"\" width=\"2048\" height=\"2047\" srcset=\"https:\/\/www.hoteldelreyfoz.com\/wp-content\/uploads\/2023\/07\/Selo-Onda.png 2048w, https:\/\/www.hoteldelreyfoz.com\/wp-content\/uploads\/2023\/07\/Selo-Onda-300x300.png 300w, https:\/\/www.hoteldelreyfoz.com\/wp-content\/uploads\/2023\/07\/Selo-Onda-1024x1024.png 1024w, https:\/\/www.hoteldelreyfoz.com\/wp-content\/uploads\/2023\/07\/Selo-Onda-150x150.png 150w, https:\/\/www.hoteldelreyfoz.com\/wp-content\/uploads\/2023\/07\/Selo-Onda-768x768.png 768w, https:\/\/www.hoteldelreyfoz.com\/wp-content\/uploads\/2023\/07\/Selo-Onda-1536x1536.png 1536w\" sizes=\"(max-width: 2048px) 100vw, 2048px\" \/><\/p>\n<h2><span class=\"ez-toc-section\" id=\"Organizacao-Onda-AutismoS\"><\/span>Organiza\u00e7\u00e3o Onda-AutismoS<span class=\"ez-toc-section-end\"><\/span><\/h2>\n<p>A organiza\u00e7\u00e3o por tr\u00e1s do projeto \u00e9 a <a href=\"https:\/\/ondaautismos.com.br\/quem-somos\" target=\"_blank\" rel=\"noopener\">ONDA-AutismoS<\/a>, uma Organiza\u00e7\u00e3o Neurodiversa pelos Direitos dos Autistas. Portanto \u00e9 uma entidade de car\u00e1ter social, que tem na sua concep\u00e7\u00e3o a diferen\u00e7a e o discernimento no ato de planejar e executar a\u00e7\u00f5es, cuja finalidade \u00e9 o aprimoramento da qualidade de vida das pessoas autistas. Tem como miss\u00e3o prestar um servi\u00e7o de excel\u00eancia em defesa dos direitos, no cumprimento da Lei 12.764\/12 e no fomento das pol\u00edticas p\u00fablicas visando proporcionar maior seguran\u00e7a e bem-estar \u00e0s pessoas autistas.<\/p>\n<h2><span class=\"ez-toc-section\" id=\"Entendendo-o-Autismo\"><\/span><span style=\"font-weight: 400;\">Entendendo o Autismo<\/span><span class=\"ez-toc-section-end\"><\/span><\/h2>\n<p><span style=\"font-weight: 400;\">O autismo \u00e9 uma condi\u00e7\u00e3o neurodesenvolvimental que afeta a maneira como uma pessoa percebe o mundo, se comunica e interage socialmente. Cada indiv\u00edduo no espectro autista \u00e9 \u00fanico em suas caracter\u00edsticas, habilidades e desafios.\u00a0<\/span><\/p>\n<p><span style=\"font-weight: 400;\">Compreender o autismo \u00e9 fundamental para oferecer o suporte adequado e garantir que todas as pessoas, independentemente de suas diferen\u00e7as, possam desfrutar plenamente de suas experi\u00eancias em nosso hotel.<\/span><\/p>\n<h2><span class=\"ez-toc-section\" id=\"A-Importancia-da-Inclusao-no-Mercado-Hoteleiro\"><\/span><span style=\"font-weight: 400;\">A Import\u00e2ncia da Inclus\u00e3o no Mercado Hoteleiro<\/span><span class=\"ez-toc-section-end\"><\/span><\/h2>\n<p><span style=\"font-weight: 400;\">Promover uma cultura inclusiva dentro da empresa \u00e9 o primeiro passo para uma inclus\u00e3o verdadeira. A inclus\u00e3o se faz na pr\u00e1tica, levando-se em considera\u00e7\u00e3o que toda Organiza\u00e7\u00e3o possui suas Responsabilidades Sociais, junto aos seus colaboradores, consumidores e sociedade. Quanto mais a Organiza\u00e7\u00e3o desenvolver, promover a\u00e7\u00f5es inclusivas, trazendo temas importantes sobre diversidade e representatividade,<\/span><\/p>\n<p><span style=\"font-weight: 400;\">No mercado hoteleiro, a inclus\u00e3o \u00e9 um fator-chave para proporcionar uma experi\u00eancia memor\u00e1vel e positiva a todos os h\u00f3spedes. Acreditamos que cada pessoa tem o direito de se sentir bem-vinda e confort\u00e1vel em nossas instala\u00e7\u00f5es.\u00a0<\/span><\/p>\n<p><span style=\"font-weight: 400;\">Ao criar um ambiente inclusivo, n\u00e3o apenas atendemos \u00e0s necessidades espec\u00edficas de nossos h\u00f3spedes autistas, mas tamb\u00e9m promovemos um espa\u00e7o mais acolhedor para todos, independentemente de suas diferen\u00e7as.<\/span><\/p>\n<h2><span class=\"ez-toc-section\" id=\"Treinamento-Especializado-para-Nossos-Colaboradores\"><\/span><span style=\"font-weight: 400;\">Treinamento Especializado para Nossos Colaboradores<\/span><span class=\"ez-toc-section-end\"><\/span><\/h2>\n<p><span style=\"font-weight: 400;\">Para garantir um atendimento de excel\u00eancia e sens\u00edvel \u00e0s necessidades dos h\u00f3spedes autistas, nossa equipe passou por um treinamento especializado. Esse programa abrangeu temas como compreens\u00e3o do TEA, estrat\u00e9gias de comunica\u00e7\u00e3o eficaz, respeito \u00e0 individualidade de cada h\u00f3spede e adapta\u00e7\u00f5es em nossos servi\u00e7os para melhor atend\u00ea-los. Nosso objetivo \u00e9 que todos os nossos colaboradores estejam preparados para receber cada h\u00f3spede com empatia, compreens\u00e3o e profissionalismo.<\/span><\/p>\n<h2><span class=\"ez-toc-section\" id=\"A-Importancia-da-Conscientizacao-e-Responsabilidade-Social-dos-Hoteis\"><\/span><span style=\"font-weight: 400;\">A Import\u00e2ncia da Conscientiza\u00e7\u00e3o e Responsabilidade Social dos Hot\u00e9is<\/span><span class=\"ez-toc-section-end\"><\/span><\/h2>\n<p><span style=\"font-weight: 400;\">Acreditamos que a conscientiza\u00e7\u00e3o sobre o autismo e a responsabilidade social das empresas s\u00e3o fundamentais para promover uma sociedade mais inclusiva. Ao compartilhar informa\u00e7\u00f5es sobre o TEA e sensibilizar nossa equipe e comunidade, buscamos ser agentes de mudan\u00e7a no setor hoteleiro e al\u00e9m. Assumir a responsabilidade social \u00e9 uma maneira de contribuir para o bem-estar de todos e fortalecer o tecido social de nossa cidade e regi\u00e3o.<\/span><\/p>\n<h2><span class=\"ez-toc-section\" id=\"Orgulhosamente-uma-Empresa-com-Selo-%E2%80%9CEmpresa-Amiga-da-Pessoa-Autista%E2%80%9D\"><\/span><span style=\"font-weight: 400;\">Orgulhosamente uma Empresa com Selo &#8220;Empresa Amiga da Pessoa Autista&#8221;<\/span><span class=\"ez-toc-section-end\"><\/span><\/h2>\n<p><span style=\"font-weight: 400;\">O Del Rey Quality Hotel tem a honra de receber o selo &#8220;Empresa Amiga da Pessoa Autista&#8221;. Esse reconhecimento \u00e9 uma prova de nosso compromisso e dedica\u00e7\u00e3o em proporcionar uma estadia acolhedora e inclusiva para todos os nossos h\u00f3spedes. Nossa equipe est\u00e1 empenhada em garantir que cada pessoa que escolhe nosso hotel tenha uma experi\u00eancia \u00fanica e inesquec\u00edvel. Certamente em um ambiente que valoriza a diversidade e o respeito m\u00fatuo.<\/span><\/p>\n<p><span style=\"font-weight: 400;\">Ser uma &#8220;Empresa Amiga da Pessoa Autista&#8221; \u00e9 mais do que um selo; \u00e9 um compromisso cont\u00ednuo de criar um mundo mais inclusivo e igualit\u00e1rio. O Del Rey Quality Hotel se orgulha de fazer parte desse projeto e continuar\u00e1 trabalhando para aprimorar nossos servi\u00e7os e pr\u00e1ticas, garantindo que cada h\u00f3spede se sinta respeitado, valorizado e bem atendido em nossa casa. Acreditamos que juntos, podemos construir uma sociedade que acolhe a todos, celebrando a diversidade e a riqueza de cada indiv\u00edduo.<\/span><\/p>",
        "protected": false
    },
    "excerpt": {
        "rendered": "<p>O Del Rey Quality Hotel tem o prazer de anunciar sua participa\u00e7\u00e3o no projeto &#8220;Empresa Amiga da Pessoa Autista&#8221;, um compromisso que refor\u00e7a nosso objetivo de promover um ambiente inclusivo e acolhedor para todos os h\u00f3spedes, incluindo aqueles que vivem com o Transtorno do Espectro Autista (TEA). Acreditamos que a diversidade \u00e9 uma for\u00e7a, e [&hellip;]<\/p>",
        "protected": false
    },
    "author": 1,
    "featured_media": 21752,
    "comment_status": "closed",
    "ping_status": "closed",
    "sticky": false,
    "template": "",
    "format": "standard",
    "meta": {
        "footnotes": ""
    },
    "categories": [
        320
    ],
    "tags": [],
    "yoast_head": "<!-- This site is optimized with the Yoast SEO plugin v20.12 - https:\/\/yoast.com\/wordpress\/plugins\/seo\/ -->\n<title>Del Rey Quality Hotel: Empresa Amiga da Pessoa Autista - Del Rey Quality Hotel<\/title>\n<meta name=\"description\" content=\"Empresa Amiga da Pessoa Autista, um compromisso com nosso objetivo de promover um ambiente inclusivo e acolhedor para todos os h\u00f3spedes,\" \/>\n<meta name=\"robots\" content=\"index, follow, max-snippet:-1, max-image-preview:large, max-video-preview:-1\" \/>\n<link rel=\"canonical\" href=\"https:\/\/www.hoteldelreyfoz.com\/pt_br\/blog\/hotel-company-friendly-of-the-autistic-person\/\" \/>\n<meta property=\"og:locale\" content=\"pt_BR\" \/>\n<meta property=\"og:type\" content=\"article\" \/>\n<meta property=\"og:title\" content=\"Del Rey Quality Hotel: Empresa Amiga da Pessoa Autista - Del Rey Quality Hotel\" \/>\n<meta property=\"og:description\" content=\"Empresa Amiga da Pessoa Autista, um compromisso com nosso objetivo de promover um ambiente inclusivo e acolhedor para todos os h\u00f3spedes,\" \/>\n<meta property=\"og:url\" content=\"https:\/\/www.hoteldelreyfoz.com\/pt_br\/blog\/hotel-company-friendly-of-the-autistic-person\/\" \/>\n<meta property=\"og:site_name\" content=\"Del Rey Quality Hotel\" \/>\n<meta property=\"article:publisher\" content=\"https:\/\/www.facebook.com\/delreyfozhotel\" \/>\n<meta property=\"article:published_time\" content=\"2023-07-27T16:57:45+00:00\" \/>\n<meta property=\"og:image\" content=\"https:\/\/www.hoteldelreyfoz.com\/wp-content\/uploads\/2023\/07\/shutterstock_2261112515-scaled.jpg\" \/>\n\t<meta property=\"og:image:width\" content=\"2048\" \/>\n\t<meta property=\"og:image:height\" content=\"1365\" \/>\n\t<meta property=\"og:image:type\" content=\"image\/jpeg\" \/>\n<meta name=\"author\" content=\"c3dwebadmin\" \/>\n<meta name=\"twitter:card\" content=\"summary_large_image\" \/>\n<meta name=\"twitter:label1\" content=\"Escrito por\" \/>\n\t<meta name=\"twitter:data1\" content=\"\" \/>\n\t<meta name=\"twitter:label2\" content=\"Est. tempo de leitura\" \/>\n\t<meta name=\"twitter:data2\" content=\"5 minutos\" \/>\n<script type=\"application\/ld+json\" class=\"yoast-schema-graph\">{\"@context\":\"https:\/\/schema.org\",\"@graph\":[{\"@type\":\"Article\",\"@id\":\"https:\/\/www.hoteldelreyfoz.com\/blog\/hotel-company-friendly-of-the-autistic-person\/#article\",\"isPartOf\":{\"@id\":\"https:\/\/www.hoteldelreyfoz.com\/blog\/hotel-company-friendly-of-the-autistic-person\/\"},\"author\":{\"name\":\"c3dwebadmin\",\"@id\":\"https:\/\/www.hoteldelreyfoz.com\/#\/schema\/person\/2773cc4553fc7dd09ac645b4d7499c90\"},\"headline\":\"Del Rey Quality Hotel: Empresa Amiga da Pessoa Autista\",\"datePublished\":\"2023-07-27T16:57:45+00:00\",\"dateModified\":\"2023-07-27T16:57:45+00:00\",\"mainEntityOfPage\":{\"@id\":\"https:\/\/www.hoteldelreyfoz.com\/blog\/hotel-company-friendly-of-the-autistic-person\/\"},\"wordCount\":819,\"publisher\":{\"@id\":\"https:\/\/www.hoteldelreyfoz.com\/#organization\"},\"articleSection\":[\"Nosso Hotel\"],\"inLanguage\":\"pt-BR\"},{\"@type\":\"WebPage\",\"@id\":\"https:\/\/www.hoteldelreyfoz.com\/blog\/hotel-company-friendly-of-the-autistic-person\/\",\"url\":\"https:\/\/www.hoteldelreyfoz.com\/blog\/hotel-company-friendly-of-the-autistic-person\/\",\"name\":\"Del Rey Quality Hotel: Empresa Amiga da Pessoa Autista - Del Rey Quality Hotel\",\"isPartOf\":{\"@id\":\"https:\/\/www.hoteldelreyfoz.com\/#website\"},\"datePublished\":\"2023-07-27T16:57:45+00:00\",\"dateModified\":\"2023-07-27T16:57:45+00:00\",\"description\":\"Empresa Amiga da Pessoa Autista, um compromisso com nosso objetivo de promover um ambiente inclusivo e acolhedor para todos os h\u00f3spedes,\",\"breadcrumb\":{\"@id\":\"https:\/\/www.hoteldelreyfoz.com\/blog\/hotel-company-friendly-of-the-autistic-person\/#breadcrumb\"},\"inLanguage\":\"pt-BR\",\"potentialAction\":[{\"@type\":\"ReadAction\",\"target\":[\"https:\/\/www.hoteldelreyfoz.com\/blog\/hotel-company-friendly-of-the-autistic-person\/\"]}]},{\"@type\":\"BreadcrumbList\",\"@id\":\"https:\/\/www.hoteldelreyfoz.com\/blog\/hotel-company-friendly-of-the-autistic-person\/#breadcrumb\",\"itemListElement\":[{\"@type\":\"ListItem\",\"position\":1,\"name\":\"In\u00edcio\",\"item\":\"https:\/\/www.hoteldelreyfoz.com\/en\/\"},{\"@type\":\"ListItem\",\"position\":2,\"name\":\"Del Rey Quality Hotel: Empresa Amiga da Pessoa Autista\"}]},{\"@type\":\"WebSite\",\"@id\":\"https:\/\/www.hoteldelreyfoz.com\/#website\",\"url\":\"https:\/\/www.hoteldelreyfoz.com\/\",\"name\":\"Del Rey Quality Hotel\",\"description\":\"Hotel em Foz do Igua\u00e7u com pre\u00e7os acess\u00edveis, quartos amplos e localiza\u00e7\u00e3o no Centro, perto de tudo. Reserve pelo nosso site com desconto!\",\"publisher\":{\"@id\":\"https:\/\/www.hoteldelreyfoz.com\/#organization\"},\"potentialAction\":[{\"@type\":\"SearchAction\",\"target\":{\"@type\":\"EntryPoint\",\"urlTemplate\":\"https:\/\/www.hoteldelreyfoz.com\/?s={search_term_string}\"},\"query-input\":\"required name=search_term_string\"}],\"inLanguage\":\"pt-BR\"},{\"@type\":\"Organization\",\"@id\":\"https:\/\/www.hoteldelreyfoz.com\/#organization\",\"name\":\"Del Rey Quality Hotel\",\"url\":\"https:\/\/www.hoteldelreyfoz.com\/\",\"logo\":{\"@type\":\"ImageObject\",\"inLanguage\":\"pt-BR\",\"@id\":\"https:\/\/www.hoteldelreyfoz.com\/#\/schema\/logo\/image\/\",\"url\":\"https:\/\/www.hoteldelreyfoz.com.br\/wp-content\/uploads\/2021\/09\/delrey.png\",\"contentUrl\":\"https:\/\/www.hoteldelreyfoz.com.br\/wp-content\/uploads\/2021\/09\/delrey.png\",\"width\":225,\"height\":224,\"caption\":\"Del Rey Quality Hotel\"},\"image\":{\"@id\":\"https:\/\/www.hoteldelreyfoz.com\/#\/schema\/logo\/image\/\"},\"sameAs\":[\"https:\/\/www.facebook.com\/delreyfozhotel\",\"https:\/\/www.instagram.com\/delreyfoz\/\",\"https:\/\/www.youtube.com\/channel\/UCSBntO46TaFRFMvuxjJBS_w\"]},{\"@type\":\"Person\",\"@id\":\"https:\/\/www.hoteldelreyfoz.com\/#\/schema\/person\/2773cc4553fc7dd09ac645b4d7499c90\",\"name\":\"c3dwebadmin\",\"sameAs\":[\"https:\/\/www.hoteldelreyfoz.com.br\"]}]}<\/script>\n<!-- \/ Yoast SEO plugin. -->",
    "yoast_head_json": {
        "title": "Del Rey Quality Hotel: Empresa Amiga da Pessoa Autista - Del Rey Quality Hotel",
        "description": "Empresa Amiga da Pessoa Autista, um compromisso com nosso objetivo de promover um ambiente inclusivo e acolhedor para todos os h\u00f3spedes,",
        "robots": {
            "index": "index",
            "follow": "follow",
            "max-snippet": "max-snippet:-1",
            "max-image-preview": "max-image-preview:large",
            "max-video-preview": "max-video-preview:-1"
        },
        "canonical": "https:\/\/www.hoteldelreyfoz.com\/pt_br\/blog\/hotel-company-friendly-of-the-autistic-person\/",
        "og_locale": "pt_BR",
        "og_type": "article",
        "og_title": "Del Rey Quality Hotel: Empresa Amiga da Pessoa Autista - Del Rey Quality Hotel",
        "og_description": "Empresa Amiga da Pessoa Autista, um compromisso com nosso objetivo de promover um ambiente inclusivo e acolhedor para todos os h\u00f3spedes,",
        "og_url": "https:\/\/www.hoteldelreyfoz.com\/pt_br\/blog\/hotel-company-friendly-of-the-autistic-person\/",
        "og_site_name": "Del Rey Quality Hotel",
        "article_publisher": "https:\/\/www.facebook.com\/delreyfozhotel",
        "article_published_time": "2023-07-27T16:57:45+00:00",
        "og_image": [
            {
                "width": 2048,
                "height": 1365,
                "url": "https:\/\/www.hoteldelreyfoz.com\/wp-content\/uploads\/2023\/07\/shutterstock_2261112515-scaled.jpg",
                "type": "image\/jpeg"
            }
        ],
        "author": "c3dwebadmin",
        "twitter_card": "summary_large_image",
        "twitter_misc": {
            "Escrito por": false,
            "Est. tempo de leitura": "5 minutos"
        },
        "schema": {
            "@context": "https:\/\/schema.org",
            "@graph": [
                {
                    "@type": "Article",
                    "@id": "https:\/\/www.hoteldelreyfoz.com\/blog\/hotel-company-friendly-of-the-autistic-person\/#article",
                    "isPartOf": {
                        "@id": "https:\/\/www.hoteldelreyfoz.com\/blog\/hotel-company-friendly-of-the-autistic-person\/"
                    },
                    "author": {
                        "name": "c3dwebadmin",
                        "@id": "https:\/\/www.hoteldelreyfoz.com\/#\/schema\/person\/2773cc4553fc7dd09ac645b4d7499c90"
                    },
                    "headline": "Del Rey Quality Hotel: Empresa Amiga da Pessoa Autista",
                    "datePublished": "2023-07-27T16:57:45+00:00",
                    "dateModified": "2023-07-27T16:57:45+00:00",
                    "mainEntityOfPage": {
                        "@id": "https:\/\/www.hoteldelreyfoz.com\/blog\/hotel-company-friendly-of-the-autistic-person\/"
                    },
                    "wordCount": 819,
                    "publisher": {
                        "@id": "https:\/\/www.hoteldelreyfoz.com\/#organization"
                    },
                    "articleSection": [
                        "Nosso Hotel"
                    ],
                    "inLanguage": "pt-BR"
                },
                {
                    "@type": "WebPage",
                    "@id": "https:\/\/www.hoteldelreyfoz.com\/blog\/hotel-company-friendly-of-the-autistic-person\/",
                    "url": "https:\/\/www.hoteldelreyfoz.com\/blog\/hotel-company-friendly-of-the-autistic-person\/",
                    "name": "Del Rey Quality Hotel: Empresa Amiga da Pessoa Autista - Del Rey Quality Hotel",
                    "isPartOf": {
                        "@id": "https:\/\/www.hoteldelreyfoz.com\/#website"
                    },
                    "datePublished": "2023-07-27T16:57:45+00:00",
                    "dateModified": "2023-07-27T16:57:45+00:00",
                    "description": "Empresa Amiga da Pessoa Autista, um compromisso com nosso objetivo de promover um ambiente inclusivo e acolhedor para todos os h\u00f3spedes,",
                    "breadcrumb": {
                        "@id": "https:\/\/www.hoteldelreyfoz.com\/blog\/hotel-company-friendly-of-the-autistic-person\/#breadcrumb"
                    },
                    "inLanguage": "pt-BR",
                    "potentialAction": [
                        {
                            "@type": "ReadAction",
                            "target": [
                                "https:\/\/www.hoteldelreyfoz.com\/blog\/hotel-company-friendly-of-the-autistic-person\/"
                            ]
                        }
                    ]
                },
                {
                    "@type": "BreadcrumbList",
                    "@id": "https:\/\/www.hoteldelreyfoz.com\/blog\/hotel-company-friendly-of-the-autistic-person\/#breadcrumb",
                    "itemListElement": [
                        {
                            "@type": "ListItem",
                            "position": 1,
                            "name": "In\u00edcio",
                            "item": "https:\/\/www.hoteldelreyfoz.com\/en\/"
                        },
                        {
                            "@type": "ListItem",
                            "position": 2,
                            "name": "Del Rey Quality Hotel: Empresa Amiga da Pessoa Autista"
                        }
                    ]
                },
                {
                    "@type": "WebSite",
                    "@id": "https:\/\/www.hoteldelreyfoz.com\/#website",
                    "url": "https:\/\/www.hoteldelreyfoz.com\/",
                    "name": "Del Rey Quality Hotel",
                    "description": "Hotel em Foz do Igua\u00e7u com pre\u00e7os acess\u00edveis, quartos amplos e localiza\u00e7\u00e3o no Centro, perto de tudo. Reserve pelo nosso site com desconto!",
                    "publisher": {
                        "@id": "https:\/\/www.hoteldelreyfoz.com\/#organization"
                    },
                    "potentialAction": [
                        {
                            "@type": "SearchAction",
                            "target": {
                                "@type": "EntryPoint",
                                "urlTemplate": "https:\/\/www.hoteldelreyfoz.com\/?s={search_term_string}"
                            },
                            "query-input": "required name=search_term_string"
                        }
                    ],
                    "inLanguage": "pt-BR"
                },
                {
                    "@type": "Organization",
                    "@id": "https:\/\/www.hoteldelreyfoz.com\/#organization",
                    "name": "Del Rey Quality Hotel",
                    "url": "https:\/\/www.hoteldelreyfoz.com\/",
                    "logo": {
                        "@type": "ImageObject",
                        "inLanguage": "pt-BR",
                        "@id": "https:\/\/www.hoteldelreyfoz.com\/#\/schema\/logo\/image\/",
                        "url": "https:\/\/www.hoteldelreyfoz.com.br\/wp-content\/uploads\/2021\/09\/delrey.png",
                        "contentUrl": "https:\/\/www.hoteldelreyfoz.com.br\/wp-content\/uploads\/2021\/09\/delrey.png",
                        "width": 225,
                        "height": 224,
                        "caption": "Del Rey Quality Hotel"
                    },
                    "image": {
                        "@id": "https:\/\/www.hoteldelreyfoz.com\/#\/schema\/logo\/image\/"
                    },
                    "sameAs": [
                        "https:\/\/www.facebook.com\/delreyfozhotel",
                        "https:\/\/www.instagram.com\/delreyfoz\/",
                        "https:\/\/www.youtube.com\/channel\/UCSBntO46TaFRFMvuxjJBS_w"
                    ]
                },
                {
                    "@type": "Person",
                    "@id": "https:\/\/www.hoteldelreyfoz.com\/#\/schema\/person\/2773cc4553fc7dd09ac645b4d7499c90",
                    "name": "c3dwebadmin",
                    "sameAs": [
                        "https:\/\/www.hoteldelreyfoz.com.br"
                    ]
                }
            ]
        }
    },
    "_links": {
        "self": [
            {
                "href": "https:\/\/www.hoteldelreyfoz.com\/pt_br\/wp-json\/wp\/v2\/posts\/21750"
            }
        ],
        "collection": [
            {
                "href": "https:\/\/www.hoteldelreyfoz.com\/pt_br\/wp-json\/wp\/v2\/posts"
            }
        ],
        "about": [
            {
                "href": "https:\/\/www.hoteldelreyfoz.com\/pt_br\/wp-json\/wp\/v2\/types\/post"
            }
        ],
        "author": [
            {
                "embeddable": true,
                "href": "https:\/\/www.hoteldelreyfoz.com\/pt_br\/wp-json\/wp\/v2\/users\/1"
            }
        ],
        "replies": [
            {
                "embeddable": true,
                "href": "https:\/\/www.hoteldelreyfoz.com\/pt_br\/wp-json\/wp\/v2\/comments?post=21750"
            }
        ],
        "version-history": [
            {
                "count": 1,
                "href": "https:\/\/www.hoteldelreyfoz.com\/pt_br\/wp-json\/wp\/v2\/posts\/21750\/revisions"
            }
        ],
        "predecessor-version": [
            {
                "id": 21753,
                "href": "https:\/\/www.hoteldelreyfoz.com\/pt_br\/wp-json\/wp\/v2\/posts\/21750\/revisions\/21753"
            }
        ],
        "wp:featuredmedia": [
            {
                "embeddable": true,
                "href": "https:\/\/www.hoteldelreyfoz.com\/pt_br\/wp-json\/wp\/v2\/media\/21752"
            }
        ],
        "wp:attachment": [
            {
                "href": "https:\/\/www.hoteldelreyfoz.com\/pt_br\/wp-json\/wp\/v2\/media?parent=21750"
            }
        ],
        "wp:term": [
            {
                "taxonomy": "category",
                "embeddable": true,
                "href": "https:\/\/www.hoteldelreyfoz.com\/pt_br\/wp-json\/wp\/v2\/categories?post=21750"
            },
            {
                "taxonomy": "post_tag",
                "embeddable": true,
                "href": "https:\/\/www.hoteldelreyfoz.com\/pt_br\/wp-json\/wp\/v2\/tags?post=21750"
            }
        ],
        "curies": [
            {
                "name": "wp",
                "href": "https:\/\/api.w.org\/{rel}",
                "templated": true
            }
        ]
    }
}