{
    "id": 21745,
    "date": "2023-07-20T10:20:27",
    "date_gmt": "2023-07-20T13:20:27",
    "guid": {
        "rendered": "https:\/\/www.hoteldelreyfoz.com\/?p=21745"
    },
    "modified": "2023-07-27T10:36:57",
    "modified_gmt": "2023-07-27T13:36:57",
    "slug": "amanhecer-nas-cataratas",
    "status": "publish",
    "type": "post",
    "link": "https:\/\/www.hoteldelreyfoz.com\/pt_br\/blog\/amanhecer-nas-cataratas\/",
    "title": {
        "rendered": "Nova Atra\u00e7\u00e3o em Foz do Igua\u00e7u: Amanhecer nas Cataratas"
    },
    "content": {
        "rendered": "<p><span style=\"font-weight: 400;\">Foz do Igua\u00e7u \u00e9 um destino tur\u00edstico mundialmente conhecido, e agora h\u00e1 uma nova atra\u00e7\u00e3o que far\u00e1 sua viagem ainda mais inesquec\u00edvel: o passeio &#8220;Amanhecer nas Cataratas&#8221;.<\/span><\/p>\n<p><span style=\"font-weight: 400;\">Esse passeio exclusivo oferece aos visitantes a oportunidade de testemunhar a magia do nascer do sol nas Cataratas do Igua\u00e7u, antes da abertura do parque para o p\u00fablico geral.<\/span><\/p>\n<p><span style=\"font-weight: 400;\">O passeio come\u00e7a \u00e0s 5h30 da manh\u00e3 e leva os visitantes por uma trilha que oferece vistas deslumbrantes das cataratas. Ao longo do caminho, os visitantes podem ouvir os sons da natureza e sentir a energia da \u00e1gua.<\/span><\/p>\n<p><span style=\"font-weight: 400;\">Ao chegar ao final da trilha, os visitantes s\u00e3o presenteados com uma vista deslumbrante do nascer do sol sobre as cataratas. \u00c9 uma experi\u00eancia verdadeiramente \u00fanica e inesquec\u00edvel que certamente ficar\u00e1 com os visitantes por muitos anos.<\/span><\/p>\n<p><span style=\"font-weight: 400;\">O passeio &#8220;Amanhecer nas Cataratas&#8221; \u00e9 uma \u00f3tima maneira de come\u00e7ar o dia em Foz do Igua\u00e7u. \u00c9 uma experi\u00eancia que certamente ficar\u00e1 com voc\u00ea por muito tempo.<\/span><\/p>\n<p><img decoding=\"async\" loading=\"lazy\" class=\"alignnone size-full wp-image-21746\" src=\"https:\/\/www.hoteldelreyfoz.com\/wp-content\/uploads\/2023\/07\/WhatsApp-Image-2023-07-07-at-11.20.37-2.jpeg\" alt=\"\" width=\"1600\" height=\"1066\" srcset=\"https:\/\/www.hoteldelreyfoz.com\/wp-content\/uploads\/2023\/07\/WhatsApp-Image-2023-07-07-at-11.20.37-2.jpeg 1600w, https:\/\/www.hoteldelreyfoz.com\/wp-content\/uploads\/2023\/07\/WhatsApp-Image-2023-07-07-at-11.20.37-2-300x200.jpeg 300w, https:\/\/www.hoteldelreyfoz.com\/wp-content\/uploads\/2023\/07\/WhatsApp-Image-2023-07-07-at-11.20.37-2-1024x682.jpeg 1024w, https:\/\/www.hoteldelreyfoz.com\/wp-content\/uploads\/2023\/07\/WhatsApp-Image-2023-07-07-at-11.20.37-2-768x512.jpeg 768w, https:\/\/www.hoteldelreyfoz.com\/wp-content\/uploads\/2023\/07\/WhatsApp-Image-2023-07-07-at-11.20.37-2-1536x1023.jpeg 1536w\" sizes=\"(max-width: 1600px) 100vw, 1600px\" \/><\/p>\n<div id=\"ez-toc-container\" class=\"ez-toc-v2_0_76 counter-flat ez-toc-counter ez-toc-custom ez-toc-container-direction\">\n<div class=\"ez-toc-title-container\"><p class=\"ez-toc-title\" style=\"cursor:inherit\">Confira no artigo:<\/p>\n<\/div><nav><ul class='ez-toc-list ez-toc-list-level-1' ><li class='ez-toc-page-1'><a class=\"ez-toc-link ez-toc-heading-1\" href=\"https:\/\/www.hoteldelreyfoz.com\/pt_br\/blog\/amanhecer-nas-cataratas\/#Amanhecer-nas-Cataratas-%E2%80%93-Uma-Experiencia-Singular\" >Amanhecer nas Cataratas &#8211; Uma Experi\u00eancia Singular<\/a><\/li><li class='ez-toc-page-1'><a class=\"ez-toc-link ez-toc-heading-2\" href=\"https:\/\/www.hoteldelreyfoz.com\/pt_br\/blog\/amanhecer-nas-cataratas\/#Cafe-da-Manha-Especial-no-Restaurante-Porto-Canoas\" >Caf\u00e9 da Manh\u00e3 Especial no Restaurante Porto Canoas<\/a><\/li><li class='ez-toc-page-1'><a class=\"ez-toc-link ez-toc-heading-3\" href=\"https:\/\/www.hoteldelreyfoz.com\/pt_br\/blog\/amanhecer-nas-cataratas\/#Como-Adquirir-o-Passeio\" >Como Adquirir o Passeio<\/a><\/li><li class='ez-toc-page-1'><a class=\"ez-toc-link ez-toc-heading-4\" href=\"https:\/\/www.hoteldelreyfoz.com\/pt_br\/blog\/amanhecer-nas-cataratas\/#Curiosidades-das-Cataratas-do-Iguacu\" >Curiosidades das Cataratas do Igua\u00e7u<\/a><\/li><li class='ez-toc-page-1'><a class=\"ez-toc-link ez-toc-heading-5\" href=\"https:\/\/www.hoteldelreyfoz.com\/pt_br\/blog\/amanhecer-nas-cataratas\/#Venha-Viajar-para-Foz-do-Iguacu\" >Venha Viajar para Foz do Igua\u00e7u<\/a><\/li><li class='ez-toc-page-1'><a class=\"ez-toc-link ez-toc-heading-6\" href=\"https:\/\/www.hoteldelreyfoz.com\/pt_br\/blog\/amanhecer-nas-cataratas\/#Triplice-Fronteira\" >Tr\u00edplice Fronteira<\/a><\/li><li class='ez-toc-page-1'><a class=\"ez-toc-link ez-toc-heading-7\" href=\"https:\/\/www.hoteldelreyfoz.com\/pt_br\/blog\/amanhecer-nas-cataratas\/#Hospede-se-no-Del-Rey-Quality-Hotel\" >Hospede-se no Del Rey Quality Hotel<\/a><\/li><\/ul><\/nav><\/div>\n<h2><span class=\"ez-toc-section\" id=\"Amanhecer-nas-Cataratas-%E2%80%93-Uma-Experiencia-Singular\"><\/span><span style=\"font-weight: 400;\">Amanhecer nas Cataratas &#8211; Uma Experi\u00eancia Singular<\/span><span class=\"ez-toc-section-end\"><\/span><\/h2>\n<p><span style=\"font-weight: 400;\">O passeio &#8220;Amanhecer nas Cataratas&#8221; \u00e9 uma oportunidade incompar\u00e1vel para os visitantes testemunharem a magia do nascer do sol nas Cataratas do Igua\u00e7u antes da abertura do parque para o p\u00fablico em geral. Essa aventura come\u00e7a cedo, por volta das 6h da manh\u00e3, permitindo que os participantes caminhem pelas trilhas do Parque Nacional do Igua\u00e7u com os primeiros raios de luz. A experi\u00eancia imersiva proporciona uma conex\u00e3o \u00fanica com a natureza, envolvendo os visitantes nos sons matinais do Patrim\u00f4nio Mundial Natural.<\/span><\/p>\n<p><span style=\"font-weight: 400;\">Enquanto caminham, os visitantes podem apreciar a beleza da flora e fauna do parque, que inclui uma variedade de \u00e1rvores, plantas e animais nativos. Eles tamb\u00e9m podem ouvir o canto dos p\u00e1ssaros e o som da \u00e1gua corrente, criando uma atmosfera de paz e tranquilidade.<\/span><\/p>\n<p>Ao final da trilha, uma vista deslumbrante das Cataratas do Igua\u00e7u presenteia os visitantes. As quedas s\u00e3o simplesmente espetaculares, e a vis\u00e3o se torna ainda mais impressionante ao nascer do sol. A for\u00e7a e a beleza das cataratas podem surpreender os visitantes, e \u00e9 f\u00e1cil entender por que elas s\u00e3o consideradas uma das maravilhas do mundo.<\/p>\n<h2><span class=\"ez-toc-section\" id=\"Cafe-da-Manha-Especial-no-Restaurante-Porto-Canoas\"><\/span><span style=\"font-weight: 400;\">Caf\u00e9 da Manh\u00e3 Especial no Restaurante Porto Canoas<\/span><span class=\"ez-toc-section-end\"><\/span><\/h2>\n<p><span style=\"font-weight: 400;\">A celebra\u00e7\u00e3o do passeio &#8220;Amanhecer nas Cataratas&#8221; culmina com um caf\u00e9 da manh\u00e3 especial no Restaurante Porto Canoas, localizado no cora\u00e7\u00e3o das Cataratas. Enquanto apreciam a vista deslumbrante das quedas e as cores vibrantes da aurora, os visitantes t\u00eam a oportunidade de desfrutar de uma deliciosa refei\u00e7\u00e3o matinal. Esse momento proporciona uma experi\u00eancia verdadeiramente inesquec\u00edvel no Patrim\u00f4nio Mundial Natural.<\/span><\/p>\n<p><span style=\"font-weight: 400;\">O caf\u00e9 da manh\u00e3 \u00e9 servido em um ambiente agrad\u00e1vel, com vista para as Cataratas do Igua\u00e7u. \u00c9 uma \u00f3tima maneira de come\u00e7ar o dia e desfrutar da beleza natural desse lugar incr\u00edvel.<\/span><\/p>\n<p><img decoding=\"async\" loading=\"lazy\" class=\"alignnone size-full wp-image-21747\" src=\"https:\/\/www.hoteldelreyfoz.com\/wp-content\/uploads\/2023\/07\/WhatsApp-Image-2023-07-07-at-11.20.37-3.jpeg\" alt=\"\" width=\"1600\" height=\"1066\" srcset=\"https:\/\/www.hoteldelreyfoz.com\/wp-content\/uploads\/2023\/07\/WhatsApp-Image-2023-07-07-at-11.20.37-3.jpeg 1600w, https:\/\/www.hoteldelreyfoz.com\/wp-content\/uploads\/2023\/07\/WhatsApp-Image-2023-07-07-at-11.20.37-3-300x200.jpeg 300w, https:\/\/www.hoteldelreyfoz.com\/wp-content\/uploads\/2023\/07\/WhatsApp-Image-2023-07-07-at-11.20.37-3-1024x682.jpeg 1024w, https:\/\/www.hoteldelreyfoz.com\/wp-content\/uploads\/2023\/07\/WhatsApp-Image-2023-07-07-at-11.20.37-3-768x512.jpeg 768w, https:\/\/www.hoteldelreyfoz.com\/wp-content\/uploads\/2023\/07\/WhatsApp-Image-2023-07-07-at-11.20.37-3-1536x1023.jpeg 1536w\" sizes=\"(max-width: 1600px) 100vw, 1600px\" \/><\/p>\n<h2><span class=\"ez-toc-section\" id=\"Como-Adquirir-o-Passeio\"><\/span><span style=\"font-weight: 400;\">Como Adquirir o Passeio<\/span><span class=\"ez-toc-section-end\"><\/span><\/h2>\n<p><span style=\"font-weight: 400;\">Para vivenciar essa experi\u00eancia \u00fanica, os interessados em participar do passeio &#8220;Amanhecer nas Cataratas&#8221; podem adquirir os ingressos exclusivamente por meio das ag\u00eancias de turismo credenciadas em Foz do Igua\u00e7u. Das 6h \u00e0s 8h da manh\u00e3, os ve\u00edculos de turismo cadastrados na unidade de conserva\u00e7\u00e3o realizam o acesso ao parque. Os visitantes s\u00e3o acompanhados por guias de turismo locais, garantindo uma experi\u00eancia segura e enriquecedora.<\/span><\/p>\n<h2><span class=\"ez-toc-section\" id=\"Curiosidades-das-Cataratas-do-Iguacu\"><\/span><span style=\"font-weight: 400;\">Curiosidades das Cataratas do Igua\u00e7u<\/span><span class=\"ez-toc-section-end\"><\/span><\/h2>\n<p>As Cataratas do Igua\u00e7u s\u00e3o consideradas uma das sete maravilhas naturais do mundo e um dos pontos tur\u00edsticos mais conhecidos do Brasil. Elas est\u00e3o localizadas na fronteira entre o Brasil, a Argentina e o Paraguai e o rio Igua\u00e7u \u00e9 respons\u00e1vel por sua forma\u00e7\u00e3o. As cataratas s\u00e3o compostas por cerca de 275 quedas d&#8217;\u00e1gua e se estendem por mais de 2,7 km. O ponto mais alto das cataratas \u00e9 a Garganta do Diabo, com 82 m de altura e 150 m de largura.<\/p>\n<p><span style=\"font-weight: 400;\">As Cataratas do Igua\u00e7u s\u00e3o um importante destino tur\u00edstico e atraem milh\u00f5es de visitantes todos os anos. Os visitantes podem admirar as cataratas de perto, atrav\u00e9s de uma s\u00e9rie de trilhas e passarelas. Tamb\u00e9m \u00e9 poss\u00edvel fazer passeios de barco at\u00e9 a Garganta do Diabo.<\/span><\/p>\n<p><span style=\"font-weight: 400;\">Por fim, as magn\u00edficas Cataratas s\u00e3o um verdadeiro espet\u00e1culo natural e s\u00e3o um dos lugares mais bonitos do mundo. Elas s\u00e3o um s\u00edmbolo da beleza e da for\u00e7a da natureza e s\u00e3o um destino imperd\u00edvel para todos os amantes da natureza.<\/span><\/p>\n<p><img decoding=\"async\" loading=\"lazy\" class=\"alignnone size-full wp-image-21748\" src=\"https:\/\/www.hoteldelreyfoz.com\/wp-content\/uploads\/2023\/07\/WhatsApp-Image-2023-07-07-at-11.20.36-1.jpeg\" alt=\"\" width=\"1600\" height=\"1067\" srcset=\"https:\/\/www.hoteldelreyfoz.com\/wp-content\/uploads\/2023\/07\/WhatsApp-Image-2023-07-07-at-11.20.36-1.jpeg 1600w, https:\/\/www.hoteldelreyfoz.com\/wp-content\/uploads\/2023\/07\/WhatsApp-Image-2023-07-07-at-11.20.36-1-300x200.jpeg 300w, https:\/\/www.hoteldelreyfoz.com\/wp-content\/uploads\/2023\/07\/WhatsApp-Image-2023-07-07-at-11.20.36-1-1024x683.jpeg 1024w, https:\/\/www.hoteldelreyfoz.com\/wp-content\/uploads\/2023\/07\/WhatsApp-Image-2023-07-07-at-11.20.36-1-768x512.jpeg 768w, https:\/\/www.hoteldelreyfoz.com\/wp-content\/uploads\/2023\/07\/WhatsApp-Image-2023-07-07-at-11.20.36-1-1536x1024.jpeg 1536w\" sizes=\"(max-width: 1600px) 100vw, 1600px\" \/><\/p>\n<h2><span class=\"ez-toc-section\" id=\"Venha-Viajar-para-Foz-do-Iguacu\"><\/span><span style=\"font-weight: 400;\">Venha Viajar para Foz do Igua\u00e7u<\/span><span class=\"ez-toc-section-end\"><\/span><\/h2>\n<p><span style=\"font-weight: 400;\">Foz do Igua\u00e7u \u00e9 uma cidade tur\u00edstica que oferece uma variedade de atra\u00e7\u00f5es para todos os gostos. Al\u00e9m das Cataratas do Igua\u00e7u, a cidade tamb\u00e9m abriga o Parque das Aves, a Usina Hidrel\u00e9trica de Itaipu, a roda gigante UpStar, o Marco das Tr\u00eas Fronteiras e a possibilidade de conhecer outros dois pa\u00edses em uma s\u00f3 viagem.<\/span><\/p>\n<p><span style=\"font-weight: 400;\">O Parque das Aves \u00e9 um santu\u00e1rio de aves que abriga mais de 1.300 aves de todo o mundo. Os visitantes podem fazer um tour pelo parque e conhecer de perto as aves, al\u00e9m de aprender sobre a import\u00e2ncia da preserva\u00e7\u00e3o da biodiversidade.<\/span><\/p>\n<p><span style=\"font-weight: 400;\">A Usina Hidrel\u00e9trica de Itaipu \u00e9 a maior usina hidrel\u00e9trica do mundo em produ\u00e7\u00e3o de energia. Os visitantes podem fazer um tour pela usina e conhecer seu funcionamento, al\u00e9m de aprender sobre a import\u00e2ncia da energia hidrel\u00e9trica para o desenvolvimento sustent\u00e1vel.<\/span><\/p>\n<p><span style=\"font-weight: 400;\">A roda gigante UpStar \u00e9 uma roda gigante de 60 metros de altura que oferece uma vista panor\u00e2mica da cidade de Foz do Igua\u00e7u. Os visitantes podem fazer um passeio de roda gigante e apreciar a beleza da cidade de um \u00e2ngulo diferente.<\/span><\/p>\n<p><span style=\"font-weight: 400;\">O Marco das Tr\u00eas Fronteiras \u00e9 um monumento que marca a fronteira entre o Brasil, a Argentina e o Paraguai. Os visitantes podem fazer um tour pelo Marco das Tr\u00eas Fronteiras e conhecer a hist\u00f3ria da regi\u00e3o.<\/span><\/p>\n<h2><span class=\"ez-toc-section\" id=\"Triplice-Fronteira\"><\/span><span style=\"font-weight: 400;\">Tr\u00edplice Fronteira<\/span><span class=\"ez-toc-section-end\"><\/span><\/h2>\n<p><span style=\"font-weight: 400;\">Foz do Igua\u00e7u tamb\u00e9m oferece a possibilidade de conhecer outros dois pa\u00edses em uma s\u00f3 viagem. A cidade est\u00e1 localizada na tr\u00edplice fronteira entre o Brasil, a Argentina e o Paraguai. Os visitantes podem fazer um passeio de barco para a Argentina ou para o Paraguai e conhecer as cidades de Puerto Iguazu e Ciudad del Este, respectivamente.<\/span><\/p>\n<p><span style=\"font-weight: 400;\">Al\u00e9m das atra\u00e7\u00f5es tur\u00edsticas, Foz do Igua\u00e7u tamb\u00e9m oferece uma variedade de op\u00e7\u00f5es de compras. Os visitantes podem encontrar produtos de todos os tipos a pre\u00e7os acess\u00edveis, principalmente no Paraguai. Os vinhos argentinos tamb\u00e9m s\u00e3o muito populares entre os turistas.<\/span><\/p>\n<p><span style=\"font-weight: 400;\">Foz do Igua\u00e7u \u00e9 uma cidade tur\u00edstica que oferece uma variedade de atra\u00e7\u00f5es para todos os gostos. Com suas belezas naturais, sua hist\u00f3ria e sua cultura, Foz do Igua\u00e7u \u00e9 um destino perfeito para quem busca uma viagem inesquec\u00edvel.<\/span><\/p>\n<h2><span class=\"ez-toc-section\" id=\"Hospede-se-no-Del-Rey-Quality-Hotel\"><\/span><span style=\"font-weight: 400;\">Hospede-se no Del Rey Quality Hotel<\/span><span class=\"ez-toc-section-end\"><\/span><\/h2>\n<p>Se voc\u00ea est\u00e1 procurando um lugar para ficar em Foz do Igua\u00e7u, a escolha perfeita \u00e9 o Del Rey Quality Hotel. O TripAdvisor premiou o hotel em 2023 como um dos melhores do mundo, e ele oferece uma variedade de comodidades que tornar\u00e3o sua estadia inesquec\u00edvel.<\/p>\n<p><span style=\"font-weight: 400;\">O hotel est\u00e1 localizado no <a href=\"https:\/\/www.hoteldelreyfoz.com\/pt_br\/blog\/o-que-fazer-no-centro-de-foz-do-iguacu\/\" target=\"_blank\" rel=\"noopener\">centro de Foz do Igua\u00e7u<\/a>, pr\u00f3ximo \u00e0s principais atra\u00e7\u00f5es, como as Cataratas do Igua\u00e7u, a Usina Hidrel\u00e9trica de Itaipu e o Marco das Tr\u00eas Fronteiras. O hotel tamb\u00e9m est\u00e1 localizado perto da fronteira com a Argentina e o Paraguai, o que o torna o lugar perfeito para explorar a regi\u00e3o.<\/span><\/p>\n<p><img decoding=\"async\" loading=\"lazy\" class=\"alignnone size-full wp-image-11622\" src=\"https:\/\/www.hoteldelreyfoz.com\/wp-content\/uploads\/2019\/10\/Fachada-atual-do-Del-Rey-Quality-Hotel.jpg\" alt=\"Fachada do Del Rey Quality Hotel em Foz do Igua\u00e7u - PR\" width=\"1600\" height=\"1138\" srcset=\"https:\/\/www.hoteldelreyfoz.com\/wp-content\/uploads\/2019\/10\/Fachada-atual-do-Del-Rey-Quality-Hotel.jpg 1600w, https:\/\/www.hoteldelreyfoz.com\/wp-content\/uploads\/2019\/10\/Fachada-atual-do-Del-Rey-Quality-Hotel-300x213.jpg 300w, https:\/\/www.hoteldelreyfoz.com\/wp-content\/uploads\/2019\/10\/Fachada-atual-do-Del-Rey-Quality-Hotel-1024x728.jpg 1024w, https:\/\/www.hoteldelreyfoz.com\/wp-content\/uploads\/2019\/10\/Fachada-atual-do-Del-Rey-Quality-Hotel-768x546.jpg 768w, https:\/\/www.hoteldelreyfoz.com\/wp-content\/uploads\/2019\/10\/Fachada-atual-do-Del-Rey-Quality-Hotel-1536x1092.jpg 1536w\" sizes=\"(max-width: 1600px) 100vw, 1600px\" \/><\/p>\n<p><span style=\"font-weight: 400;\">O Del Rey Quality Hotel oferece caf\u00e9 da manh\u00e3 completo, piscina aquecida no terra\u00e7o e um excelente atendimento. O hotel tamb\u00e9m oferece uma variedade de quartos e suites para atender a todos os or\u00e7amentos.<\/span><\/p>\n<p><span style=\"font-weight: 400;\">Aproveite o novo passeio &#8220;Amanhecer nas Cataratas&#8221; e se hospede-se no Del Rey Quality Hotel. Voc\u00ea n\u00e3o vai se arrepender!<\/span><\/p>",
        "protected": false
    },
    "excerpt": {
        "rendered": "<p>Foz do Igua\u00e7u \u00e9 um destino tur\u00edstico mundialmente conhecido, e agora h\u00e1 uma nova atra\u00e7\u00e3o que far\u00e1 sua viagem ainda mais inesquec\u00edvel: o passeio &#8220;Amanhecer nas Cataratas&#8221;. Esse passeio exclusivo oferece aos visitantes a oportunidade de testemunhar a magia do nascer do sol nas Cataratas do Igua\u00e7u, antes da abertura do parque para o p\u00fablico [&hellip;]<\/p>",
        "protected": false
    },
    "author": 1,
    "featured_media": 21746,
    "comment_status": "closed",
    "ping_status": "closed",
    "sticky": false,
    "template": "",
    "format": "standard",
    "meta": {
        "footnotes": ""
    },
    "categories": [
        365
    ],
    "tags": [],
    "yoast_head": "<!-- This site is optimized with the Yoast SEO plugin v20.12 - https:\/\/yoast.com\/wordpress\/plugins\/seo\/ -->\n<title>Nova Atra\u00e7\u00e3o em Foz do Igua\u00e7u: Amanhecer nas Cataratas - Del Rey Quality Hotel<\/title>\n<meta name=\"description\" content=\"Foz do Igua\u00e7u \u00e9 um destino tur\u00edstico mundialmente conhecido, e agora h\u00e1 uma nova atra\u00e7\u00e3o, o passeio &quot;Amanhecer nas Cataratas&quot;.\" \/>\n<meta name=\"robots\" content=\"index, follow, max-snippet:-1, max-image-preview:large, max-video-preview:-1\" \/>\n<link rel=\"canonical\" href=\"https:\/\/www.hoteldelreyfoz.com\/pt_br\/blog\/sunrise-over-the-falls\/\" \/>\n<meta property=\"og:locale\" content=\"pt_BR\" \/>\n<meta property=\"og:type\" content=\"article\" \/>\n<meta property=\"og:title\" content=\"Nova Atra\u00e7\u00e3o em Foz do Igua\u00e7u: Amanhecer nas Cataratas - Del Rey Quality Hotel\" \/>\n<meta property=\"og:description\" content=\"Foz do Igua\u00e7u \u00e9 um destino tur\u00edstico mundialmente conhecido, e agora h\u00e1 uma nova atra\u00e7\u00e3o, o passeio &quot;Amanhecer nas Cataratas&quot;.\" \/>\n<meta property=\"og:url\" content=\"https:\/\/www.hoteldelreyfoz.com\/pt_br\/blog\/sunrise-over-the-falls\/\" \/>\n<meta property=\"og:site_name\" content=\"Del Rey Quality Hotel\" \/>\n<meta property=\"article:publisher\" content=\"https:\/\/www.facebook.com\/delreyfozhotel\" \/>\n<meta property=\"article:published_time\" content=\"2023-07-20T13:20:27+00:00\" \/>\n<meta property=\"article:modified_time\" content=\"2023-07-27T13:36:57+00:00\" \/>\n<meta property=\"og:image\" content=\"https:\/\/www.hoteldelreyfoz.com\/wp-content\/uploads\/2023\/07\/WhatsApp-Image-2023-07-07-at-11.20.37-2.jpeg\" \/>\n\t<meta property=\"og:image:width\" content=\"1600\" \/>\n\t<meta property=\"og:image:height\" content=\"1066\" \/>\n\t<meta property=\"og:image:type\" content=\"image\/jpeg\" \/>\n<meta name=\"author\" content=\"c3dwebadmin\" \/>\n<meta name=\"twitter:card\" content=\"summary_large_image\" \/>\n<meta name=\"twitter:label1\" content=\"Escrito por\" \/>\n\t<meta name=\"twitter:data1\" content=\"\" \/>\n\t<meta name=\"twitter:label2\" content=\"Est. tempo de leitura\" \/>\n\t<meta name=\"twitter:data2\" content=\"8 minutos\" \/>\n<script type=\"application\/ld+json\" class=\"yoast-schema-graph\">{\"@context\":\"https:\/\/schema.org\",\"@graph\":[{\"@type\":\"Article\",\"@id\":\"https:\/\/www.hoteldelreyfoz.com\/blog\/sunrise-over-the-falls\/#article\",\"isPartOf\":{\"@id\":\"https:\/\/www.hoteldelreyfoz.com\/blog\/sunrise-over-the-falls\/\"},\"author\":{\"name\":\"c3dwebadmin\",\"@id\":\"https:\/\/www.hoteldelreyfoz.com\/#\/schema\/person\/2773cc4553fc7dd09ac645b4d7499c90\"},\"headline\":\"Nova Atra\u00e7\u00e3o em Foz do Igua\u00e7u: Amanhecer nas Cataratas\",\"datePublished\":\"2023-07-20T13:20:27+00:00\",\"dateModified\":\"2023-07-27T13:36:57+00:00\",\"mainEntityOfPage\":{\"@id\":\"https:\/\/www.hoteldelreyfoz.com\/blog\/sunrise-over-the-falls\/\"},\"wordCount\":1340,\"publisher\":{\"@id\":\"https:\/\/www.hoteldelreyfoz.com\/#organization\"},\"articleSection\":[\"Cataratas do Igua\u00e7u\"],\"inLanguage\":\"pt-BR\"},{\"@type\":\"WebPage\",\"@id\":\"https:\/\/www.hoteldelreyfoz.com\/blog\/sunrise-over-the-falls\/\",\"url\":\"https:\/\/www.hoteldelreyfoz.com\/blog\/sunrise-over-the-falls\/\",\"name\":\"Nova Atra\u00e7\u00e3o em Foz do Igua\u00e7u: Amanhecer nas Cataratas - Del Rey Quality Hotel\",\"isPartOf\":{\"@id\":\"https:\/\/www.hoteldelreyfoz.com\/#website\"},\"datePublished\":\"2023-07-20T13:20:27+00:00\",\"dateModified\":\"2023-07-27T13:36:57+00:00\",\"description\":\"Foz do Igua\u00e7u \u00e9 um destino tur\u00edstico mundialmente conhecido, e agora h\u00e1 uma nova atra\u00e7\u00e3o, o passeio \\\"Amanhecer nas Cataratas\\\".\",\"breadcrumb\":{\"@id\":\"https:\/\/www.hoteldelreyfoz.com\/blog\/sunrise-over-the-falls\/#breadcrumb\"},\"inLanguage\":\"pt-BR\",\"potentialAction\":[{\"@type\":\"ReadAction\",\"target\":[\"https:\/\/www.hoteldelreyfoz.com\/blog\/sunrise-over-the-falls\/\"]}]},{\"@type\":\"BreadcrumbList\",\"@id\":\"https:\/\/www.hoteldelreyfoz.com\/blog\/sunrise-over-the-falls\/#breadcrumb\",\"itemListElement\":[{\"@type\":\"ListItem\",\"position\":1,\"name\":\"In\u00edcio\",\"item\":\"https:\/\/www.hoteldelreyfoz.com\/en\/\"},{\"@type\":\"ListItem\",\"position\":2,\"name\":\"Nova Atra\u00e7\u00e3o em Foz do Igua\u00e7u: Amanhecer nas Cataratas\"}]},{\"@type\":\"WebSite\",\"@id\":\"https:\/\/www.hoteldelreyfoz.com\/#website\",\"url\":\"https:\/\/www.hoteldelreyfoz.com\/\",\"name\":\"Del Rey Quality Hotel\",\"description\":\"Hotel em Foz do Igua\u00e7u com pre\u00e7os acess\u00edveis, quartos amplos e localiza\u00e7\u00e3o no Centro, perto de tudo. Reserve pelo nosso site com desconto!\",\"publisher\":{\"@id\":\"https:\/\/www.hoteldelreyfoz.com\/#organization\"},\"potentialAction\":[{\"@type\":\"SearchAction\",\"target\":{\"@type\":\"EntryPoint\",\"urlTemplate\":\"https:\/\/www.hoteldelreyfoz.com\/?s={search_term_string}\"},\"query-input\":\"required name=search_term_string\"}],\"inLanguage\":\"pt-BR\"},{\"@type\":\"Organization\",\"@id\":\"https:\/\/www.hoteldelreyfoz.com\/#organization\",\"name\":\"Del Rey Quality Hotel\",\"url\":\"https:\/\/www.hoteldelreyfoz.com\/\",\"logo\":{\"@type\":\"ImageObject\",\"inLanguage\":\"pt-BR\",\"@id\":\"https:\/\/www.hoteldelreyfoz.com\/#\/schema\/logo\/image\/\",\"url\":\"https:\/\/www.hoteldelreyfoz.com.br\/wp-content\/uploads\/2021\/09\/delrey.png\",\"contentUrl\":\"https:\/\/www.hoteldelreyfoz.com.br\/wp-content\/uploads\/2021\/09\/delrey.png\",\"width\":225,\"height\":224,\"caption\":\"Del Rey Quality Hotel\"},\"image\":{\"@id\":\"https:\/\/www.hoteldelreyfoz.com\/#\/schema\/logo\/image\/\"},\"sameAs\":[\"https:\/\/www.facebook.com\/delreyfozhotel\",\"https:\/\/www.instagram.com\/delreyfoz\/\",\"https:\/\/www.youtube.com\/channel\/UCSBntO46TaFRFMvuxjJBS_w\"]},{\"@type\":\"Person\",\"@id\":\"https:\/\/www.hoteldelreyfoz.com\/#\/schema\/person\/2773cc4553fc7dd09ac645b4d7499c90\",\"name\":\"c3dwebadmin\",\"sameAs\":[\"https:\/\/www.hoteldelreyfoz.com.br\"]}]}<\/script>\n<!-- \/ Yoast SEO plugin. -->",
    "yoast_head_json": {
        "title": "Nova Atra\u00e7\u00e3o em Foz do Igua\u00e7u: Amanhecer nas Cataratas - Del Rey Quality Hotel",
        "description": "Foz do Igua\u00e7u \u00e9 um destino tur\u00edstico mundialmente conhecido, e agora h\u00e1 uma nova atra\u00e7\u00e3o, o passeio \"Amanhecer nas Cataratas\".",
        "robots": {
            "index": "index",
            "follow": "follow",
            "max-snippet": "max-snippet:-1",
            "max-image-preview": "max-image-preview:large",
            "max-video-preview": "max-video-preview:-1"
        },
        "canonical": "https:\/\/www.hoteldelreyfoz.com\/pt_br\/blog\/sunrise-over-the-falls\/",
        "og_locale": "pt_BR",
        "og_type": "article",
        "og_title": "Nova Atra\u00e7\u00e3o em Foz do Igua\u00e7u: Amanhecer nas Cataratas - Del Rey Quality Hotel",
        "og_description": "Foz do Igua\u00e7u \u00e9 um destino tur\u00edstico mundialmente conhecido, e agora h\u00e1 uma nova atra\u00e7\u00e3o, o passeio \"Amanhecer nas Cataratas\".",
        "og_url": "https:\/\/www.hoteldelreyfoz.com\/pt_br\/blog\/sunrise-over-the-falls\/",
        "og_site_name": "Del Rey Quality Hotel",
        "article_publisher": "https:\/\/www.facebook.com\/delreyfozhotel",
        "article_published_time": "2023-07-20T13:20:27+00:00",
        "article_modified_time": "2023-07-27T13:36:57+00:00",
        "og_image": [
            {
                "width": 1600,
                "height": 1066,
                "url": "https:\/\/www.hoteldelreyfoz.com\/wp-content\/uploads\/2023\/07\/WhatsApp-Image-2023-07-07-at-11.20.37-2.jpeg",
                "type": "image\/jpeg"
            }
        ],
        "author": "c3dwebadmin",
        "twitter_card": "summary_large_image",
        "twitter_misc": {
            "Escrito por": false,
            "Est. tempo de leitura": "8 minutos"
        },
        "schema": {
            "@context": "https:\/\/schema.org",
            "@graph": [
                {
                    "@type": "Article",
                    "@id": "https:\/\/www.hoteldelreyfoz.com\/blog\/sunrise-over-the-falls\/#article",
                    "isPartOf": {
                        "@id": "https:\/\/www.hoteldelreyfoz.com\/blog\/sunrise-over-the-falls\/"
                    },
                    "author": {
                        "name": "c3dwebadmin",
                        "@id": "https:\/\/www.hoteldelreyfoz.com\/#\/schema\/person\/2773cc4553fc7dd09ac645b4d7499c90"
                    },
                    "headline": "Nova Atra\u00e7\u00e3o em Foz do Igua\u00e7u: Amanhecer nas Cataratas",
                    "datePublished": "2023-07-20T13:20:27+00:00",
                    "dateModified": "2023-07-27T13:36:57+00:00",
                    "mainEntityOfPage": {
                        "@id": "https:\/\/www.hoteldelreyfoz.com\/blog\/sunrise-over-the-falls\/"
                    },
                    "wordCount": 1340,
                    "publisher": {
                        "@id": "https:\/\/www.hoteldelreyfoz.com\/#organization"
                    },
                    "articleSection": [
                        "Cataratas do Igua\u00e7u"
                    ],
                    "inLanguage": "pt-BR"
                },
                {
                    "@type": "WebPage",
                    "@id": "https:\/\/www.hoteldelreyfoz.com\/blog\/sunrise-over-the-falls\/",
                    "url": "https:\/\/www.hoteldelreyfoz.com\/blog\/sunrise-over-the-falls\/",
                    "name": "Nova Atra\u00e7\u00e3o em Foz do Igua\u00e7u: Amanhecer nas Cataratas - Del Rey Quality Hotel",
                    "isPartOf": {
                        "@id": "https:\/\/www.hoteldelreyfoz.com\/#website"
                    },
                    "datePublished": "2023-07-20T13:20:27+00:00",
                    "dateModified": "2023-07-27T13:36:57+00:00",
                    "description": "Foz do Igua\u00e7u \u00e9 um destino tur\u00edstico mundialmente conhecido, e agora h\u00e1 uma nova atra\u00e7\u00e3o, o passeio \"Amanhecer nas Cataratas\".",
                    "breadcrumb": {
                        "@id": "https:\/\/www.hoteldelreyfoz.com\/blog\/sunrise-over-the-falls\/#breadcrumb"
                    },
                    "inLanguage": "pt-BR",
                    "potentialAction": [
                        {
                            "@type": "ReadAction",
                            "target": [
                                "https:\/\/www.hoteldelreyfoz.com\/blog\/sunrise-over-the-falls\/"
                            ]
                        }
                    ]
                },
                {
                    "@type": "BreadcrumbList",
                    "@id": "https:\/\/www.hoteldelreyfoz.com\/blog\/sunrise-over-the-falls\/#breadcrumb",
                    "itemListElement": [
                        {
                            "@type": "ListItem",
                            "position": 1,
                            "name": "In\u00edcio",
                            "item": "https:\/\/www.hoteldelreyfoz.com\/en\/"
                        },
                        {
                            "@type": "ListItem",
                            "position": 2,
                            "name": "Nova Atra\u00e7\u00e3o em Foz do Igua\u00e7u: Amanhecer nas Cataratas"
                        }
                    ]
                },
                {
                    "@type": "WebSite",
                    "@id": "https:\/\/www.hoteldelreyfoz.com\/#website",
                    "url": "https:\/\/www.hoteldelreyfoz.com\/",
                    "name": "Del Rey Quality Hotel",
                    "description": "Hotel em Foz do Igua\u00e7u com pre\u00e7os acess\u00edveis, quartos amplos e localiza\u00e7\u00e3o no Centro, perto de tudo. Reserve pelo nosso site com desconto!",
                    "publisher": {
                        "@id": "https:\/\/www.hoteldelreyfoz.com\/#organization"
                    },
                    "potentialAction": [
                        {
                            "@type": "SearchAction",
                            "target": {
                                "@type": "EntryPoint",
                                "urlTemplate": "https:\/\/www.hoteldelreyfoz.com\/?s={search_term_string}"
                            },
                            "query-input": "required name=search_term_string"
                        }
                    ],
                    "inLanguage": "pt-BR"
                },
                {
                    "@type": "Organization",
                    "@id": "https:\/\/www.hoteldelreyfoz.com\/#organization",
                    "name": "Del Rey Quality Hotel",
                    "url": "https:\/\/www.hoteldelreyfoz.com\/",
                    "logo": {
                        "@type": "ImageObject",
                        "inLanguage": "pt-BR",
                        "@id": "https:\/\/www.hoteldelreyfoz.com\/#\/schema\/logo\/image\/",
                        "url": "https:\/\/www.hoteldelreyfoz.com.br\/wp-content\/uploads\/2021\/09\/delrey.png",
                        "contentUrl": "https:\/\/www.hoteldelreyfoz.com.br\/wp-content\/uploads\/2021\/09\/delrey.png",
                        "width": 225,
                        "height": 224,
                        "caption": "Del Rey Quality Hotel"
                    },
                    "image": {
                        "@id": "https:\/\/www.hoteldelreyfoz.com\/#\/schema\/logo\/image\/"
                    },
                    "sameAs": [
                        "https:\/\/www.facebook.com\/delreyfozhotel",
                        "https:\/\/www.instagram.com\/delreyfoz\/",
                        "https:\/\/www.youtube.com\/channel\/UCSBntO46TaFRFMvuxjJBS_w"
                    ]
                },
                {
                    "@type": "Person",
                    "@id": "https:\/\/www.hoteldelreyfoz.com\/#\/schema\/person\/2773cc4553fc7dd09ac645b4d7499c90",
                    "name": "c3dwebadmin",
                    "sameAs": [
                        "https:\/\/www.hoteldelreyfoz.com.br"
                    ]
                }
            ]
        }
    },
    "_links": {
        "self": [
            {
                "href": "https:\/\/www.hoteldelreyfoz.com\/pt_br\/wp-json\/wp\/v2\/posts\/21745"
            }
        ],
        "collection": [
            {
                "href": "https:\/\/www.hoteldelreyfoz.com\/pt_br\/wp-json\/wp\/v2\/posts"
            }
        ],
        "about": [
            {
                "href": "https:\/\/www.hoteldelreyfoz.com\/pt_br\/wp-json\/wp\/v2\/types\/post"
            }
        ],
        "author": [
            {
                "embeddable": true,
                "href": "https:\/\/www.hoteldelreyfoz.com\/pt_br\/wp-json\/wp\/v2\/users\/1"
            }
        ],
        "replies": [
            {
                "embeddable": true,
                "href": "https:\/\/www.hoteldelreyfoz.com\/pt_br\/wp-json\/wp\/v2\/comments?post=21745"
            }
        ],
        "version-history": [
            {
                "count": 1,
                "href": "https:\/\/www.hoteldelreyfoz.com\/pt_br\/wp-json\/wp\/v2\/posts\/21745\/revisions"
            }
        ],
        "predecessor-version": [
            {
                "id": 21749,
                "href": "https:\/\/www.hoteldelreyfoz.com\/pt_br\/wp-json\/wp\/v2\/posts\/21745\/revisions\/21749"
            }
        ],
        "wp:featuredmedia": [
            {
                "embeddable": true,
                "href": "https:\/\/www.hoteldelreyfoz.com\/pt_br\/wp-json\/wp\/v2\/media\/21746"
            }
        ],
        "wp:attachment": [
            {
                "href": "https:\/\/www.hoteldelreyfoz.com\/pt_br\/wp-json\/wp\/v2\/media?parent=21745"
            }
        ],
        "wp:term": [
            {
                "taxonomy": "category",
                "embeddable": true,
                "href": "https:\/\/www.hoteldelreyfoz.com\/pt_br\/wp-json\/wp\/v2\/categories?post=21745"
            },
            {
                "taxonomy": "post_tag",
                "embeddable": true,
                "href": "https:\/\/www.hoteldelreyfoz.com\/pt_br\/wp-json\/wp\/v2\/tags?post=21745"
            }
        ],
        "curies": [
            {
                "name": "wp",
                "href": "https:\/\/api.w.org\/{rel}",
                "templated": true
            }
        ]
    }
}