{
    "id": 20745,
    "date": "2022-08-26T17:56:40",
    "date_gmt": "2022-08-26T20:56:40",
    "guid": {
        "rendered": "https:\/\/www.hoteldelreyfoz.com\/?p=20745"
    },
    "modified": "2023-03-13T15:49:43",
    "modified_gmt": "2023-03-13T18:49:43",
    "slug": "foz-do-iguacu-recebera-museu-internacional-de-arte-em-parceria-com-o-centro-pompidou",
    "status": "publish",
    "type": "post",
    "link": "https:\/\/www.hoteldelreyfoz.com\/pt_br\/blog\/foz-do-iguacu-recebera-museu-internacional-de-arte-em-parceria-com-o-centro-pompidou\/",
    "title": {
        "rendered": "Foz do Igua\u00e7u receber\u00e1 museu internacional de arte em parceria com o Centro Pompidou"
    },
    "content": {
        "rendered": "<p><span style=\"font-weight: 400;\">O Brasil ser\u00e1 o primeiro pa\u00eds da Am\u00e9rica Latina a estabelecer um conv\u00eanio com o Centro Nacional de Arte de Cultura George Pompidou, de Paris, na Fran\u00e7a. Mais especificamente, Foz do Igua\u00e7u que receber\u00e1 museu internacional de arte em parceria com o Centro Pompidou.<\/span><\/p>\n<p><span style=\"font-weight: 400;\">Al\u00e9m disso, o projeto arquitet\u00f4nico do museu ser\u00e1 motivo de um concurso p\u00fablico de projeto em 2023. Ainda n\u00e3o se sabe em qual terreno o museu vai se instalar, mas a \u00e1rea ser\u00e1 de 10 mil m\u00b2.<\/span><\/p>\n<div id=\"ez-toc-container\" class=\"ez-toc-v2_0_76 counter-flat ez-toc-counter ez-toc-custom ez-toc-container-direction\">\n<div class=\"ez-toc-title-container\"><p class=\"ez-toc-title\" style=\"cursor:inherit\">Confira no artigo:<\/p>\n<\/div><nav><ul class='ez-toc-list ez-toc-list-level-1' ><li class='ez-toc-page-1'><a class=\"ez-toc-link ez-toc-heading-1\" href=\"https:\/\/www.hoteldelreyfoz.com\/pt_br\/blog\/foz-do-iguacu-recebera-museu-internacional-de-arte-em-parceria-com-o-centro-pompidou\/#Um-novo-conceito-de-arte-em-Foz-do-Iguacu\" >Um novo conceito de arte em Foz do Igua\u00e7u<\/a><\/li><li class='ez-toc-page-1'><a class=\"ez-toc-link ez-toc-heading-2\" href=\"https:\/\/www.hoteldelreyfoz.com\/pt_br\/blog\/foz-do-iguacu-recebera-museu-internacional-de-arte-em-parceria-com-o-centro-pompidou\/#Importancia-do-Museu\" >Import\u00e2ncia do Museu<\/a><\/li><li class='ez-toc-page-1'><a class=\"ez-toc-link ez-toc-heading-3\" href=\"https:\/\/www.hoteldelreyfoz.com\/pt_br\/blog\/foz-do-iguacu-recebera-museu-internacional-de-arte-em-parceria-com-o-centro-pompidou\/#Sobre-o-Pompidou\" >Sobre o Pompidou\u00a0<\/a><\/li><li class='ez-toc-page-1'><a class=\"ez-toc-link ez-toc-heading-4\" href=\"https:\/\/www.hoteldelreyfoz.com\/pt_br\/blog\/foz-do-iguacu-recebera-museu-internacional-de-arte-em-parceria-com-o-centro-pompidou\/#Um-dos-maiores-museus-europeus-de-arte-moderna\" >Um dos maiores museus europeus de arte moderna<\/a><\/li><li class='ez-toc-page-1'><a class=\"ez-toc-link ez-toc-heading-5\" href=\"https:\/\/www.hoteldelreyfoz.com\/pt_br\/blog\/foz-do-iguacu-recebera-museu-internacional-de-arte-em-parceria-com-o-centro-pompidou\/#Museu-de-Cera-Dreamland\" >Museu de Cera Dreamland\u00a0<\/a><\/li><li class='ez-toc-page-1'><a class=\"ez-toc-link ez-toc-heading-6\" href=\"https:\/\/www.hoteldelreyfoz.com\/pt_br\/blog\/foz-do-iguacu-recebera-museu-internacional-de-arte-em-parceria-com-o-centro-pompidou\/#Cataratas-do-Iguacu\" >Cataratas do Igua\u00e7u<\/a><\/li><li class='ez-toc-page-1'><a class=\"ez-toc-link ez-toc-heading-7\" href=\"https:\/\/www.hoteldelreyfoz.com\/pt_br\/blog\/foz-do-iguacu-recebera-museu-internacional-de-arte-em-parceria-com-o-centro-pompidou\/#Marco-das-Tres-fronteiras\" >Marco das Tr\u00eas fronteiras<\/a><\/li><li class='ez-toc-page-1'><a class=\"ez-toc-link ez-toc-heading-8\" href=\"https:\/\/www.hoteldelreyfoz.com\/pt_br\/blog\/foz-do-iguacu-recebera-museu-internacional-de-arte-em-parceria-com-o-centro-pompidou\/#Parque-das-Aves\" >Parque das Aves<\/a><\/li><\/ul><\/nav><\/div>\n<h2><span class=\"ez-toc-section\" id=\"Um-novo-conceito-de-arte-em-Foz-do-Iguacu\"><\/span><span style=\"font-weight: 400;\">Um novo conceito de arte em Foz do Igua\u00e7u<\/span><span class=\"ez-toc-section-end\"><\/span><\/h2>\n<p><span style=\"font-weight: 400;\">Uma equipe t\u00e9cnica do Centro Pompidou participar\u00e1 de rodadas de discuss\u00f5es com uma equipe paranaense, ainda a ser formada, sobre as necessidades e a conceitualiza\u00e7\u00e3o do espa\u00e7o. Essa fase est\u00e1 prevista para durar dez meses.\u00a0<\/span><\/p>\n<p><span style=\"font-weight: 400;\">Marc Pottier, coordenador internacional do projeto, afirma que \u201cAl\u00e9m do projeto do museu, \u00e9 muito importante esse interc\u00e2mbio. Temos alguns artistas brasileiros expostos na Fran\u00e7a. E esse interc\u00e2mbio vai ser muito importante no futuro.\u201d<\/span><\/p>\n<p><span style=\"font-weight: 400;\">\u201cO Pompidou gosta muito do Brasil e a resposta de Foz do Igua\u00e7u sempre foi muito positiva\u201d, disse, Marc Pottier.<\/span><\/p>\n<p><img decoding=\"async\" loading=\"lazy\" class=\"alignnone wp-image-20746 size-full\" title=\"Foz do Igua\u00e7u receber\u00e1 museu internacional de arte\" src=\"https:\/\/www.hoteldelreyfoz.com\/wp-content\/uploads\/2022\/08\/2-min.jpg\" alt=\"\" width=\"800\" height=\"594\" srcset=\"https:\/\/www.hoteldelreyfoz.com\/wp-content\/uploads\/2022\/08\/2-min.jpg 800w, https:\/\/www.hoteldelreyfoz.com\/wp-content\/uploads\/2022\/08\/2-min-300x223.jpg 300w, https:\/\/www.hoteldelreyfoz.com\/wp-content\/uploads\/2022\/08\/2-min-768x570.jpg 768w\" sizes=\"(max-width: 800px) 100vw, 800px\" \/><\/p>\n<h2><span class=\"ez-toc-section\" id=\"Importancia-do-Museu\"><\/span><span style=\"font-weight: 400;\">Import\u00e2ncia do Museu<\/span><span class=\"ez-toc-section-end\"><\/span><\/h2>\n<p><span style=\"font-weight: 400;\">Para o governador, um museu internacional \u00e9 sempre uma iniciativa de vanguarda. Ele ir\u00e1 fomentar ainda mais o turismo na regi\u00e3o, acrescentando o foco cultural em uma visita intensamente procurada por brasileiros e estrangeiros.<\/span><\/p>\n<p><span style=\"font-weight: 400;\">\u00a0\u201cEstamos h\u00e1 dois anos e meio negociando e conseguimos. Agora assinamos esse acordo, que ser\u00e1 uma transforma\u00e7\u00e3o e uma grande vers\u00e3o do Pompidou na Am\u00e9rica Latina. A cultura ser\u00e1 um indutor do turismo, porque as visita\u00e7\u00f5es de museus movimentam bilh\u00f5es de d\u00f3lares no mundo. \u00c9 a cereja do bolo para Foz do Igua\u00e7u\u201d, comemorou o governador.\u00a0<\/span><\/p>\n<h2><span class=\"ez-toc-section\" id=\"Sobre-o-Pompidou\"><\/span><span style=\"font-weight: 400;\">Sobre o Pompidou\u00a0<\/span><span class=\"ez-toc-section-end\"><\/span><\/h2>\n<p><span style=\"font-weight: 400;\">Quase desconhecidos na \u00e9poca, os arquitetos Gianfranco Franchini, Richard Rogers e Renzo Piano, hoje aclamados internacionalmente, chocaram com um projeto tecnol\u00f3gico que virava a constru\u00e7\u00e3o do avesso, deixando as estruturas aparentes e o interior livre para a arte.<\/span><\/p>\n<p><span style=\"font-weight: 400;\">E assim nasceu o monstro de Paris. Esse foi o apelido do centro logo ap\u00f3s sua constru\u00e7\u00e3o em 1977.\u00a0<\/span><\/p>\n<p><span style=\"font-weight: 400;\">O exoesqueleto feito de vidro, de tubos e cabos de a\u00e7o permite identificar claramente a fun\u00e7\u00e3o de cada elemento do edif\u00edcio por meio da cor.\u00a0<\/span><\/p>\n<p><img decoding=\"async\" loading=\"lazy\" class=\"alignnone wp-image-20748 size-full\" title=\"Foz do Igua\u00e7u receber\u00e1 museu internacional de arte\" src=\"https:\/\/www.hoteldelreyfoz.com\/wp-content\/uploads\/2022\/08\/3-min.jpg\" alt=\"\" width=\"800\" height=\"600\" srcset=\"https:\/\/www.hoteldelreyfoz.com\/wp-content\/uploads\/2022\/08\/3-min.jpg 800w, https:\/\/www.hoteldelreyfoz.com\/wp-content\/uploads\/2022\/08\/3-min-300x225.jpg 300w, https:\/\/www.hoteldelreyfoz.com\/wp-content\/uploads\/2022\/08\/3-min-768x576.jpg 768w\" sizes=\"(max-width: 800px) 100vw, 800px\" \/><\/p>\n<h2><span class=\"ez-toc-section\" id=\"Um-dos-maiores-museus-europeus-de-arte-moderna\"><\/span>Um dos maiores museus europeus de arte moderna<span class=\"ez-toc-section-end\"><\/span><\/h2>\n<p><span style=\"font-weight: 400;\">Entre as diversas institui\u00e7\u00f5es que abriga, o Pompidou sedia o Museu Nacional de Arte Moderna, um dos maiores museus europeus de arte moderna e contempor\u00e2nea, com mais de 60 mil obras.<\/span><\/p>\n<p><span style=\"font-weight: 400;\">Hoje, o Centro Pompidou de Paris \u00e9 um complexo cultural efervescente que abriga biblioteca, ateli\u00ea de escultura, cinema, dan\u00e7a e centro de m\u00fasica e estudos ac\u00fasticos.\u00a0<\/span><\/p>\n<p><span style=\"font-weight: 400;\">Al\u00e9m da sede francesa, o Pompidou possui \u201cantenas\u201d, como s\u00e3o chamadas suas unidades, na B\u00e9lgica, Espanha e China.\u00a0<\/span><\/p>\n<p>Certamente, os amantes da arte est\u00e3o ansiosos que Foz do Igua\u00e7u receber\u00e1 museu internacional de arte!<\/p>\n<p><span style=\"font-weight: 400;\">Agora, se voc\u00ea est\u00e1 planejando sua <a href=\"https:\/\/www.hoteldelreyfoz.com\/pt_br\/experiencias-em-foz-do-iguacu\/\" target=\"_blank\" rel=\"noopener\">viagem para Foz do Igua\u00e7u<\/a> e gosta de conhecer novos museus, poder\u00e1 aproveitar o maior museu de cera da Am\u00e9rica Latina.<\/span><\/p>\n<p><img decoding=\"async\" loading=\"lazy\" class=\"alignnone wp-image-20747 size-full\" title=\"Foz do Igua\u00e7u receber\u00e1 museu internacional de arte\" src=\"https:\/\/www.hoteldelreyfoz.com\/wp-content\/uploads\/2022\/08\/1-min.jpg\" alt=\"\" width=\"800\" height=\"600\" srcset=\"https:\/\/www.hoteldelreyfoz.com\/wp-content\/uploads\/2022\/08\/1-min.jpg 800w, https:\/\/www.hoteldelreyfoz.com\/wp-content\/uploads\/2022\/08\/1-min-300x225.jpg 300w, https:\/\/www.hoteldelreyfoz.com\/wp-content\/uploads\/2022\/08\/1-min-768x576.jpg 768w\" sizes=\"(max-width: 800px) 100vw, 800px\" \/><\/p>\n<h2><span class=\"ez-toc-section\" id=\"Museu-de-Cera-Dreamland\"><\/span><span style=\"font-weight: 400;\">Museu de Cera Dreamland\u00a0<\/span><span class=\"ez-toc-section-end\"><\/span><\/h2>\n<p><span style=\"font-weight: 400;\">O <\/span><a href=\"https:\/\/dreamsparkshow.com.br\/\" target=\"_blank\" rel=\"noopener\"><span style=\"font-weight: 400;\">Dreamspark Show<\/span><\/a><span style=\"font-weight: 400;\"> \u00e9 um complexo \u00f3timo tamb\u00e9m para a divers\u00e3o das crian\u00e7as e dos adultos! Assim como em outros pa\u00edses, o de Foz \u00e9 um centro com v\u00e1rias atra\u00e7\u00f5es diferentes, do grupo Dreamland.<\/span><\/p>\n<p><span style=\"font-weight: 400;\">Talvez voc\u00ea n\u00e3o tenha tido a oportunidade de conhecer um ou tenha gostado muito, fora do pa\u00eds, mas saiba que o Museu de Cera Dreamland \u00e9 o maior do g\u00eanero no Brasil, tendo uma unidade incr\u00edvel em Foz.\u00a0<\/span><\/p>\n<p><span style=\"font-weight: 400;\">\u00c9 comparado a outros dos Estados Unidos e Europa, com acervo de mais de 100 est\u00e1tuas em tamanho real, distribu\u00eddas em 17 cen\u00e1rios diferentes.\u00a0<\/span><\/p>\n<p><span style=\"font-weight: 400;\">Entre os retratados est\u00e3o os papas Jo\u00e3o Paulo II e Francisco, Homem Aranha, Madonna, Charlie Chaplin, Neymar, Jack Sparrow, entre outros personagens. Muito legal para registros fotogr\u00e1ficos e divers\u00e3o, tanto para crian\u00e7as quanto adultos.<\/span><\/p>\n<p><img decoding=\"async\" loading=\"lazy\" class=\"alignnone size-full wp-image-20179\" src=\"https:\/\/www.hoteldelreyfoz.com\/wp-content\/uploads\/2022\/05\/21_dreamland.jpeg\" alt=\"\" width=\"1150\" height=\"767\" srcset=\"https:\/\/www.hoteldelreyfoz.com\/wp-content\/uploads\/2022\/05\/21_dreamland.jpeg 1150w, https:\/\/www.hoteldelreyfoz.com\/wp-content\/uploads\/2022\/05\/21_dreamland-300x200.jpeg 300w, https:\/\/www.hoteldelreyfoz.com\/wp-content\/uploads\/2022\/05\/21_dreamland-1024x683.jpeg 1024w, https:\/\/www.hoteldelreyfoz.com\/wp-content\/uploads\/2022\/05\/21_dreamland-768x512.jpeg 768w\" sizes=\"(max-width: 1150px) 100vw, 1150px\" \/><\/p>\n<p><span style=\"font-weight: 400;\">Essa nova atra\u00e7\u00e3o se reunir\u00e1 a outras incr\u00edveis atra\u00e7\u00f5es que Foz possui. Entre elas est\u00e3o:<\/span><\/p>\n<h2><span class=\"ez-toc-section\" id=\"Cataratas-do-Iguacu\"><\/span>Cataratas do Igua\u00e7u<span class=\"ez-toc-section-end\"><\/span><\/h2>\n<p>De antem\u00e3o, as Cataratas do Igua\u00e7u, que foram eleitas uma das 7 Maravilhas da Natureza, tamanha sua grandiosidade e impon\u00eancia, portanto \u00e9 um ponto tur\u00edstico obrigat\u00f3rio na viagem!<\/p>\n<p>As cataratas s\u00e3o formadas por 275 quedas de \u00e1gua, no Rio Igua\u00e7u, localizado bem na fronteira entre o Brasil e a Argentina.<\/p>\n<p>Por fim, \u00e9 poss\u00edvel contemplar este deslumbrante atrativo tur\u00edstico dentro de um barco: o Macuco Safari. E tamb\u00e9m d\u00e1 para assistir \u00e0s Cataratas de helic\u00f3ptero ou por meio de uma das trilhas, algumas mais leves e outras mais pesadas. \u00c9 poss\u00edvel explorar essa exuber\u00e2ncia da natureza pelo lado brasileiro e tamb\u00e9m o argentino.<\/p>\n<p><img decoding=\"async\" loading=\"lazy\" class=\"alignnone wp-image-20162 size-full\" title=\"Foz do Igua\u00e7u receber\u00e1 museu internacional de arte\" src=\"https:\/\/www.hoteldelreyfoz.com\/wp-content\/uploads\/2022\/05\/03_teleferico_parque_nacional_do_iguacu.jpg\" alt=\"\" width=\"1280\" height=\"853\" srcset=\"https:\/\/www.hoteldelreyfoz.com\/wp-content\/uploads\/2022\/05\/03_teleferico_parque_nacional_do_iguacu.jpg 1280w, https:\/\/www.hoteldelreyfoz.com\/wp-content\/uploads\/2022\/05\/03_teleferico_parque_nacional_do_iguacu-300x200.jpg 300w, https:\/\/www.hoteldelreyfoz.com\/wp-content\/uploads\/2022\/05\/03_teleferico_parque_nacional_do_iguacu-1024x682.jpg 1024w, https:\/\/www.hoteldelreyfoz.com\/wp-content\/uploads\/2022\/05\/03_teleferico_parque_nacional_do_iguacu-768x512.jpg 768w\" sizes=\"(max-width: 1280px) 100vw, 1280px\" \/><\/p>\n<h2><span class=\"ez-toc-section\" id=\"Marco-das-Tres-fronteiras\"><\/span>Marco das Tr\u00eas fronteiras<span class=\"ez-toc-section-end\"><\/span><\/h2>\n<p>Se busca um lugar super charmoso e \u00fanico, o<a href=\"https:\/\/www.hoteldelreyfoz.com\/pt_br\/blog\/conheca-o-marco-das-tres-fronteiras-2022\/\" target=\"_blank\" rel=\"noopener\">\u00a0Marco das Tr\u00eas Fronteiras<\/a>\u00a0\u00e9 o destino certo! Localizado na tr\u00edplice fronteira entre Brasil, Paraguai e Argentina, o Marco das 3 Fronteiras \u00e9 uma atra\u00e7\u00e3o tur\u00edstica em Foz do Igua\u00e7u.<\/p>\n<p>Al\u00e9m de um bel\u00edssimo mirante, com vista para os outros dois pa\u00edses, voc\u00ea ainda poder\u00e1 ver um p\u00f4r do sol magn\u00edfico!<\/p>\n<p>No Marco voc\u00ea encontra pra\u00e7as, restaurante, lanchonete, loja de souvenirs, apresenta\u00e7\u00f5es de dan\u00e7a, e um obelisco com show de luzes e \u00e1gua, que representa os 3 pa\u00edses. Imperd\u00edvel!<\/p>\n<p><img decoding=\"async\" loading=\"lazy\" class=\"alignnone size-full wp-image-19997\" src=\"https:\/\/www.hoteldelreyfoz.com\/wp-content\/uploads\/2022\/04\/imgns-blog-TRESFRONTEIRAS4.jpg\" alt=\"\" width=\"1200\" height=\"630\" srcset=\"https:\/\/www.hoteldelreyfoz.com\/wp-content\/uploads\/2022\/04\/imgns-blog-TRESFRONTEIRAS4.jpg 1200w, https:\/\/www.hoteldelreyfoz.com\/wp-content\/uploads\/2022\/04\/imgns-blog-TRESFRONTEIRAS4-300x158.jpg 300w, https:\/\/www.hoteldelreyfoz.com\/wp-content\/uploads\/2022\/04\/imgns-blog-TRESFRONTEIRAS4-1024x538.jpg 1024w, https:\/\/www.hoteldelreyfoz.com\/wp-content\/uploads\/2022\/04\/imgns-blog-TRESFRONTEIRAS4-768x403.jpg 768w\" sizes=\"(max-width: 1200px) 100vw, 1200px\" \/><\/p>\n<h2><span class=\"ez-toc-section\" id=\"Parque-das-Aves\"><\/span>Parque das Aves<span class=\"ez-toc-section-end\"><\/span><\/h2>\n<p>As fam\u00edlias que viajam com crian\u00e7as n\u00e3o ir\u00e3o se decepcionar ao visitar a Terra das Cataratas. At\u00e9 mesmo aquelas pessoas que n\u00e3o dispensam um contato pr\u00f3ximo com a natureza.<\/p>\n<p>O\u00a0<a href=\"https:\/\/www.hoteldelreyfoz.com\/pt_br\/passeios\/parque-das-aves\/\" target=\"_blank\" rel=\"noopener\">Parque das Aves<\/a>, que possui mais de 1300 esp\u00e9cies de aves e r\u00e9pteis, incluindo algumas amea\u00e7adas de extin\u00e7\u00e3o.<\/p>\n<p>Al\u00e9m disso, \u00e9 o maior viveiro de aves da Am\u00e9rica Latina e fica logo em frente \u00e0 entrada do Parque Nacional do Igua\u00e7u. Um espa\u00e7o com 16 hectares de Mata Atl\u00e2ntica restaurada, com centenas de esp\u00e9cies.<\/p>\n<p>Desde 2017, o local se tornou um Centro de Conserva\u00e7\u00e3o Integrada de Esp\u00e9cies de Mata Atl\u00e2ntica, que atua na conserva\u00e7\u00e3o, pesquisa e educa\u00e7\u00e3o, com foco no bem-estar animal. Muitas aves que l\u00e1 est\u00e3o foram resgatadas.<\/p>\n<p>O passeio pelo Parque das Aves \u00e9 feito por uma trilha de 1,5 km, com cal\u00e7ada e de f\u00e1cil acesso, apesar de ser feito em meio \u00e0 exuberante Mata Atl\u00e2ntica. Voc\u00ea n\u00e3o pode perder esse passeio.<\/p>\n<p><img decoding=\"async\" loading=\"lazy\" class=\"alignnone wp-image-19897 size-full\" title=\"Foz do Igua\u00e7u receber\u00e1 museu internacional de arte\" src=\"https:\/\/www.hoteldelreyfoz.com\/wp-content\/uploads\/2022\/02\/parque-das-aves-min.jpg\" alt=\"\" width=\"1000\" height=\"714\" srcset=\"https:\/\/www.hoteldelreyfoz.com\/wp-content\/uploads\/2022\/02\/parque-das-aves-min.jpg 1000w, https:\/\/www.hoteldelreyfoz.com\/wp-content\/uploads\/2022\/02\/parque-das-aves-min-300x214.jpg 300w, https:\/\/www.hoteldelreyfoz.com\/wp-content\/uploads\/2022\/02\/parque-das-aves-min-768x548.jpg 768w\" sizes=\"(max-width: 1000px) 100vw, 1000px\" \/><\/p>\n<p>Por fim, esperamos que tenha gostado dessas dicas, e se j\u00e1 est\u00e1 planejando sua viagem a Foz do Igua\u00e7u, n\u00e3o deixe de se hospedar no Del Rey Quality Hotel! Um dos melhores hot\u00e9is de Foz pelo melhor custo x benef\u00edcio!<\/p>\n<p>Garanta sua reserva pelo Whatsapp e ganhe 10% de desconto!<\/p>\n<p><a href=\"https:\/\/www.hoteldelreyfoz.com\/pt_br\/experiencias-em-foz-do-iguacu\/\">Saiba mais!<\/a><\/p>",
        "protected": false
    },
    "excerpt": {
        "rendered": "<p>O Brasil ser\u00e1 o primeiro pa\u00eds da Am\u00e9rica Latina a estabelecer um conv\u00eanio com o Centro Nacional de Arte de Cultura George Pompidou, de Paris, na Fran\u00e7a. Mais especificamente, Foz do Igua\u00e7u que receber\u00e1 museu internacional de arte em parceria com o Centro Pompidou. Al\u00e9m disso, o projeto arquitet\u00f4nico do museu ser\u00e1 motivo de um [&hellip;]<\/p>",
        "protected": false
    },
    "author": 1,
    "featured_media": 20746,
    "comment_status": "closed",
    "ping_status": "closed",
    "sticky": false,
    "template": "",
    "format": "standard",
    "meta": {
        "footnotes": ""
    },
    "categories": [
        2
    ],
    "tags": [
        368,
        367,
        369
    ],
    "yoast_head": "<!-- This site is optimized with the Yoast SEO plugin v20.12 - https:\/\/yoast.com\/wordpress\/plugins\/seo\/ -->\n<title>Del Rey Quality Hotel - Foz do Igua\u00e7u receber\u00e1 museu internacional de arte em parceria com o Centro Pompidou<\/title>\n<meta name=\"description\" content=\"Foz do Igua\u00e7u que receber\u00e1 museu internacional de arte em parceria com o Centro Pompidou! Descubra todos os detalhes!\" \/>\n<meta name=\"robots\" content=\"index, follow, max-snippet:-1, max-image-preview:large, max-video-preview:-1\" \/>\n<link rel=\"canonical\" href=\"https:\/\/www.hoteldelreyfoz.com\/pt_br\/blog\/foz-do-iguacu-received-international-art-museum-in-partnership-with-the-center-pompidou\/\" \/>\n<meta property=\"og:locale\" content=\"pt_BR\" \/>\n<meta property=\"og:type\" content=\"article\" \/>\n<meta property=\"og:title\" content=\"Del Rey Quality Hotel - Foz do Igua\u00e7u receber\u00e1 museu internacional de arte em parceria com o Centro Pompidou\" \/>\n<meta property=\"og:description\" content=\"Foz do Igua\u00e7u que receber\u00e1 museu internacional de arte em parceria com o Centro Pompidou! Descubra todos os detalhes!\" \/>\n<meta property=\"og:url\" content=\"https:\/\/www.hoteldelreyfoz.com\/pt_br\/blog\/foz-do-iguacu-received-international-art-museum-in-partnership-with-the-center-pompidou\/\" \/>\n<meta property=\"og:site_name\" content=\"Del Rey Quality Hotel\" \/>\n<meta property=\"article:publisher\" content=\"https:\/\/www.facebook.com\/delreyfozhotel\" \/>\n<meta property=\"article:published_time\" content=\"2022-08-26T20:56:40+00:00\" \/>\n<meta property=\"article:modified_time\" content=\"2023-03-13T18:49:43+00:00\" \/>\n<meta property=\"og:image\" content=\"https:\/\/www.hoteldelreyfoz.com\/wp-content\/uploads\/2022\/08\/2-min.jpg\" \/>\n\t<meta property=\"og:image:width\" content=\"800\" \/>\n\t<meta property=\"og:image:height\" content=\"594\" \/>\n\t<meta property=\"og:image:type\" content=\"image\/jpeg\" \/>\n<meta name=\"author\" content=\"c3dwebadmin\" \/>\n<meta name=\"twitter:card\" content=\"summary_large_image\" \/>\n<meta name=\"twitter:label1\" content=\"Escrito por\" \/>\n\t<meta name=\"twitter:data1\" content=\"\" \/>\n\t<meta name=\"twitter:label2\" content=\"Est. tempo de leitura\" \/>\n\t<meta name=\"twitter:data2\" content=\"8 minutos\" \/>\n<script type=\"application\/ld+json\" class=\"yoast-schema-graph\">{\"@context\":\"https:\/\/schema.org\",\"@graph\":[{\"@type\":\"Article\",\"@id\":\"https:\/\/www.hoteldelreyfoz.com\/blog\/foz-do-iguacu-received-international-art-museum-in-partnership-with-the-center-pompidou\/#article\",\"isPartOf\":{\"@id\":\"https:\/\/www.hoteldelreyfoz.com\/blog\/foz-do-iguacu-received-international-art-museum-in-partnership-with-the-center-pompidou\/\"},\"author\":{\"name\":\"c3dwebadmin\",\"@id\":\"https:\/\/www.hoteldelreyfoz.com\/#\/schema\/person\/2773cc4553fc7dd09ac645b4d7499c90\"},\"headline\":\"Foz do Igua\u00e7u receber\u00e1 museu internacional de arte em parceria com o Centro Pompidou\",\"datePublished\":\"2022-08-26T20:56:40+00:00\",\"dateModified\":\"2023-03-13T18:49:43+00:00\",\"mainEntityOfPage\":{\"@id\":\"https:\/\/www.hoteldelreyfoz.com\/blog\/foz-do-iguacu-received-international-art-museum-in-partnership-with-the-center-pompidou\/\"},\"wordCount\":1153,\"publisher\":{\"@id\":\"https:\/\/www.hoteldelreyfoz.com\/#organization\"},\"keywords\":[\"Centro Pompidou\",\"Museu\",\"Pompidou\"],\"articleSection\":[\"O que fazer\"],\"inLanguage\":\"pt-BR\"},{\"@type\":\"WebPage\",\"@id\":\"https:\/\/www.hoteldelreyfoz.com\/blog\/foz-do-iguacu-received-international-art-museum-in-partnership-with-the-center-pompidou\/\",\"url\":\"https:\/\/www.hoteldelreyfoz.com\/blog\/foz-do-iguacu-received-international-art-museum-in-partnership-with-the-center-pompidou\/\",\"name\":\"Del Rey Quality Hotel - Foz do Igua\u00e7u receber\u00e1 museu internacional de arte em parceria com o Centro Pompidou\",\"isPartOf\":{\"@id\":\"https:\/\/www.hoteldelreyfoz.com\/#website\"},\"datePublished\":\"2022-08-26T20:56:40+00:00\",\"dateModified\":\"2023-03-13T18:49:43+00:00\",\"description\":\"Foz do Igua\u00e7u que receber\u00e1 museu internacional de arte em parceria com o Centro Pompidou! Descubra todos os detalhes!\",\"breadcrumb\":{\"@id\":\"https:\/\/www.hoteldelreyfoz.com\/blog\/foz-do-iguacu-received-international-art-museum-in-partnership-with-the-center-pompidou\/#breadcrumb\"},\"inLanguage\":\"pt-BR\",\"potentialAction\":[{\"@type\":\"ReadAction\",\"target\":[\"https:\/\/www.hoteldelreyfoz.com\/blog\/foz-do-iguacu-received-international-art-museum-in-partnership-with-the-center-pompidou\/\"]}]},{\"@type\":\"BreadcrumbList\",\"@id\":\"https:\/\/www.hoteldelreyfoz.com\/blog\/foz-do-iguacu-received-international-art-museum-in-partnership-with-the-center-pompidou\/#breadcrumb\",\"itemListElement\":[{\"@type\":\"ListItem\",\"position\":1,\"name\":\"In\u00edcio\",\"item\":\"https:\/\/www.hoteldelreyfoz.com\/en\/\"},{\"@type\":\"ListItem\",\"position\":2,\"name\":\"Foz do Igua\u00e7u receber\u00e1 museu internacional de arte em parceria com o Centro Pompidou\"}]},{\"@type\":\"WebSite\",\"@id\":\"https:\/\/www.hoteldelreyfoz.com\/#website\",\"url\":\"https:\/\/www.hoteldelreyfoz.com\/\",\"name\":\"Del Rey Quality Hotel\",\"description\":\"Hotel em Foz do Igua\u00e7u com pre\u00e7os acess\u00edveis, quartos amplos e localiza\u00e7\u00e3o no Centro, perto de tudo. Reserve pelo nosso site com desconto!\",\"publisher\":{\"@id\":\"https:\/\/www.hoteldelreyfoz.com\/#organization\"},\"potentialAction\":[{\"@type\":\"SearchAction\",\"target\":{\"@type\":\"EntryPoint\",\"urlTemplate\":\"https:\/\/www.hoteldelreyfoz.com\/?s={search_term_string}\"},\"query-input\":\"required name=search_term_string\"}],\"inLanguage\":\"pt-BR\"},{\"@type\":\"Organization\",\"@id\":\"https:\/\/www.hoteldelreyfoz.com\/#organization\",\"name\":\"Del Rey Quality Hotel\",\"url\":\"https:\/\/www.hoteldelreyfoz.com\/\",\"logo\":{\"@type\":\"ImageObject\",\"inLanguage\":\"pt-BR\",\"@id\":\"https:\/\/www.hoteldelreyfoz.com\/#\/schema\/logo\/image\/\",\"url\":\"https:\/\/www.hoteldelreyfoz.com.br\/wp-content\/uploads\/2021\/09\/delrey.png\",\"contentUrl\":\"https:\/\/www.hoteldelreyfoz.com.br\/wp-content\/uploads\/2021\/09\/delrey.png\",\"width\":225,\"height\":224,\"caption\":\"Del Rey Quality Hotel\"},\"image\":{\"@id\":\"https:\/\/www.hoteldelreyfoz.com\/#\/schema\/logo\/image\/\"},\"sameAs\":[\"https:\/\/www.facebook.com\/delreyfozhotel\",\"https:\/\/www.instagram.com\/delreyfoz\/\",\"https:\/\/www.youtube.com\/channel\/UCSBntO46TaFRFMvuxjJBS_w\"]},{\"@type\":\"Person\",\"@id\":\"https:\/\/www.hoteldelreyfoz.com\/#\/schema\/person\/2773cc4553fc7dd09ac645b4d7499c90\",\"name\":\"c3dwebadmin\",\"sameAs\":[\"https:\/\/www.hoteldelreyfoz.com.br\"]}]}<\/script>\n<!-- \/ Yoast SEO plugin. -->",
    "yoast_head_json": {
        "title": "Del Rey Quality Hotel - Foz do Igua\u00e7u receber\u00e1 museu internacional de arte em parceria com o Centro Pompidou",
        "description": "Foz do Igua\u00e7u que receber\u00e1 museu internacional de arte em parceria com o Centro Pompidou! Descubra todos os detalhes!",
        "robots": {
            "index": "index",
            "follow": "follow",
            "max-snippet": "max-snippet:-1",
            "max-image-preview": "max-image-preview:large",
            "max-video-preview": "max-video-preview:-1"
        },
        "canonical": "https:\/\/www.hoteldelreyfoz.com\/pt_br\/blog\/foz-do-iguacu-received-international-art-museum-in-partnership-with-the-center-pompidou\/",
        "og_locale": "pt_BR",
        "og_type": "article",
        "og_title": "Del Rey Quality Hotel - Foz do Igua\u00e7u receber\u00e1 museu internacional de arte em parceria com o Centro Pompidou",
        "og_description": "Foz do Igua\u00e7u que receber\u00e1 museu internacional de arte em parceria com o Centro Pompidou! Descubra todos os detalhes!",
        "og_url": "https:\/\/www.hoteldelreyfoz.com\/pt_br\/blog\/foz-do-iguacu-received-international-art-museum-in-partnership-with-the-center-pompidou\/",
        "og_site_name": "Del Rey Quality Hotel",
        "article_publisher": "https:\/\/www.facebook.com\/delreyfozhotel",
        "article_published_time": "2022-08-26T20:56:40+00:00",
        "article_modified_time": "2023-03-13T18:49:43+00:00",
        "og_image": [
            {
                "width": 800,
                "height": 594,
                "url": "https:\/\/www.hoteldelreyfoz.com\/wp-content\/uploads\/2022\/08\/2-min.jpg",
                "type": "image\/jpeg"
            }
        ],
        "author": "c3dwebadmin",
        "twitter_card": "summary_large_image",
        "twitter_misc": {
            "Escrito por": false,
            "Est. tempo de leitura": "8 minutos"
        },
        "schema": {
            "@context": "https:\/\/schema.org",
            "@graph": [
                {
                    "@type": "Article",
                    "@id": "https:\/\/www.hoteldelreyfoz.com\/blog\/foz-do-iguacu-received-international-art-museum-in-partnership-with-the-center-pompidou\/#article",
                    "isPartOf": {
                        "@id": "https:\/\/www.hoteldelreyfoz.com\/blog\/foz-do-iguacu-received-international-art-museum-in-partnership-with-the-center-pompidou\/"
                    },
                    "author": {
                        "name": "c3dwebadmin",
                        "@id": "https:\/\/www.hoteldelreyfoz.com\/#\/schema\/person\/2773cc4553fc7dd09ac645b4d7499c90"
                    },
                    "headline": "Foz do Igua\u00e7u receber\u00e1 museu internacional de arte em parceria com o Centro Pompidou",
                    "datePublished": "2022-08-26T20:56:40+00:00",
                    "dateModified": "2023-03-13T18:49:43+00:00",
                    "mainEntityOfPage": {
                        "@id": "https:\/\/www.hoteldelreyfoz.com\/blog\/foz-do-iguacu-received-international-art-museum-in-partnership-with-the-center-pompidou\/"
                    },
                    "wordCount": 1153,
                    "publisher": {
                        "@id": "https:\/\/www.hoteldelreyfoz.com\/#organization"
                    },
                    "keywords": [
                        "Centro Pompidou",
                        "Museu",
                        "Pompidou"
                    ],
                    "articleSection": [
                        "O que fazer"
                    ],
                    "inLanguage": "pt-BR"
                },
                {
                    "@type": "WebPage",
                    "@id": "https:\/\/www.hoteldelreyfoz.com\/blog\/foz-do-iguacu-received-international-art-museum-in-partnership-with-the-center-pompidou\/",
                    "url": "https:\/\/www.hoteldelreyfoz.com\/blog\/foz-do-iguacu-received-international-art-museum-in-partnership-with-the-center-pompidou\/",
                    "name": "Del Rey Quality Hotel - Foz do Igua\u00e7u receber\u00e1 museu internacional de arte em parceria com o Centro Pompidou",
                    "isPartOf": {
                        "@id": "https:\/\/www.hoteldelreyfoz.com\/#website"
                    },
                    "datePublished": "2022-08-26T20:56:40+00:00",
                    "dateModified": "2023-03-13T18:49:43+00:00",
                    "description": "Foz do Igua\u00e7u que receber\u00e1 museu internacional de arte em parceria com o Centro Pompidou! Descubra todos os detalhes!",
                    "breadcrumb": {
                        "@id": "https:\/\/www.hoteldelreyfoz.com\/blog\/foz-do-iguacu-received-international-art-museum-in-partnership-with-the-center-pompidou\/#breadcrumb"
                    },
                    "inLanguage": "pt-BR",
                    "potentialAction": [
                        {
                            "@type": "ReadAction",
                            "target": [
                                "https:\/\/www.hoteldelreyfoz.com\/blog\/foz-do-iguacu-received-international-art-museum-in-partnership-with-the-center-pompidou\/"
                            ]
                        }
                    ]
                },
                {
                    "@type": "BreadcrumbList",
                    "@id": "https:\/\/www.hoteldelreyfoz.com\/blog\/foz-do-iguacu-received-international-art-museum-in-partnership-with-the-center-pompidou\/#breadcrumb",
                    "itemListElement": [
                        {
                            "@type": "ListItem",
                            "position": 1,
                            "name": "In\u00edcio",
                            "item": "https:\/\/www.hoteldelreyfoz.com\/en\/"
                        },
                        {
                            "@type": "ListItem",
                            "position": 2,
                            "name": "Foz do Igua\u00e7u receber\u00e1 museu internacional de arte em parceria com o Centro Pompidou"
                        }
                    ]
                },
                {
                    "@type": "WebSite",
                    "@id": "https:\/\/www.hoteldelreyfoz.com\/#website",
                    "url": "https:\/\/www.hoteldelreyfoz.com\/",
                    "name": "Del Rey Quality Hotel",
                    "description": "Hotel em Foz do Igua\u00e7u com pre\u00e7os acess\u00edveis, quartos amplos e localiza\u00e7\u00e3o no Centro, perto de tudo. Reserve pelo nosso site com desconto!",
                    "publisher": {
                        "@id": "https:\/\/www.hoteldelreyfoz.com\/#organization"
                    },
                    "potentialAction": [
                        {
                            "@type": "SearchAction",
                            "target": {
                                "@type": "EntryPoint",
                                "urlTemplate": "https:\/\/www.hoteldelreyfoz.com\/?s={search_term_string}"
                            },
                            "query-input": "required name=search_term_string"
                        }
                    ],
                    "inLanguage": "pt-BR"
                },
                {
                    "@type": "Organization",
                    "@id": "https:\/\/www.hoteldelreyfoz.com\/#organization",
                    "name": "Del Rey Quality Hotel",
                    "url": "https:\/\/www.hoteldelreyfoz.com\/",
                    "logo": {
                        "@type": "ImageObject",
                        "inLanguage": "pt-BR",
                        "@id": "https:\/\/www.hoteldelreyfoz.com\/#\/schema\/logo\/image\/",
                        "url": "https:\/\/www.hoteldelreyfoz.com.br\/wp-content\/uploads\/2021\/09\/delrey.png",
                        "contentUrl": "https:\/\/www.hoteldelreyfoz.com.br\/wp-content\/uploads\/2021\/09\/delrey.png",
                        "width": 225,
                        "height": 224,
                        "caption": "Del Rey Quality Hotel"
                    },
                    "image": {
                        "@id": "https:\/\/www.hoteldelreyfoz.com\/#\/schema\/logo\/image\/"
                    },
                    "sameAs": [
                        "https:\/\/www.facebook.com\/delreyfozhotel",
                        "https:\/\/www.instagram.com\/delreyfoz\/",
                        "https:\/\/www.youtube.com\/channel\/UCSBntO46TaFRFMvuxjJBS_w"
                    ]
                },
                {
                    "@type": "Person",
                    "@id": "https:\/\/www.hoteldelreyfoz.com\/#\/schema\/person\/2773cc4553fc7dd09ac645b4d7499c90",
                    "name": "c3dwebadmin",
                    "sameAs": [
                        "https:\/\/www.hoteldelreyfoz.com.br"
                    ]
                }
            ]
        }
    },
    "_links": {
        "self": [
            {
                "href": "https:\/\/www.hoteldelreyfoz.com\/pt_br\/wp-json\/wp\/v2\/posts\/20745"
            }
        ],
        "collection": [
            {
                "href": "https:\/\/www.hoteldelreyfoz.com\/pt_br\/wp-json\/wp\/v2\/posts"
            }
        ],
        "about": [
            {
                "href": "https:\/\/www.hoteldelreyfoz.com\/pt_br\/wp-json\/wp\/v2\/types\/post"
            }
        ],
        "author": [
            {
                "embeddable": true,
                "href": "https:\/\/www.hoteldelreyfoz.com\/pt_br\/wp-json\/wp\/v2\/users\/1"
            }
        ],
        "replies": [
            {
                "embeddable": true,
                "href": "https:\/\/www.hoteldelreyfoz.com\/pt_br\/wp-json\/wp\/v2\/comments?post=20745"
            }
        ],
        "version-history": [
            {
                "count": 1,
                "href": "https:\/\/www.hoteldelreyfoz.com\/pt_br\/wp-json\/wp\/v2\/posts\/20745\/revisions"
            }
        ],
        "predecessor-version": [
            {
                "id": 21279,
                "href": "https:\/\/www.hoteldelreyfoz.com\/pt_br\/wp-json\/wp\/v2\/posts\/20745\/revisions\/21279"
            }
        ],
        "wp:featuredmedia": [
            {
                "embeddable": true,
                "href": "https:\/\/www.hoteldelreyfoz.com\/pt_br\/wp-json\/wp\/v2\/media\/20746"
            }
        ],
        "wp:attachment": [
            {
                "href": "https:\/\/www.hoteldelreyfoz.com\/pt_br\/wp-json\/wp\/v2\/media?parent=20745"
            }
        ],
        "wp:term": [
            {
                "taxonomy": "category",
                "embeddable": true,
                "href": "https:\/\/www.hoteldelreyfoz.com\/pt_br\/wp-json\/wp\/v2\/categories?post=20745"
            },
            {
                "taxonomy": "post_tag",
                "embeddable": true,
                "href": "https:\/\/www.hoteldelreyfoz.com\/pt_br\/wp-json\/wp\/v2\/tags?post=20745"
            }
        ],
        "curies": [
            {
                "name": "wp",
                "href": "https:\/\/api.w.org\/{rel}",
                "templated": true
            }
        ]
    }
}