{
    "id": 20533,
    "date": "2022-07-07T14:26:11",
    "date_gmt": "2022-07-07T17:26:11",
    "guid": {
        "rendered": "https:\/\/www.hoteldelreyfoz.com\/?p=20533"
    },
    "modified": "2022-07-07T14:36:35",
    "modified_gmt": "2022-07-07T17:36:35",
    "slug": "30-dias-para-a-largada-do-rally-dos-sertoes-em-foz-do-iguacu",
    "status": "publish",
    "type": "post",
    "link": "https:\/\/www.hoteldelreyfoz.com\/pt_br\/blog\/30-dias-para-a-largada-do-rally-dos-sertoes-em-foz-do-iguacu\/",
    "title": {
        "rendered": "30 dias para a largada do Rally dos Sert\u00f5es em Foz do Igua\u00e7u!"
    },
    "content": {
        "rendered": "<p><span style=\"font-weight: 400;\">Pela primeira vez na hist\u00f3ria, um dos rallys mais famosos do mundo ir\u00e1 sair de Foz do Igua\u00e7u! A cidade foi escolhida para ser a sede comemorativa do <\/span><span style=\"font-weight: 400;\">30\u00b0<\/span><span style=\"font-weight: 400;\"> ano do evento. E j\u00e1 estamos na contagem regressiva de 30 dias para a largada do <\/span><a href=\"https:\/\/sertoes.com\/\" target=\"_blank\" rel=\"noopener\" class=\"broken_link\"><span style=\"font-weight: 400;\">Rally dos Sert\u00f5es em Foz do Igua\u00e7u!<\/span><\/a><\/p>\n<p><span style=\"font-weight: 400;\">O momento da largada do Rally do Sert\u00f5es 2022, que ser\u00e1 no dia 26 de agosto, acontecer\u00e1 em Foz do Igua\u00e7u, onde ficam as Cataratas do Igua\u00e7u. E ir\u00e1 cruzar praticamente todo o Brasil!<\/span><\/p>\n<p><span style=\"font-weight: 400;\">Ir\u00e3o ocorrer diversas a\u00e7\u00f5es do Rally dos Sert\u00f5es em Foz do Igua\u00e7u, al\u00e9m da emocionante largada. A Vila dos Sert\u00f5es ser\u00e1 no Parque de Exposi\u00e7\u00f5es Charrua e a Rampa dos Sert\u00f5es no estacionamento das Cataratas!<\/span><\/p>\n<p><span style=\"font-weight: 400;\">Est\u00e1 ansioso para a 30\u00aa edi\u00e7\u00e3o do Rally dos Sert\u00f5es? Ent\u00e3o vem com a gente!\u00a0<\/span><\/p>\n<p><img decoding=\"async\" loading=\"lazy\" class=\"alignnone wp-image-20162 size-full\" title=\"Rally dos Sert\u00f5es em Foz\" src=\"https:\/\/www.hoteldelreyfoz.com\/wp-content\/uploads\/2022\/05\/03_teleferico_parque_nacional_do_iguacu.jpg\" alt=\"Cataratas\" width=\"1280\" height=\"853\" srcset=\"https:\/\/www.hoteldelreyfoz.com\/wp-content\/uploads\/2022\/05\/03_teleferico_parque_nacional_do_iguacu.jpg 1280w, https:\/\/www.hoteldelreyfoz.com\/wp-content\/uploads\/2022\/05\/03_teleferico_parque_nacional_do_iguacu-300x200.jpg 300w, https:\/\/www.hoteldelreyfoz.com\/wp-content\/uploads\/2022\/05\/03_teleferico_parque_nacional_do_iguacu-1024x682.jpg 1024w, https:\/\/www.hoteldelreyfoz.com\/wp-content\/uploads\/2022\/05\/03_teleferico_parque_nacional_do_iguacu-768x512.jpg 768w\" sizes=\"(max-width: 1280px) 100vw, 1280px\" \/><\/p>\n<p><span style=\"font-weight: 400;\">S\u00e3o estimados que, aproximadamente 2 mil pessoas, entre pilotos, mec\u00e2nicos e t\u00e9cnicos, al\u00e9m dos espectadores, sejam atra\u00eddos para cidade de Foz nesta data para a ocasi\u00e3o da largada da prova. A arquibancada ser\u00e1 para 5 mil pessoas.<\/span><\/p>\n<p><span style=\"font-weight: 400;\">O Rally dos Sert\u00f5es 2022 acontecer\u00e1 de 26 de agosto a 10 de setembro.<\/span><\/p>\n<p><span style=\"font-weight: 400;\">Certamente, \u00e9 um momento hist\u00f3rico para a cidade de Foz do Igua\u00e7u, pois o macro evento ir\u00e1 balan\u00e7ar de forma positiva a cidade! <\/span><\/p>\n<p><span style=\"font-weight: 400;\">O Rally dos Sert\u00f5es comemora, neste ano, 30 anos de prova e ainda homenageia o bicenten\u00e1rio da independ\u00eancia do Brasil!<\/span><\/p>\n<figure id=\"attachment_20540\" aria-describedby=\"caption-attachment-20540\" style=\"width: 2560px\" class=\"wp-caption alignnone\"><img decoding=\"async\" loading=\"lazy\" class=\"wp-image-20540 size-full\" title=\"Rally dos Sert\u00f5es em Foz\" src=\"https:\/\/www.hoteldelreyfoz.com\/wp-content\/uploads\/2022\/07\/281_victoreleuterio_070662_34124-scaled.jpg\" alt=\"Rally dos Sert\u00f5es\" width=\"2560\" height=\"1707\" srcset=\"https:\/\/www.hoteldelreyfoz.com\/wp-content\/uploads\/2022\/07\/281_victoreleuterio_070662_34124-scaled.jpg 2048w, https:\/\/www.hoteldelreyfoz.com\/wp-content\/uploads\/2022\/07\/281_victoreleuterio_070662_34124-300x200.jpg 300w, https:\/\/www.hoteldelreyfoz.com\/wp-content\/uploads\/2022\/07\/281_victoreleuterio_070662_34124-1024x683.jpg 1024w, https:\/\/www.hoteldelreyfoz.com\/wp-content\/uploads\/2022\/07\/281_victoreleuterio_070662_34124-768x512.jpg 768w, https:\/\/www.hoteldelreyfoz.com\/wp-content\/uploads\/2022\/07\/281_victoreleuterio_070662_34124-1536x1024.jpg 1536w\" sizes=\"(max-width: 2560px) 100vw, 2560px\" \/><figcaption id=\"caption-attachment-20540\" class=\"wp-caption-text\">Fonte: Victor Eleuterio<\/figcaption><\/figure>\n<div id=\"ez-toc-container\" class=\"ez-toc-v2_0_76 counter-flat ez-toc-counter ez-toc-custom ez-toc-container-direction\">\n<div class=\"ez-toc-title-container\"><p class=\"ez-toc-title\" style=\"cursor:inherit\">Confira no artigo:<\/p>\n<\/div><nav><ul class='ez-toc-list ez-toc-list-level-1' ><li class='ez-toc-page-1'><a class=\"ez-toc-link ez-toc-heading-1\" href=\"https:\/\/www.hoteldelreyfoz.com\/pt_br\/blog\/30-dias-para-a-largada-do-rally-dos-sertoes-em-foz-do-iguacu\/#Percurso-do-Rally-dos-Sertoes-sera-o-maior-do-mundo\" >Percurso do Rally dos Sert\u00f5es ser\u00e1 o maior do mundo!<\/a><\/li><li class='ez-toc-page-1'><a class=\"ez-toc-link ez-toc-heading-2\" href=\"https:\/\/www.hoteldelreyfoz.com\/pt_br\/blog\/30-dias-para-a-largada-do-rally-dos-sertoes-em-foz-do-iguacu\/#Foz-do-Iguacu-e-Rally-dos-Sertoes\" >Foz do Igua\u00e7u e Rally dos Sert\u00f5es\u00a0<\/a><\/li><li class='ez-toc-page-1'><a class=\"ez-toc-link ez-toc-heading-3\" href=\"https:\/\/www.hoteldelreyfoz.com\/pt_br\/blog\/30-dias-para-a-largada-do-rally-dos-sertoes-em-foz-do-iguacu\/#Importancia-do-Rally-dos-Sertoes\" >Import\u00e2ncia do Rally dos Sert\u00f5es\u00a0<\/a><\/li><li class='ez-toc-page-1'><a class=\"ez-toc-link ez-toc-heading-4\" href=\"https:\/\/www.hoteldelreyfoz.com\/pt_br\/blog\/30-dias-para-a-largada-do-rally-dos-sertoes-em-foz-do-iguacu\/#Assista-ao-Rally-dos-Sertoes-e-conheca-Foz\" >Assista ao Rally dos Sert\u00f5es e conhe\u00e7a Foz!<\/a><\/li><li class='ez-toc-page-1'><a class=\"ez-toc-link ez-toc-heading-5\" href=\"https:\/\/www.hoteldelreyfoz.com\/pt_br\/blog\/30-dias-para-a-largada-do-rally-dos-sertoes-em-foz-do-iguacu\/#Del-Rey-Quality-Hotel\" >Del Rey Quality Hotel\u00a0<\/a><\/li><\/ul><\/nav><\/div>\n<h2><span class=\"ez-toc-section\" id=\"Percurso-do-Rally-dos-Sertoes-sera-o-maior-do-mundo\"><\/span><span style=\"font-weight: 400;\">Percurso do Rally dos Sert\u00f5es ser\u00e1 o maior do mundo!<\/span><span class=\"ez-toc-section-end\"><\/span><\/h2>\n<p><span style=\"font-weight: 400;\">Os participantes ir\u00e3o percorrer praticamente todas as regi\u00f5es do Brasil. S\u00e3o mais de 7200 km de percurso. Al\u00e9m disso, passa por oito estados brasileiros.<\/span><\/p>\n<p><span style=\"font-weight: 400;\">A prova come\u00e7a na cidade de Foz do Igua\u00e7u, no Paran\u00e1, e passa por Presidente Prudente, em S\u00e3o Paulo, Campo Grande no Mato Grosso do Sul e Barra do Gar\u00e7as em Mato Grosso.\u00a0<\/span><\/p>\n<figure id=\"attachment_20538\" aria-describedby=\"caption-attachment-20538\" style=\"width: 2560px\" class=\"wp-caption alignnone\"><img decoding=\"async\" loading=\"lazy\" class=\"wp-image-20538 size-full\" src=\"https:\/\/www.hoteldelreyfoz.com\/wp-content\/uploads\/2022\/07\/4-9-5_victoreleuterio_090242_34124-1-scaled.jpg\" alt=\"\" width=\"2560\" height=\"1707\" srcset=\"https:\/\/www.hoteldelreyfoz.com\/wp-content\/uploads\/2022\/07\/4-9-5_victoreleuterio_090242_34124-1-scaled.jpg 2048w, https:\/\/www.hoteldelreyfoz.com\/wp-content\/uploads\/2022\/07\/4-9-5_victoreleuterio_090242_34124-1-300x200.jpg 300w, https:\/\/www.hoteldelreyfoz.com\/wp-content\/uploads\/2022\/07\/4-9-5_victoreleuterio_090242_34124-1-1024x683.jpg 1024w, https:\/\/www.hoteldelreyfoz.com\/wp-content\/uploads\/2022\/07\/4-9-5_victoreleuterio_090242_34124-1-768x512.jpg 768w, https:\/\/www.hoteldelreyfoz.com\/wp-content\/uploads\/2022\/07\/4-9-5_victoreleuterio_090242_34124-1-1536x1024.jpg 1536w\" sizes=\"(max-width: 2560px) 100vw, 2560px\" \/><figcaption id=\"caption-attachment-20538\" class=\"wp-caption-text\">Fonte: Victor Eleuterio<\/figcaption><\/figure>\n<p><span style=\"font-weight: 400;\">Depois Palmas no Estado de Tocantins, indo para Bom Jesus, no Piau\u00ed, Balsas, no Maranh\u00e3o. E, por fim, Salin\u00f3polis, no Estado do Par\u00e1. Sendo, portanto, finalizada a prova no dia 10 de setembro.<\/span><\/p>\n<p><span style=\"font-weight: 400;\">Os competidores est\u00e3o divididos em 4 categorias, sendo elas: carro, moto, quadriciclo e UTV, que \u00e9 uma mistura de carro com quadriciclo. \u00c9 muita emo\u00e7\u00e3o num evento s\u00f3!\u00a0\u00a0<\/span><\/p>\n<p><span style=\"font-weight: 400;\">Outra novidade \u00e9 que o Rally dos Sert\u00f5es 2022 ser\u00e1 o maior Rally do mundo! Isso porque ir\u00e1 quebrar os recordes de dist\u00e2ncia, superando em aproximadamente 800 km a dist\u00e2ncia do Rally Dakar.\u00a0<\/span><\/p>\n<figure id=\"attachment_20541\" aria-describedby=\"caption-attachment-20541\" style=\"width: 2560px\" class=\"wp-caption alignnone\"><img decoding=\"async\" loading=\"lazy\" class=\"wp-image-20541 size-full\" title=\"Rally dos Sert\u00f5es em Foz\" src=\"https:\/\/www.hoteldelreyfoz.com\/wp-content\/uploads\/2022\/07\/315_marcelomaragni_014067_34124-scaled.jpg\" alt=\"Rally dos Sert\u00f5es\" width=\"2560\" height=\"1706\" srcset=\"https:\/\/www.hoteldelreyfoz.com\/wp-content\/uploads\/2022\/07\/315_marcelomaragni_014067_34124-scaled.jpg 2048w, https:\/\/www.hoteldelreyfoz.com\/wp-content\/uploads\/2022\/07\/315_marcelomaragni_014067_34124-300x200.jpg 300w, https:\/\/www.hoteldelreyfoz.com\/wp-content\/uploads\/2022\/07\/315_marcelomaragni_014067_34124-1024x683.jpg 1024w, https:\/\/www.hoteldelreyfoz.com\/wp-content\/uploads\/2022\/07\/315_marcelomaragni_014067_34124-768x512.jpg 768w, https:\/\/www.hoteldelreyfoz.com\/wp-content\/uploads\/2022\/07\/315_marcelomaragni_014067_34124-1536x1024.jpg 1536w\" sizes=\"(max-width: 2560px) 100vw, 2560px\" \/><figcaption id=\"caption-attachment-20541\" class=\"wp-caption-text\">Fonte: Marcelo Maragni<\/figcaption><\/figure>\n<h2><span class=\"ez-toc-section\" id=\"Foz-do-Iguacu-e-Rally-dos-Sertoes\"><\/span><span style=\"font-weight: 400;\">Foz do Igua\u00e7u e Rally dos Sert\u00f5es\u00a0<\/span><span class=\"ez-toc-section-end\"><\/span><\/h2>\n<p><span style=\"font-weight: 400;\">Foz do Igua\u00e7u j\u00e1 esteve anteriormente, na edi\u00e7\u00e3o de 2015, no roteiro do Rally dos Sert\u00f5es, quando foi palco do encerramento da competi\u00e7\u00e3o.\u00a0<\/span><\/p>\n<p><span style=\"font-weight: 400;\">J\u00e1 esse ano a cidade ser\u00e1 o palco da abertura do evento, colocando pela primeira vez o estado do Paran\u00e1 como sede da largada da corrida off-road.<\/span><\/p>\n<p><img decoding=\"async\" loading=\"lazy\" class=\"alignnone wp-image-18425 size-full\" title=\"Rally dos Sert\u00f5es em Foz\" src=\"https:\/\/www.hoteldelreyfoz.com\/wp-content\/uploads\/2021\/09\/IMG_6270-1-scaled.jpg\" alt=\"cataratas\" width=\"2560\" height=\"1707\" srcset=\"https:\/\/www.hoteldelreyfoz.com\/wp-content\/uploads\/2021\/09\/IMG_6270-1-scaled.jpg 2560w, https:\/\/www.hoteldelreyfoz.com\/wp-content\/uploads\/2021\/09\/IMG_6270-1-300x200.jpg 300w, https:\/\/www.hoteldelreyfoz.com\/wp-content\/uploads\/2021\/09\/IMG_6270-1-1024x683.jpg 1024w, https:\/\/www.hoteldelreyfoz.com\/wp-content\/uploads\/2021\/09\/IMG_6270-1-768x512.jpg 768w, https:\/\/www.hoteldelreyfoz.com\/wp-content\/uploads\/2021\/09\/IMG_6270-1-1536x1024.jpg 1536w, https:\/\/www.hoteldelreyfoz.com\/wp-content\/uploads\/2021\/09\/IMG_6270-1-2048x1365.jpg 2048w\" sizes=\"(max-width: 2560px) 100vw, 2560px\" \/><\/p>\n<h2><span class=\"ez-toc-section\" id=\"Importancia-do-Rally-dos-Sertoes\"><\/span><span style=\"font-weight: 400;\">Import\u00e2ncia do Rally dos Sert\u00f5es\u00a0<\/span><span class=\"ez-toc-section-end\"><\/span><\/h2>\n<p><span style=\"font-weight: 400;\">Para Jaime Mendes, s\u00f3cio-propriet\u00e1rio do Del Rey Quality Hotel e vice-presidente do Visit Iguassu, estima-se que aproximadamente 2 mil pessoas. Entre pilotos, mec\u00e2nicos e t\u00e9cnicos, estejam na cidade de Foz nesta data para a ocasi\u00e3o da largada da prova.<\/span><\/p>\n<p><span style=\"font-weight: 400;\">O evento ir\u00e1 atrair ainda mais gente para a cidade, assim como familiares e amigos dos competidores. \u201cAl\u00e9m do mais, muitas pessoas devem vir de regi\u00f5es pr\u00f3ximas para verificar de perto como v\u00e3o ser os treinos e os preparativos\u201d, afirma o empres\u00e1rio do turismo de Foz.<\/span><\/p>\n<figure id=\"attachment_20537\" aria-describedby=\"caption-attachment-20537\" style=\"width: 2560px\" class=\"wp-caption alignnone\"><img decoding=\"async\" loading=\"lazy\" class=\"wp-image-20537 size-full\" title=\"Rally dos Sert\u00f5es em Foz\" src=\"https:\/\/www.hoteldelreyfoz.com\/wp-content\/uploads\/2022\/07\/220_viniciusbranca_009368_34124-1-scaled.jpg\" alt=\"Rally dos Sert\u00f5es em Foz\" width=\"2560\" height=\"1706\" srcset=\"https:\/\/www.hoteldelreyfoz.com\/wp-content\/uploads\/2022\/07\/220_viniciusbranca_009368_34124-1-scaled.jpg 2048w, https:\/\/www.hoteldelreyfoz.com\/wp-content\/uploads\/2022\/07\/220_viniciusbranca_009368_34124-1-300x200.jpg 300w, https:\/\/www.hoteldelreyfoz.com\/wp-content\/uploads\/2022\/07\/220_viniciusbranca_009368_34124-1-1024x683.jpg 1024w, https:\/\/www.hoteldelreyfoz.com\/wp-content\/uploads\/2022\/07\/220_viniciusbranca_009368_34124-1-768x512.jpg 768w, https:\/\/www.hoteldelreyfoz.com\/wp-content\/uploads\/2022\/07\/220_viniciusbranca_009368_34124-1-1536x1024.jpg 1536w\" sizes=\"(max-width: 2560px) 100vw, 2560px\" \/><figcaption id=\"caption-attachment-20537\" class=\"wp-caption-text\">Fonte: Vinicius Branca<\/figcaption><\/figure>\n<p><span style=\"font-weight: 400;\">A cidade de Foz do Igua\u00e7u\u00a0 ir\u00e1 ceder \u00e0 organiza\u00e7\u00e3o do evento um amplo espa\u00e7o &#8211; com arquibancada para 5 mil pessoas &#8211; onde acontecer\u00e1 o treinamento, o aquecimento e, \u00e9 claro, a largada da prova.<\/span><\/p>\n<p><span style=\"font-weight: 400;\">O Rally dos Sert\u00f5es ser\u00e1 mais um grande acontecimento para o <\/span><a href=\"https:\/\/www.hoteldelreyfoz.com\/pt_br\/blog\/confira-os-principais-eventos-de-2022-em-foz-do-iguacu-2\/\" target=\"_blank\" rel=\"noopener\"><span style=\"font-weight: 400;\">calend\u00e1rio anual de eventos em Foz do Igua\u00e7u<\/span><\/a><span style=\"font-weight: 400;\">. Al\u00e9m de dar m\u00eddia e holofotes voltados para Foz, esse evento ainda ser\u00e1 muito importante para a economia da cidade.\u00a0<\/span><\/p>\n<h2><span class=\"ez-toc-section\" id=\"Assista-ao-Rally-dos-Sertoes-e-conheca-Foz\"><\/span><span style=\"font-weight: 400;\">Assista ao Rally dos Sert\u00f5es e conhe\u00e7a Foz!<\/span><span class=\"ez-toc-section-end\"><\/span><\/h2>\n<p><span style=\"font-weight: 400;\">Al\u00e9m da oportunidade de assistir a um dos maiores eventos de Rally do mundo, voc\u00ea ainda pode aproveitar a ocasi\u00e3o para conhecer Foz do Igua\u00e7u.\u00a0<\/span><\/p>\n<p><span style=\"font-weight: 400;\">Voc\u00ea sabia que al\u00e9m das Cataratas do Igua\u00e7u, uma das 7 maravilhas naturais do mundo, Foz ainda possui mais de <\/span><a href=\"https:\/\/www.hoteldelreyfoz.com\/pt_br\/blog\/conheca-37-atrativos-turisticos-em-foz-do-iguacu\/\" target=\"_blank\" rel=\"noopener\"><span style=\"font-weight: 400;\">37 atrativos tur\u00edsticos<\/span><\/a><span style=\"font-weight: 400;\">?\u00a0<\/span><\/p>\n<p><img decoding=\"async\" loading=\"lazy\" class=\"alignnone wp-image-19897 size-full\" title=\"Rally dos Sert\u00f5es em Foz\" src=\"https:\/\/www.hoteldelreyfoz.com\/wp-content\/uploads\/2022\/02\/parque-das-aves-min.jpg\" alt=\"parque das aves\" width=\"1000\" height=\"714\" srcset=\"https:\/\/www.hoteldelreyfoz.com\/wp-content\/uploads\/2022\/02\/parque-das-aves-min.jpg 1000w, https:\/\/www.hoteldelreyfoz.com\/wp-content\/uploads\/2022\/02\/parque-das-aves-min-300x214.jpg 300w, https:\/\/www.hoteldelreyfoz.com\/wp-content\/uploads\/2022\/02\/parque-das-aves-min-768x548.jpg 768w\" sizes=\"(max-width: 1000px) 100vw, 1000px\" \/><\/p>\n<p><span style=\"font-weight: 400;\">L\u00e1 voc\u00ea pode encontrar lugares com a natureza preservada, vasta fauna e flora, al\u00e9m de possibilidades de explora\u00e7\u00e3o do ecoturismo e esportes de aventura. Demais, n\u00e9?<\/span><\/p>\n<p><span style=\"font-weight: 400;\">J\u00e1 pensou tamb\u00e9m em tomar um banho nas \u00e1guas das Cataratas com o <\/span><a href=\"https:\/\/www.hoteldelreyfoz.com\/pt_br\/blog\/macuco-safari-uma-aventura-inedita\/\" target=\"_blank\" rel=\"noopener\"><span style=\"font-weight: 400;\">Macuco Safari<\/span><\/a><span style=\"font-weight: 400;\">? E pode ter contato com diversos tipos de animais no Parque das Aves.<\/span><\/p>\n<p><span style=\"font-weight: 400;\">Contemplar a vista de uma Tr\u00edplice Fronteira com um p\u00f4r-do-sol incr\u00edvel no <\/span><a href=\"https:\/\/www.hoteldelreyfoz.com\/pt_br\/blog\/conheca-o-marco-das-tres-fronteiras-2022\/\" target=\"_blank\" rel=\"noopener\"><span style=\"font-weight: 400;\">Marco das Tr\u00eas Fronteiras,<\/span><\/a><span style=\"font-weight: 400;\"> passeios culturais como visitar <\/span><a href=\"https:\/\/www.hoteldelreyfoz.com\/pt_br\/blog\/saiba-mais-sobre-o-templo-budista-chen-tien-em-foz-do-iguacu-2022\/\" target=\"_blank\" rel=\"noopener\"><span style=\"font-weight: 400;\">o Templo Budista Chen Tien<\/span><\/a><span style=\"font-weight: 400;\">.<\/span><\/p>\n<p><img decoding=\"async\" loading=\"lazy\" class=\"alignnone wp-image-19938 size-full\" src=\"https:\/\/www.hoteldelreyfoz.com\/wp-content\/uploads\/2018\/02\/imgns-blog-MAR22-BUDISTA2.jpg\" alt=\"templo budista\" width=\"1200\" height=\"630\" srcset=\"https:\/\/www.hoteldelreyfoz.com\/wp-content\/uploads\/2018\/02\/imgns-blog-MAR22-BUDISTA2.jpg 1200w, https:\/\/www.hoteldelreyfoz.com\/wp-content\/uploads\/2018\/02\/imgns-blog-MAR22-BUDISTA2-300x158.jpg 300w, https:\/\/www.hoteldelreyfoz.com\/wp-content\/uploads\/2018\/02\/imgns-blog-MAR22-BUDISTA2-1024x538.jpg 1024w, https:\/\/www.hoteldelreyfoz.com\/wp-content\/uploads\/2018\/02\/imgns-blog-MAR22-BUDISTA2-768x403.jpg 768w\" sizes=\"(max-width: 1200px) 100vw, 1200px\" \/><\/p>\n<p><span style=\"font-weight: 400;\">E, \u00e0 noite, provar uma <\/span><a href=\"https:\/\/www.hoteldelreyfoz.com\/pt_br\/blog\/8-dicas-para-aproveitar-a-gastronomia-em-foz-do-iguacu\/\" target=\"_blank\" rel=\"noopener\"><span style=\"font-weight: 400;\">experi\u00eancia gastron\u00f4mica <\/span><\/a><span style=\"font-weight: 400;\">deliciosa em Foz, ou at\u00e9 mesmo curtir um barzinho, pub ou balada!<\/span><\/p>\n<p><span style=\"font-weight: 400;\">Acredite: s\u00e3o atra\u00e7\u00f5es para todos os gostos e idades!<\/span><\/p>\n<p><span style=\"font-weight: 400;\">Ah, quase nos esquecemos das <\/span><a href=\"https:\/\/www.hoteldelreyfoz.com\/pt_br\/blog\/veja-as-4-melhores-dicas-de-compras-e-passeios-no-paraguai\/\" target=\"_blank\" rel=\"noopener\"><span style=\"font-weight: 400;\">compras no Paraguai<\/span><\/a><span style=\"font-weight: 400;\">! Quem n\u00e3o ama produtos de qualidade e importados por um \u00f3timo pre\u00e7o, n\u00e3o \u00e9 mesmo?<\/span><\/p>\n<p><img decoding=\"async\" loading=\"lazy\" class=\"alignnone wp-image-20024 size-full\" title=\"Rally dos Sert\u00f5es em Foz\" src=\"https:\/\/www.hoteldelreyfoz.com\/wp-content\/uploads\/2022\/04\/imgns-blog-MAI225.jpg\" alt=\"shopping paraguai\" width=\"1200\" height=\"630\" srcset=\"https:\/\/www.hoteldelreyfoz.com\/wp-content\/uploads\/2022\/04\/imgns-blog-MAI225.jpg 1200w, https:\/\/www.hoteldelreyfoz.com\/wp-content\/uploads\/2022\/04\/imgns-blog-MAI225-300x158.jpg 300w, https:\/\/www.hoteldelreyfoz.com\/wp-content\/uploads\/2022\/04\/imgns-blog-MAI225-1024x538.jpg 1024w, https:\/\/www.hoteldelreyfoz.com\/wp-content\/uploads\/2022\/04\/imgns-blog-MAI225-768x403.jpg 768w\" sizes=\"(max-width: 1200px) 100vw, 1200px\" \/><\/p>\n<h2><span class=\"ez-toc-section\" id=\"Del-Rey-Quality-Hotel\"><\/span><span style=\"font-weight: 400;\">Del Rey Quality Hotel\u00a0<\/span><span class=\"ez-toc-section-end\"><\/span><\/h2>\n<p><span style=\"font-weight: 400;\">Se est\u00e1 arrumando suas malas para assistir a largada do Rally dos Sert\u00f5es em Foz do Igua\u00e7u e ainda n\u00e3o sabe onde se hospedar, vou te dar uma dica! Voc\u00ea conhece o Del Rey Quality Hotel!<\/span><\/p>\n<p><span style=\"font-weight: 400;\">O Hotel Del Rey, que fica bem no Centro, \u00e9 um dos hot\u00e9is mais bem avaliados nos sites de viagem, como o TripAdvisor. Portanto, recebe as melhores notas pelos pr\u00f3prios viajantes.<\/span><\/p>\n<p><img decoding=\"async\" loading=\"lazy\" class=\"alignnone wp-image-20002 size-full\" title=\"Rally dos Sert\u00f5es em Foz\" src=\"https:\/\/www.hoteldelreyfoz.com\/wp-content\/uploads\/2022\/04\/imgns-blog-pordosol-ABR227.jpg\" alt=\"Piscina Hotel Del Rey Foz\" width=\"1200\" height=\"630\" srcset=\"https:\/\/www.hoteldelreyfoz.com\/wp-content\/uploads\/2022\/04\/imgns-blog-pordosol-ABR227.jpg 1200w, https:\/\/www.hoteldelreyfoz.com\/wp-content\/uploads\/2022\/04\/imgns-blog-pordosol-ABR227-300x158.jpg 300w, https:\/\/www.hoteldelreyfoz.com\/wp-content\/uploads\/2022\/04\/imgns-blog-pordosol-ABR227-1024x538.jpg 1024w, https:\/\/www.hoteldelreyfoz.com\/wp-content\/uploads\/2022\/04\/imgns-blog-pordosol-ABR227-768x403.jpg 768w\" sizes=\"(max-width: 1200px) 100vw, 1200px\" \/><\/p>\n<p><span style=\"font-weight: 400;\">Ele oferece piscina aquecida no terra\u00e7o, que fica aberta at\u00e9 \u00e0 noite, com uma vista panor\u00e2mica para a cidade de Foz e uma privilegiada vis\u00e3o de um lindo p\u00f4r do sol.\u00a0<\/span><\/p>\n<p><span style=\"font-weight: 400;\">Al\u00e9m de um caf\u00e9 da manh\u00e3 completo e delicioso, em hor\u00e1rio especial, para os h\u00f3spedes que precisarem a partir das 3h da madrugada.<\/span><\/p>\n<p><img decoding=\"async\" loading=\"lazy\" class=\"alignnone wp-image-18791 size-full\" title=\"Rally dos Sert\u00f5es em Foz\" src=\"https:\/\/www.hoteldelreyfoz.com\/wp-content\/uploads\/2021\/10\/cafe-da-manha-min-1-1-1.jpg\" alt=\"Hotel Del Rey Foz\" width=\"960\" height=\"640\" srcset=\"https:\/\/www.hoteldelreyfoz.com\/wp-content\/uploads\/2021\/10\/cafe-da-manha-min-1-1-1.jpg 960w, https:\/\/www.hoteldelreyfoz.com\/wp-content\/uploads\/2021\/10\/cafe-da-manha-min-1-1-1-300x200.jpg 300w, https:\/\/www.hoteldelreyfoz.com\/wp-content\/uploads\/2021\/10\/cafe-da-manha-min-1-1-1-768x512.jpg 768w\" sizes=\"(max-width: 960px) 100vw, 960px\" \/><\/p>\n<p><span style=\"font-weight: 400;\">Certamente, os 91 apartamentos s\u00e3o modernos, com ar condicionado, cofre para tornar a estadia ainda mais segura e excelente servi\u00e7o de quarto. Assim, como esse conforto oferecido pelo Del Rey Quality Hotel, h\u00e1 tamb\u00e9m a praticidade e facilidade de passeios e compras.\u00a0<\/span><\/p>\n<p><span style=\"font-weight: 400;\">Tudo isso com um atendimento de primeira e acolhimento humanizado, algo que s\u00f3 quem tem 3 d\u00e9cadas de experi\u00eancia consegue oferecer.<\/span><\/p>\n<p><img decoding=\"async\" loading=\"lazy\" class=\"alignnone size-full wp-image-16660\" src=\"https:\/\/www.hoteldelreyfoz.com\/wp-content\/uploads\/2021\/07\/Hotel-Del-Rey-2014-8-1170x780-1-1.jpg\" alt=\"\" width=\"1170\" height=\"780\" srcset=\"https:\/\/www.hoteldelreyfoz.com\/wp-content\/uploads\/2021\/07\/Hotel-Del-Rey-2014-8-1170x780-1-1.jpg 1170w, https:\/\/www.hoteldelreyfoz.com\/wp-content\/uploads\/2021\/07\/Hotel-Del-Rey-2014-8-1170x780-1-1-300x200.jpg 300w, https:\/\/www.hoteldelreyfoz.com\/wp-content\/uploads\/2021\/07\/Hotel-Del-Rey-2014-8-1170x780-1-1-1024x683.jpg 1024w, https:\/\/www.hoteldelreyfoz.com\/wp-content\/uploads\/2021\/07\/Hotel-Del-Rey-2014-8-1170x780-1-1-768x512.jpg 768w\" sizes=\"(max-width: 1170px) 100vw, 1170px\" \/><\/p>\n<p><span style=\"font-weight: 400;\">Por fim, O Del Rey fica ao lado do Terminal de Transporte Urbano e pr\u00f3ximo aos principais restaurantes, mercados, padarias, farm\u00e1cias e bancos. <\/span><\/p>\n<p><span style=\"font-weight: 400;\">Com f\u00e1cil acesso aos pontos principais da cidade, inclusive, ao Paraguai, caso voc\u00ea queira aproveitar a viagem para realizar compras.<\/span><\/p>\n<p><span style=\"font-weight: 400;\">Se fizer sua reserva diretamente pelo site Del Rey Quality ou canais de atendimento (Instagram @delreyfoz, Facebook Del Rey Foz e WhatsApp (45) 88341873 ) voc\u00ea garante a sua reserva com 10% de desconto.<\/span><\/p>",
        "protected": false
    },
    "excerpt": {
        "rendered": "<p>Pela primeira vez na hist\u00f3ria, um dos rallys mais famosos do mundo ir\u00e1 sair de Foz do Igua\u00e7u! A cidade foi escolhida para ser a sede comemorativa do 30\u00b0 ano do evento. E j\u00e1 estamos na contagem regressiva de 30 dias para a largada do Rally dos Sert\u00f5es em Foz do Igua\u00e7u! O momento da [&hellip;]<\/p>",
        "protected": false
    },
    "author": 1,
    "featured_media": 20540,
    "comment_status": "closed",
    "ping_status": "closed",
    "sticky": false,
    "template": "",
    "format": "standard",
    "meta": {
        "footnotes": ""
    },
    "categories": [
        350,
        2,
        40
    ],
    "tags": [],
    "yoast_head": "<!-- This site is optimized with the Yoast SEO plugin v20.12 - https:\/\/yoast.com\/wordpress\/plugins\/seo\/ -->\n<title>30 dias para a largada do Rally dos Sert\u00f5es em Foz do Igua\u00e7u!<\/title>\n<meta name=\"description\" content=\"Est\u00e1 chegando um dos eventos mais aguardados! Estamos em contagem regressiva para a largada do Rally dos Sert\u00f5es em Foz do Igua\u00e7u!\" \/>\n<meta name=\"robots\" content=\"index, follow, max-snippet:-1, max-image-preview:large, max-video-preview:-1\" \/>\n<link rel=\"canonical\" href=\"https:\/\/www.hoteldelreyfoz.com\/pt_br\/blog\/30-days-to-the-start-of-the-sertoes-rally-in-foz-do-iguacu\/\" \/>\n<meta property=\"og:locale\" content=\"pt_BR\" \/>\n<meta property=\"og:type\" content=\"article\" \/>\n<meta property=\"og:title\" content=\"30 dias para a largada do Rally dos Sert\u00f5es em Foz do Igua\u00e7u!\" \/>\n<meta property=\"og:description\" content=\"Est\u00e1 chegando um dos eventos mais aguardados! Estamos em contagem regressiva para a largada do Rally dos Sert\u00f5es em Foz do Igua\u00e7u!\" \/>\n<meta property=\"og:url\" content=\"https:\/\/www.hoteldelreyfoz.com\/pt_br\/blog\/30-days-to-the-start-of-the-sertoes-rally-in-foz-do-iguacu\/\" \/>\n<meta property=\"og:site_name\" content=\"Del Rey Quality Hotel\" \/>\n<meta property=\"article:publisher\" content=\"https:\/\/www.facebook.com\/delreyfozhotel\" \/>\n<meta property=\"article:published_time\" content=\"2022-07-07T17:26:11+00:00\" \/>\n<meta property=\"article:modified_time\" content=\"2022-07-07T17:36:35+00:00\" \/>\n<meta property=\"og:image\" content=\"https:\/\/www.hoteldelreyfoz.com\/wp-content\/uploads\/2022\/07\/281_victoreleuterio_070662_34124-scaled.jpg\" \/>\n\t<meta property=\"og:image:width\" content=\"2048\" \/>\n\t<meta property=\"og:image:height\" content=\"1366\" \/>\n\t<meta property=\"og:image:type\" content=\"image\/jpeg\" \/>\n<meta name=\"author\" content=\"c3dwebadmin\" \/>\n<meta name=\"twitter:card\" content=\"summary_large_image\" \/>\n<meta name=\"twitter:label1\" content=\"Escrito por\" \/>\n\t<meta name=\"twitter:data1\" content=\"\" \/>\n\t<meta name=\"twitter:label2\" content=\"Est. tempo de leitura\" \/>\n\t<meta name=\"twitter:data2\" content=\"9 minutos\" \/>\n<script type=\"application\/ld+json\" class=\"yoast-schema-graph\">{\"@context\":\"https:\/\/schema.org\",\"@graph\":[{\"@type\":\"Article\",\"@id\":\"https:\/\/www.hoteldelreyfoz.com\/blog\/30-days-to-the-start-of-the-sertoes-rally-in-foz-do-iguacu\/#article\",\"isPartOf\":{\"@id\":\"https:\/\/www.hoteldelreyfoz.com\/blog\/30-days-to-the-start-of-the-sertoes-rally-in-foz-do-iguacu\/\"},\"author\":{\"name\":\"c3dwebadmin\",\"@id\":\"https:\/\/www.hoteldelreyfoz.com\/#\/schema\/person\/2773cc4553fc7dd09ac645b4d7499c90\"},\"headline\":\"30 dias para a largada do Rally dos Sert\u00f5es em Foz do Igua\u00e7u!\",\"datePublished\":\"2022-07-07T17:26:11+00:00\",\"dateModified\":\"2022-07-07T17:36:35+00:00\",\"mainEntityOfPage\":{\"@id\":\"https:\/\/www.hoteldelreyfoz.com\/blog\/30-days-to-the-start-of-the-sertoes-rally-in-foz-do-iguacu\/\"},\"wordCount\":1196,\"publisher\":{\"@id\":\"https:\/\/www.hoteldelreyfoz.com\/#organization\"},\"articleSection\":[\"Eventos\",\"O que fazer\",\"Planejamento\"],\"inLanguage\":\"pt-BR\"},{\"@type\":\"WebPage\",\"@id\":\"https:\/\/www.hoteldelreyfoz.com\/blog\/30-days-to-the-start-of-the-sertoes-rally-in-foz-do-iguacu\/\",\"url\":\"https:\/\/www.hoteldelreyfoz.com\/blog\/30-days-to-the-start-of-the-sertoes-rally-in-foz-do-iguacu\/\",\"name\":\"30 dias para a largada do Rally dos Sert\u00f5es em Foz do Igua\u00e7u!\",\"isPartOf\":{\"@id\":\"https:\/\/www.hoteldelreyfoz.com\/#website\"},\"datePublished\":\"2022-07-07T17:26:11+00:00\",\"dateModified\":\"2022-07-07T17:36:35+00:00\",\"description\":\"Est\u00e1 chegando um dos eventos mais aguardados! Estamos em contagem regressiva para a largada do Rally dos Sert\u00f5es em Foz do Igua\u00e7u!\",\"breadcrumb\":{\"@id\":\"https:\/\/www.hoteldelreyfoz.com\/blog\/30-days-to-the-start-of-the-sertoes-rally-in-foz-do-iguacu\/#breadcrumb\"},\"inLanguage\":\"pt-BR\",\"potentialAction\":[{\"@type\":\"ReadAction\",\"target\":[\"https:\/\/www.hoteldelreyfoz.com\/blog\/30-days-to-the-start-of-the-sertoes-rally-in-foz-do-iguacu\/\"]}]},{\"@type\":\"BreadcrumbList\",\"@id\":\"https:\/\/www.hoteldelreyfoz.com\/blog\/30-days-to-the-start-of-the-sertoes-rally-in-foz-do-iguacu\/#breadcrumb\",\"itemListElement\":[{\"@type\":\"ListItem\",\"position\":1,\"name\":\"In\u00edcio\",\"item\":\"https:\/\/www.hoteldelreyfoz.com\/en\/\"},{\"@type\":\"ListItem\",\"position\":2,\"name\":\"30 dias para a largada do Rally dos Sert\u00f5es em Foz do Igua\u00e7u!\"}]},{\"@type\":\"WebSite\",\"@id\":\"https:\/\/www.hoteldelreyfoz.com\/#website\",\"url\":\"https:\/\/www.hoteldelreyfoz.com\/\",\"name\":\"Del Rey Quality Hotel\",\"description\":\"Hotel em Foz do Igua\u00e7u com pre\u00e7os acess\u00edveis, quartos amplos e localiza\u00e7\u00e3o no Centro, perto de tudo. Reserve pelo nosso site com desconto!\",\"publisher\":{\"@id\":\"https:\/\/www.hoteldelreyfoz.com\/#organization\"},\"potentialAction\":[{\"@type\":\"SearchAction\",\"target\":{\"@type\":\"EntryPoint\",\"urlTemplate\":\"https:\/\/www.hoteldelreyfoz.com\/?s={search_term_string}\"},\"query-input\":\"required name=search_term_string\"}],\"inLanguage\":\"pt-BR\"},{\"@type\":\"Organization\",\"@id\":\"https:\/\/www.hoteldelreyfoz.com\/#organization\",\"name\":\"Del Rey Quality Hotel\",\"url\":\"https:\/\/www.hoteldelreyfoz.com\/\",\"logo\":{\"@type\":\"ImageObject\",\"inLanguage\":\"pt-BR\",\"@id\":\"https:\/\/www.hoteldelreyfoz.com\/#\/schema\/logo\/image\/\",\"url\":\"https:\/\/www.hoteldelreyfoz.com.br\/wp-content\/uploads\/2021\/09\/delrey.png\",\"contentUrl\":\"https:\/\/www.hoteldelreyfoz.com.br\/wp-content\/uploads\/2021\/09\/delrey.png\",\"width\":225,\"height\":224,\"caption\":\"Del Rey Quality Hotel\"},\"image\":{\"@id\":\"https:\/\/www.hoteldelreyfoz.com\/#\/schema\/logo\/image\/\"},\"sameAs\":[\"https:\/\/www.facebook.com\/delreyfozhotel\",\"https:\/\/www.instagram.com\/delreyfoz\/\",\"https:\/\/www.youtube.com\/channel\/UCSBntO46TaFRFMvuxjJBS_w\"]},{\"@type\":\"Person\",\"@id\":\"https:\/\/www.hoteldelreyfoz.com\/#\/schema\/person\/2773cc4553fc7dd09ac645b4d7499c90\",\"name\":\"c3dwebadmin\",\"sameAs\":[\"https:\/\/www.hoteldelreyfoz.com.br\"]}]}<\/script>\n<!-- \/ Yoast SEO plugin. -->",
    "yoast_head_json": {
        "title": "30 dias para a largada do Rally dos Sert\u00f5es em Foz do Igua\u00e7u!",
        "description": "Est\u00e1 chegando um dos eventos mais aguardados! Estamos em contagem regressiva para a largada do Rally dos Sert\u00f5es em Foz do Igua\u00e7u!",
        "robots": {
            "index": "index",
            "follow": "follow",
            "max-snippet": "max-snippet:-1",
            "max-image-preview": "max-image-preview:large",
            "max-video-preview": "max-video-preview:-1"
        },
        "canonical": "https:\/\/www.hoteldelreyfoz.com\/pt_br\/blog\/30-days-to-the-start-of-the-sertoes-rally-in-foz-do-iguacu\/",
        "og_locale": "pt_BR",
        "og_type": "article",
        "og_title": "30 dias para a largada do Rally dos Sert\u00f5es em Foz do Igua\u00e7u!",
        "og_description": "Est\u00e1 chegando um dos eventos mais aguardados! Estamos em contagem regressiva para a largada do Rally dos Sert\u00f5es em Foz do Igua\u00e7u!",
        "og_url": "https:\/\/www.hoteldelreyfoz.com\/pt_br\/blog\/30-days-to-the-start-of-the-sertoes-rally-in-foz-do-iguacu\/",
        "og_site_name": "Del Rey Quality Hotel",
        "article_publisher": "https:\/\/www.facebook.com\/delreyfozhotel",
        "article_published_time": "2022-07-07T17:26:11+00:00",
        "article_modified_time": "2022-07-07T17:36:35+00:00",
        "og_image": [
            {
                "width": 2048,
                "height": 1366,
                "url": "https:\/\/www.hoteldelreyfoz.com\/wp-content\/uploads\/2022\/07\/281_victoreleuterio_070662_34124-scaled.jpg",
                "type": "image\/jpeg"
            }
        ],
        "author": "c3dwebadmin",
        "twitter_card": "summary_large_image",
        "twitter_misc": {
            "Escrito por": false,
            "Est. tempo de leitura": "9 minutos"
        },
        "schema": {
            "@context": "https:\/\/schema.org",
            "@graph": [
                {
                    "@type": "Article",
                    "@id": "https:\/\/www.hoteldelreyfoz.com\/blog\/30-days-to-the-start-of-the-sertoes-rally-in-foz-do-iguacu\/#article",
                    "isPartOf": {
                        "@id": "https:\/\/www.hoteldelreyfoz.com\/blog\/30-days-to-the-start-of-the-sertoes-rally-in-foz-do-iguacu\/"
                    },
                    "author": {
                        "name": "c3dwebadmin",
                        "@id": "https:\/\/www.hoteldelreyfoz.com\/#\/schema\/person\/2773cc4553fc7dd09ac645b4d7499c90"
                    },
                    "headline": "30 dias para a largada do Rally dos Sert\u00f5es em Foz do Igua\u00e7u!",
                    "datePublished": "2022-07-07T17:26:11+00:00",
                    "dateModified": "2022-07-07T17:36:35+00:00",
                    "mainEntityOfPage": {
                        "@id": "https:\/\/www.hoteldelreyfoz.com\/blog\/30-days-to-the-start-of-the-sertoes-rally-in-foz-do-iguacu\/"
                    },
                    "wordCount": 1196,
                    "publisher": {
                        "@id": "https:\/\/www.hoteldelreyfoz.com\/#organization"
                    },
                    "articleSection": [
                        "Eventos",
                        "O que fazer",
                        "Planejamento"
                    ],
                    "inLanguage": "pt-BR"
                },
                {
                    "@type": "WebPage",
                    "@id": "https:\/\/www.hoteldelreyfoz.com\/blog\/30-days-to-the-start-of-the-sertoes-rally-in-foz-do-iguacu\/",
                    "url": "https:\/\/www.hoteldelreyfoz.com\/blog\/30-days-to-the-start-of-the-sertoes-rally-in-foz-do-iguacu\/",
                    "name": "30 dias para a largada do Rally dos Sert\u00f5es em Foz do Igua\u00e7u!",
                    "isPartOf": {
                        "@id": "https:\/\/www.hoteldelreyfoz.com\/#website"
                    },
                    "datePublished": "2022-07-07T17:26:11+00:00",
                    "dateModified": "2022-07-07T17:36:35+00:00",
                    "description": "Est\u00e1 chegando um dos eventos mais aguardados! Estamos em contagem regressiva para a largada do Rally dos Sert\u00f5es em Foz do Igua\u00e7u!",
                    "breadcrumb": {
                        "@id": "https:\/\/www.hoteldelreyfoz.com\/blog\/30-days-to-the-start-of-the-sertoes-rally-in-foz-do-iguacu\/#breadcrumb"
                    },
                    "inLanguage": "pt-BR",
                    "potentialAction": [
                        {
                            "@type": "ReadAction",
                            "target": [
                                "https:\/\/www.hoteldelreyfoz.com\/blog\/30-days-to-the-start-of-the-sertoes-rally-in-foz-do-iguacu\/"
                            ]
                        }
                    ]
                },
                {
                    "@type": "BreadcrumbList",
                    "@id": "https:\/\/www.hoteldelreyfoz.com\/blog\/30-days-to-the-start-of-the-sertoes-rally-in-foz-do-iguacu\/#breadcrumb",
                    "itemListElement": [
                        {
                            "@type": "ListItem",
                            "position": 1,
                            "name": "In\u00edcio",
                            "item": "https:\/\/www.hoteldelreyfoz.com\/en\/"
                        },
                        {
                            "@type": "ListItem",
                            "position": 2,
                            "name": "30 dias para a largada do Rally dos Sert\u00f5es em Foz do Igua\u00e7u!"
                        }
                    ]
                },
                {
                    "@type": "WebSite",
                    "@id": "https:\/\/www.hoteldelreyfoz.com\/#website",
                    "url": "https:\/\/www.hoteldelreyfoz.com\/",
                    "name": "Del Rey Quality Hotel",
                    "description": "Hotel em Foz do Igua\u00e7u com pre\u00e7os acess\u00edveis, quartos amplos e localiza\u00e7\u00e3o no Centro, perto de tudo. Reserve pelo nosso site com desconto!",
                    "publisher": {
                        "@id": "https:\/\/www.hoteldelreyfoz.com\/#organization"
                    },
                    "potentialAction": [
                        {
                            "@type": "SearchAction",
                            "target": {
                                "@type": "EntryPoint",
                                "urlTemplate": "https:\/\/www.hoteldelreyfoz.com\/?s={search_term_string}"
                            },
                            "query-input": "required name=search_term_string"
                        }
                    ],
                    "inLanguage": "pt-BR"
                },
                {
                    "@type": "Organization",
                    "@id": "https:\/\/www.hoteldelreyfoz.com\/#organization",
                    "name": "Del Rey Quality Hotel",
                    "url": "https:\/\/www.hoteldelreyfoz.com\/",
                    "logo": {
                        "@type": "ImageObject",
                        "inLanguage": "pt-BR",
                        "@id": "https:\/\/www.hoteldelreyfoz.com\/#\/schema\/logo\/image\/",
                        "url": "https:\/\/www.hoteldelreyfoz.com.br\/wp-content\/uploads\/2021\/09\/delrey.png",
                        "contentUrl": "https:\/\/www.hoteldelreyfoz.com.br\/wp-content\/uploads\/2021\/09\/delrey.png",
                        "width": 225,
                        "height": 224,
                        "caption": "Del Rey Quality Hotel"
                    },
                    "image": {
                        "@id": "https:\/\/www.hoteldelreyfoz.com\/#\/schema\/logo\/image\/"
                    },
                    "sameAs": [
                        "https:\/\/www.facebook.com\/delreyfozhotel",
                        "https:\/\/www.instagram.com\/delreyfoz\/",
                        "https:\/\/www.youtube.com\/channel\/UCSBntO46TaFRFMvuxjJBS_w"
                    ]
                },
                {
                    "@type": "Person",
                    "@id": "https:\/\/www.hoteldelreyfoz.com\/#\/schema\/person\/2773cc4553fc7dd09ac645b4d7499c90",
                    "name": "c3dwebadmin",
                    "sameAs": [
                        "https:\/\/www.hoteldelreyfoz.com.br"
                    ]
                }
            ]
        }
    },
    "_links": {
        "self": [
            {
                "href": "https:\/\/www.hoteldelreyfoz.com\/pt_br\/wp-json\/wp\/v2\/posts\/20533"
            }
        ],
        "collection": [
            {
                "href": "https:\/\/www.hoteldelreyfoz.com\/pt_br\/wp-json\/wp\/v2\/posts"
            }
        ],
        "about": [
            {
                "href": "https:\/\/www.hoteldelreyfoz.com\/pt_br\/wp-json\/wp\/v2\/types\/post"
            }
        ],
        "author": [
            {
                "embeddable": true,
                "href": "https:\/\/www.hoteldelreyfoz.com\/pt_br\/wp-json\/wp\/v2\/users\/1"
            }
        ],
        "replies": [
            {
                "embeddable": true,
                "href": "https:\/\/www.hoteldelreyfoz.com\/pt_br\/wp-json\/wp\/v2\/comments?post=20533"
            }
        ],
        "version-history": [
            {
                "count": 0,
                "href": "https:\/\/www.hoteldelreyfoz.com\/pt_br\/wp-json\/wp\/v2\/posts\/20533\/revisions"
            }
        ],
        "wp:featuredmedia": [
            {
                "embeddable": true,
                "href": "https:\/\/www.hoteldelreyfoz.com\/pt_br\/wp-json\/wp\/v2\/media\/20540"
            }
        ],
        "wp:attachment": [
            {
                "href": "https:\/\/www.hoteldelreyfoz.com\/pt_br\/wp-json\/wp\/v2\/media?parent=20533"
            }
        ],
        "wp:term": [
            {
                "taxonomy": "category",
                "embeddable": true,
                "href": "https:\/\/www.hoteldelreyfoz.com\/pt_br\/wp-json\/wp\/v2\/categories?post=20533"
            },
            {
                "taxonomy": "post_tag",
                "embeddable": true,
                "href": "https:\/\/www.hoteldelreyfoz.com\/pt_br\/wp-json\/wp\/v2\/tags?post=20533"
            }
        ],
        "curies": [
            {
                "name": "wp",
                "href": "https:\/\/api.w.org\/{rel}",
                "templated": true
            }
        ]
    }
}