{
    "id": 16422,
    "date": "2021-03-26T17:19:33",
    "date_gmt": "2021-03-26T20:19:33",
    "guid": {
        "rendered": "https:\/\/www.hoteldelreyfoz.com\/?p=16422"
    },
    "modified": "2021-03-26T17:19:33",
    "modified_gmt": "2021-03-26T20:19:33",
    "slug": "confira-os-novos-horarios-de-funcionamento-da-itaipu-binacional",
    "status": "publish",
    "type": "post",
    "link": "https:\/\/www.hoteldelreyfoz.com\/pt_br\/blog\/confira-os-novos-horarios-de-funcionamento-da-itaipu-binacional\/",
    "title": {
        "rendered": "Confira os novos hor\u00e1rios de funcionamento da Itaipu Binacional"
    },
    "content": {
        "rendered": "<p style=\"text-align: justify;\">Se voc\u00ea est\u00e1 visitando Foz do Igua\u00e7u e\/ou planejando o seu pr\u00f3ximo roteiro de passeios pela Itaipu Binacional, \u00e9 importante ficar atento ao blogpost de hoje do Del Rey Quality. <em>Por qu\u00ea?<\/em> Isso mesmo: <strong>o atrativo possui novos hor\u00e1rios de funcionamento a partir de 1\u00ba de abril!<\/strong><\/p>\n<p style=\"text-align: justify;\">Visando a higieniza\u00e7\u00e3o e manuten\u00e7\u00e3o de todos os espa\u00e7os do local, o Complexo Tur\u00edstico Itaipu n\u00e3o ir\u00e1 abrir \u00e0s ter\u00e7as-feiras ao p\u00fablico em geral. A medida foi imposta para melhorar o atendimento aos visitantes e o cuidado com os colaboradores durante esse per\u00edodo de pandemia.<\/p>\n<p style=\"text-align: justify;\">Vale ressaltar que, alguns dos hor\u00e1rios de passeios tamb\u00e9m ser\u00e3o reduzidos. Em fun\u00e7\u00e3o dos decretos estaduais, as atividades funcionam com 30% do limite de sua capacidade.<\/p>\n<div id=\"ez-toc-container\" class=\"ez-toc-v2_0_76 counter-flat ez-toc-counter ez-toc-custom ez-toc-container-direction\">\n<div class=\"ez-toc-title-container\"><p class=\"ez-toc-title\" style=\"cursor:inherit\">Confira no artigo:<\/p>\n<\/div><nav><ul class='ez-toc-list ez-toc-list-level-1' ><li class='ez-toc-page-1'><a class=\"ez-toc-link ez-toc-heading-1\" href=\"https:\/\/www.hoteldelreyfoz.com\/pt_br\/blog\/confira-os-novos-horarios-de-funcionamento-da-itaipu-binacional\/#Atencao-para-os-novos-horarios-de-funcionamento-a-partir-de-1o-de-abril\" >Aten\u00e7\u00e3o para os novos hor\u00e1rios de funcionamento (a partir de 1\u00ba de abril)<\/a><\/li><li class='ez-toc-page-1'><a class=\"ez-toc-link ez-toc-heading-2\" href=\"https:\/\/www.hoteldelreyfoz.com\/pt_br\/blog\/confira-os-novos-horarios-de-funcionamento-da-itaipu-binacional\/#A-pandemia-nao-acabou-cuide-se\" >A pandemia n\u00e3o acabou: cuide-se<\/a><\/li><li class='ez-toc-page-1'><a class=\"ez-toc-link ez-toc-heading-3\" href=\"https:\/\/www.hoteldelreyfoz.com\/pt_br\/blog\/confira-os-novos-horarios-de-funcionamento-da-itaipu-binacional\/#Programe-seu-roteiro-saiba-mais-sobre-os-passeios-em-Itaipu\" >Programe seu roteiro: saiba mais sobre os passeios em Itaipu!<\/a><\/li><li class='ez-toc-page-1'><a class=\"ez-toc-link ez-toc-heading-4\" href=\"https:\/\/www.hoteldelreyfoz.com\/pt_br\/blog\/confira-os-novos-horarios-de-funcionamento-da-itaipu-binacional\/#Itaipu-Panoramica\" >Itaipu Panor\u00e2mica<\/a><\/li><li class='ez-toc-page-1'><a class=\"ez-toc-link ez-toc-heading-5\" href=\"https:\/\/www.hoteldelreyfoz.com\/pt_br\/blog\/confira-os-novos-horarios-de-funcionamento-da-itaipu-binacional\/#Itaipu-Refugio-Biologico\" >Itaipu Ref\u00fagio Biol\u00f3gico<\/a><\/li><li class='ez-toc-page-1'><a class=\"ez-toc-link ez-toc-heading-6\" href=\"https:\/\/www.hoteldelreyfoz.com\/pt_br\/blog\/confira-os-novos-horarios-de-funcionamento-da-itaipu-binacional\/#Itaipu-Ecomuseu\" >Itaipu Ecomuseu<\/a><\/li><li class='ez-toc-page-1'><a class=\"ez-toc-link ez-toc-heading-7\" href=\"https:\/\/www.hoteldelreyfoz.com\/pt_br\/blog\/confira-os-novos-horarios-de-funcionamento-da-itaipu-binacional\/#Que-tal-a-sua-estadia-com-10-de-desconto\" >Que tal a sua estadia com 10% de desconto?<\/a><\/li><\/ul><\/nav><\/div>\n<h3 style=\"text-align: justify;\"><span class=\"ez-toc-section\" id=\"Atencao-para-os-novos-horarios-de-funcionamento-a-partir-de-1o-de-abril\"><\/span><strong>Aten\u00e7\u00e3o para os novos hor\u00e1rios de funcionamento (a partir de 1\u00ba de abril)<\/strong><span class=\"ez-toc-section-end\"><\/span><\/h3>\n<ul>\n<li style=\"text-align: justify;\"><strong>Itaipu Panor\u00e2mica:<\/strong> sa\u00eddas a cada hora cheia, das 9h \u00e0s 16h, com capacidade m\u00e1xima de 35 visitantes nos \u00f4nibus da empresa;<\/li>\n<li style=\"text-align: justify;\"><strong>Itaipu Ref\u00fagio Biol\u00f3gico:<\/strong> no m\u00e1ximo 15 visitantes por sa\u00edda, \u00e0s 8h30, 9h30, 10h30, 13h30, 14h30 e 15h30;<\/li>\n<li style=\"text-align: justify;\"><strong>Itaipu Ecomuseu:<\/strong> das 10h \u00e0s 17h, com capacidade de 30% em cada espa\u00e7o. A Ci\u00eancia na Esfera, localizada no Ecomuseu, tem sess\u00f5es a cada 20 minutos, com no m\u00e1ximo nove pessoas por grupo.<\/li>\n<\/ul>\n<h3 style=\"text-align: justify;\"><span class=\"ez-toc-section\" id=\"A-pandemia-nao-acabou-cuide-se\"><\/span><strong>A pandemia n\u00e3o acabou: cuide-se<\/strong><span class=\"ez-toc-section-end\"><\/span><\/h3>\n<p style=\"text-align: justify;\">Os protocolos de sa\u00fade, como a obrigatoriedade do uso de m\u00e1scara durante toda a visita, disponibiliza\u00e7\u00e3o de \u00e1lcool 70% e a utiliza\u00e7\u00e3o da parte superior dos \u00f4nibus, que \u00e9 aberta, tamb\u00e9m s\u00e3o medidas preventivas tomadas pelo Complexo para garantir a seguran\u00e7a dos visitantes.<\/p>\n<h3 style=\"text-align: justify;\"><span class=\"ez-toc-section\" id=\"Programe-seu-roteiro-saiba-mais-sobre-os-passeios-em-Itaipu\"><\/span><strong>Programe seu roteiro: saiba mais sobre os passeios em Itaipu!<\/strong><span class=\"ez-toc-section-end\"><\/span><\/h3>\n<p style=\"text-align: justify;\">A maior usina do mundo em gera\u00e7\u00e3o de energia vai te impressionar pelo tamanho, beleza e estrutura. E como aproveitar a magnitude deste atrativo? Muito f\u00e1cil! Abaixo, listamos alguns dos passeios que este atrativo maravilhoso oferece.<\/p>\n<p style=\"text-align: justify;\">Ah! E n\u00e3o se esque\u00e7a de que, para garantir este passeio em Foz do Igua\u00e7u, basta entrar no site <a href=\"https:\/\/www.turismoitaipu.com.br\/\" target=\"_blank\" rel=\"noopener\"><strong>www.turismoitaipu.com.br <\/strong><\/a>e selecionar a op\u00e7\u00e3o de passeio que melhor se encaixa com o que voc\u00ea procura na Terra das Cataratas.<\/p>\n<p style=\"text-align: justify;\"><em>Agora sim&#8230; Vamos aos passeios!<\/em><\/p>\n<h3 style=\"text-align: justify;\"><span class=\"ez-toc-section\" id=\"Itaipu-Panoramica\"><\/span><strong>Itaipu Panor\u00e2mica<\/strong><span class=\"ez-toc-section-end\"><\/span><\/h3>\n<figure id=\"attachment_16425\" aria-describedby=\"caption-attachment-16425\" style=\"width: 1150px\" class=\"wp-caption aligncenter\"><img decoding=\"async\" loading=\"lazy\" class=\"wp-image-16425 size-full\" src=\"https:\/\/www.hoteldelreyfoz.com\/wp-content\/uploads\/2021\/03\/2-Foto-Rubens-Fraulini.jpeg\" alt=\"Novos hor\u00e1rios de funcionamento\" width=\"1150\" height=\"767\" srcset=\"https:\/\/www.hoteldelreyfoz.com\/wp-content\/uploads\/2021\/03\/2-Foto-Rubens-Fraulini.jpeg 1150w, https:\/\/www.hoteldelreyfoz.com\/wp-content\/uploads\/2021\/03\/2-Foto-Rubens-Fraulini-300x200.jpeg 300w, https:\/\/www.hoteldelreyfoz.com\/wp-content\/uploads\/2021\/03\/2-Foto-Rubens-Fraulini-1024x683.jpeg 1024w, https:\/\/www.hoteldelreyfoz.com\/wp-content\/uploads\/2021\/03\/2-Foto-Rubens-Fraulini-768x512.jpeg 768w\" sizes=\"(max-width: 1150px) 100vw, 1150px\" \/><figcaption id=\"caption-attachment-16425\" class=\"wp-caption-text\">Foto: Rubens Fraulini<\/figcaption><\/figure>\n<p style=\"text-align: justify;\">A barragem de Itaipu tem 7.919 metros de extens\u00e3o e 196 de metros de altura m\u00e1xima. E quando vista de perto, em uma volta pela Visita Panor\u00e2mica, essa constru\u00e7\u00e3o impressiona ainda mais e garante uma emo\u00e7\u00e3o a todo visitante que experimenta este passeio. Al\u00e9m da vis\u00e3o privilegiada do vertedouro ao topo da barragem, o trajeto tamb\u00e9m permite um contato verdadeiro com a natureza e as paisagens dentro do Complexo Tur\u00edstico Itaipu.<\/p>\n<p style=\"text-align: justify;\">O trajeto ainda conta com todas as informa\u00e7\u00f5es em portugu\u00eas, ingl\u00eas e espanhol. E, vale lembrar, para a Itaipu Panor\u00e2mica n\u00e3o \u00e9 permitido o acompanhamento de bolsas e mochilas grandes (bolsas pequenas ser\u00e3o revistadas).<\/p>\n<h3 style=\"text-align: justify;\"><span class=\"ez-toc-section\" id=\"Itaipu-Refugio-Biologico\"><\/span><strong>Itaipu Ref\u00fagio Biol\u00f3gico<\/strong><span class=\"ez-toc-section-end\"><\/span><\/h3>\n<figure id=\"attachment_16426\" aria-describedby=\"caption-attachment-16426\" style=\"width: 1366px\" class=\"wp-caption aligncenter\"><img decoding=\"async\" loading=\"lazy\" class=\"wp-image-16426 size-full\" src=\"https:\/\/www.hoteldelreyfoz.com\/wp-content\/uploads\/2021\/03\/3-Reproducao-Turismo-Itaipu.png\" alt=\"Novos hor\u00e1rios de funcionamento\" width=\"1366\" height=\"768\" srcset=\"https:\/\/www.hoteldelreyfoz.com\/wp-content\/uploads\/2021\/03\/3-Reproducao-Turismo-Itaipu.png 1366w, https:\/\/www.hoteldelreyfoz.com\/wp-content\/uploads\/2021\/03\/3-Reproducao-Turismo-Itaipu-300x169.png 300w, https:\/\/www.hoteldelreyfoz.com\/wp-content\/uploads\/2021\/03\/3-Reproducao-Turismo-Itaipu-1024x576.png 1024w, https:\/\/www.hoteldelreyfoz.com\/wp-content\/uploads\/2021\/03\/3-Reproducao-Turismo-Itaipu-768x432.png 768w\" sizes=\"(max-width: 1366px) 100vw, 1366px\" \/><figcaption id=\"caption-attachment-16426\" class=\"wp-caption-text\">Reprodu\u00e7\u00e3o: Turismo Itaipu<\/figcaption><\/figure>\n<p style=\"text-align: justify;\">Jaguatirica, quati, jacar\u00e9, urubu-rei e serpentes&#8230; Essas s\u00e3o algumas das 50 esp\u00e9cies e dos mais de 960 g\u00eaneros de plantas abrigados no Ref\u00fagio Biol\u00f3gico Bela Vista. O passeio pela unidade de prote\u00e7\u00e3o, criada para preservar a fauna e a flora durante a forma\u00e7\u00e3o do reservat\u00f3rio da Usina, contorna o Canal da Piracema at\u00e9 chegar \u00e0s edifica\u00e7\u00f5es do ref\u00fagio. Em dois quil\u00f4metros de caminhada em uma trilha em meio \u00e0 floresta nativa, a experi\u00eancia \u00e9 ampliada com aprendizado sobre o meio ambiente.<\/p>\n<p style=\"text-align: justify;\">O trajeto ainda conta com todas as informa\u00e7\u00f5es em portugu\u00eas, ingl\u00eas e espanhol. E para o Ref\u00fagio Biol\u00f3gico n\u00e3o \u00e9 permitido o acompanhamento de bolsas e mochilas grandes (bolsas pequenas ser\u00e3o revistadas). Al\u00e9m deste atrativo ter a sa\u00edda direta do Centro de Recep\u00e7\u00e3o de Visitantes, o passeio possui vagas limitadas, por isso recomenda-se a compra antecipada do ingresso (<a href=\"https:\/\/ingressos.turismoitaipu.com.br\/p\/itaipu-refugio-biologico\" target=\"_blank\" rel=\"noopener\"><strong>www.turismoitaipu.com.br<\/strong><\/a>).<\/p>\n<h3 style=\"text-align: justify;\"><span class=\"ez-toc-section\" id=\"Itaipu-Ecomuseu\"><\/span><strong>Itaipu Ecomuseu<\/strong><span class=\"ez-toc-section-end\"><\/span><\/h3>\n<figure id=\"attachment_16427\" aria-describedby=\"caption-attachment-16427\" style=\"width: 1920px\" class=\"wp-caption aligncenter\"><img decoding=\"async\" loading=\"lazy\" class=\"wp-image-16427 size-full\" src=\"https:\/\/www.hoteldelreyfoz.com\/wp-content\/uploads\/2021\/03\/4-Reproducao-Aviesp-scaled-1.jpg\" alt=\"Novos hor\u00e1rios de funcionamento\" width=\"1920\" height=\"1280\" srcset=\"https:\/\/www.hoteldelreyfoz.com\/wp-content\/uploads\/2021\/03\/4-Reproducao-Aviesp-scaled-1.jpg 1920w, https:\/\/www.hoteldelreyfoz.com\/wp-content\/uploads\/2021\/03\/4-Reproducao-Aviesp-scaled-1-300x200.jpg 300w, https:\/\/www.hoteldelreyfoz.com\/wp-content\/uploads\/2021\/03\/4-Reproducao-Aviesp-scaled-1-1024x683.jpg 1024w, https:\/\/www.hoteldelreyfoz.com\/wp-content\/uploads\/2021\/03\/4-Reproducao-Aviesp-scaled-1-768x512.jpg 768w, https:\/\/www.hoteldelreyfoz.com\/wp-content\/uploads\/2021\/03\/4-Reproducao-Aviesp-scaled-1-1536x1024.jpg 1536w\" sizes=\"(max-width: 1920px) 100vw, 1920px\" \/><figcaption id=\"caption-attachment-16427\" class=\"wp-caption-text\">Reprodu\u00e7\u00e3o: Aviesp<\/figcaption><\/figure>\n<p style=\"text-align: justify;\">Uma volta ao passado conduzida por instala\u00e7\u00f5es e equipamentos que permitem intera\u00e7\u00e3o e maior realismo \u00e0 experi\u00eancia. Itaipu Ecomuseu recria cen\u00e1rios que v\u00e3o do per\u00edodo pr\u00e9-hist\u00f3rico \u00e0 povoa\u00e7\u00e3o de Foz do Igua\u00e7u e \u00e0 constru\u00e7\u00e3o da usina. Fotografias, pe\u00e7as e objetos da \u00e9poca ajudam a contar a rica hist\u00f3ria da Itaipu Binacional. Uma enorme maquete de 76 metros quadrados reproduz toda a regi\u00e3o trinacional.<\/p>\n<p style=\"text-align: justify;\">O trajeto ainda conta com todas as informa\u00e7\u00f5es em portugu\u00eas, ingl\u00eas e espanhol. E para este passeio, n\u00e3o \u00e9 permitido o acompanhamento de bolsas e mochilas grandes (bolsas pequenas ser\u00e3o revistadas). N\u00e3o se preocupe, o local oferece arm\u00e1rios gratuitos para guardar seus pertences.<\/p>\n<h3 style=\"text-align: justify;\"><span class=\"ez-toc-section\" id=\"Que-tal-a-sua-estadia-com-10-de-desconto\"><\/span><strong>Que tal a sua estadia com 10% de desconto?<\/strong><span class=\"ez-toc-section-end\"><\/span><\/h3>\n<p style=\"text-align: justify;\">O Del Rey Quality Hotel oferece um ambiente com 91 apartamentos confort\u00e1veis e modernos, com op\u00e7\u00f5es de quartos para at\u00e9 quatro pessoas, al\u00e9m de ber\u00e7os (quando necess\u00e1rio).<\/p>\n<p style=\"text-align: justify;\">Aqui <a href=\"https:\/\/www.hoteldelreyfoz.com\/pt_br\/del-rey-quality-hotel-em-foz-do-iguacu\/cafe-da-manha\/\" target=\"_blank\" rel=\"noopener\"><strong>voc\u00ea aproveita um caf\u00e9 da manh\u00e3 preparado exclusivamente para uma \u00f3tima estadia<\/strong><\/a>. Para maximizar a sua seguran\u00e7a e conforto, o Del Rey Quality serve um buffet, das 6h \u00e0s 10h. Em caso de precisar viajar mais cedo, basta agendar o hor\u00e1rio do seu caf\u00e9 da manh\u00e3, a partir das 3h, em nossa recep\u00e7\u00e3o.<\/p>\n<p style=\"text-align: justify;\">Com a localiza\u00e7\u00e3o certa para quem visita Foz, ao lado do Terminal de Transporte Urbano e pr\u00f3ximo a restaurantes, mercados, padaria, farm\u00e1cias e bancos, o Del Rey Quality possui f\u00e1cil acesso aos pontos principais da cidade e, inclusive, do Paraguai.<\/p>\n<p style=\"text-align: justify;\">Acompanhe-nos pelas redes sociais atrav\u00e9s do Instagram <a href=\"https:\/\/www.instagram.com\/delreyfoz\/\" target=\"_blank\" rel=\"noopener\" class=\"broken_link\"><strong>@delreyfoz<\/strong><\/a>, Facebook <a href=\"https:\/\/www.facebook.com\/delreyfozhotel\" target=\"_blank\" rel=\"noopener\"><strong>Del Rey Foz<\/strong><\/a> e pelo site<a href=\"https:\/\/www.hoteldelreyfoz.com\/pt_br\/\"><strong> www.hoteldelreyfoz.com.br<\/strong><\/a> ou WhatsApp <strong>(45) 8834-1873<\/strong>, onde <strong><em><a href=\"https:\/\/myreservations.omnibees.com\/default.aspx?q=2694&amp;lang=pt-BR&amp;CheckIn=&amp;CheckOut=&amp;ad=1&amp;ch=0\">voc\u00ea garante a sua reserva com 10% de desconto<\/a>!<\/em><\/strong><\/p>",
        "protected": false
    },
    "excerpt": {
        "rendered": "<p>Se voc\u00ea est\u00e1 visitando Foz do Igua\u00e7u e\/ou planejando o seu pr\u00f3ximo roteiro de passeios pela Itaipu Binacional, \u00e9 importante ficar atento ao blogpost de hoje do Del Rey Quality. Por qu\u00ea? Isso mesmo: o atrativo possui novos hor\u00e1rios de funcionamento a partir de 1\u00ba de abril! Visando a higieniza\u00e7\u00e3o e manuten\u00e7\u00e3o de todos os [&hellip;]<\/p>",
        "protected": false
    },
    "author": 2,
    "featured_media": 16424,
    "comment_status": "closed",
    "ping_status": "open",
    "sticky": false,
    "template": "",
    "format": "standard",
    "meta": {
        "footnotes": ""
    },
    "categories": [
        2,
        40
    ],
    "tags": [
        198,
        95,
        16,
        164
    ],
    "yoast_head": "<!-- This site is optimized with the Yoast SEO plugin v20.12 - https:\/\/yoast.com\/wordpress\/plugins\/seo\/ -->\n<title>Novos hor\u00e1rios de funcionamento da Itaipu - Del Rey Quality Hotel<\/title>\n<meta name=\"description\" content=\"Visitando Foz ou planejando o seu pr\u00f3ximo roteiro? Fique atento: o atrativo possui novos hor\u00e1rios de funcionamento a partir de 1\u00ba de abril!\" \/>\n<meta name=\"robots\" content=\"index, follow, max-snippet:-1, max-image-preview:large, max-video-preview:-1\" \/>\n<link rel=\"canonical\" href=\"https:\/\/www.hoteldelreyfoz.com\/pt_br\/blog\/check-the-new-opening-hours-of-itaipu-binacional\/\" \/>\n<meta property=\"og:locale\" content=\"pt_BR\" \/>\n<meta property=\"og:type\" content=\"article\" \/>\n<meta property=\"og:title\" content=\"Novos hor\u00e1rios de funcionamento da Itaipu - Del Rey Quality Hotel\" \/>\n<meta property=\"og:description\" content=\"Visitando Foz ou planejando o seu pr\u00f3ximo roteiro? Fique atento: o atrativo possui novos hor\u00e1rios de funcionamento a partir de 1\u00ba de abril!\" \/>\n<meta property=\"og:url\" content=\"https:\/\/www.hoteldelreyfoz.com\/pt_br\/blog\/check-the-new-opening-hours-of-itaipu-binacional\/\" \/>\n<meta property=\"og:site_name\" content=\"Del Rey Quality Hotel\" \/>\n<meta property=\"article:publisher\" content=\"https:\/\/www.facebook.com\/delreyfozhotel\" \/>\n<meta property=\"article:published_time\" content=\"2021-03-26T20:19:33+00:00\" \/>\n<meta property=\"og:image\" content=\"https:\/\/www.hoteldelreyfoz.com\/wp-content\/uploads\/2021\/03\/1-Reproducao-Itaipu-Binacional.jpeg\" \/>\n\t<meta property=\"og:image:width\" content=\"1280\" \/>\n\t<meta property=\"og:image:height\" content=\"854\" \/>\n\t<meta property=\"og:image:type\" content=\"image\/jpeg\" \/>\n<meta name=\"author\" content=\"Jaime Mendes\" \/>\n<meta name=\"twitter:card\" content=\"summary_large_image\" \/>\n<meta name=\"twitter:label1\" content=\"Escrito por\" \/>\n\t<meta name=\"twitter:data1\" content=\"\" \/>\n\t<meta name=\"twitter:label2\" content=\"Est. tempo de leitura\" \/>\n\t<meta name=\"twitter:data2\" content=\"5 minutos\" \/>\n<script type=\"application\/ld+json\" class=\"yoast-schema-graph\">{\"@context\":\"https:\/\/schema.org\",\"@graph\":[{\"@type\":\"Article\",\"@id\":\"https:\/\/www.hoteldelreyfoz.com\/blog\/check-the-new-opening-hours-of-itaipu-binacional\/#article\",\"isPartOf\":{\"@id\":\"https:\/\/www.hoteldelreyfoz.com\/blog\/check-the-new-opening-hours-of-itaipu-binacional\/\"},\"author\":{\"name\":\"Jaime Mendes\",\"@id\":\"https:\/\/www.hoteldelreyfoz.com\/#\/schema\/person\/7ea55b17cae3e4b8de28d979ce955c9b\"},\"headline\":\"Confira os novos hor\u00e1rios de funcionamento da Itaipu Binacional\",\"datePublished\":\"2021-03-26T20:19:33+00:00\",\"dateModified\":\"2021-03-26T20:19:33+00:00\",\"mainEntityOfPage\":{\"@id\":\"https:\/\/www.hoteldelreyfoz.com\/blog\/check-the-new-opening-hours-of-itaipu-binacional\/\"},\"wordCount\":999,\"publisher\":{\"@id\":\"https:\/\/www.hoteldelreyfoz.com\/#organization\"},\"keywords\":[\"Novos hor\u00e1rios de Itaipu\",\"o que fazer em Foz\",\"passeios em foz\",\"Turismo em Foz\"],\"articleSection\":[\"O que fazer\",\"Planejamento\"],\"inLanguage\":\"pt-BR\"},{\"@type\":\"WebPage\",\"@id\":\"https:\/\/www.hoteldelreyfoz.com\/blog\/check-the-new-opening-hours-of-itaipu-binacional\/\",\"url\":\"https:\/\/www.hoteldelreyfoz.com\/blog\/check-the-new-opening-hours-of-itaipu-binacional\/\",\"name\":\"Novos hor\u00e1rios de funcionamento da Itaipu - Del Rey Quality Hotel\",\"isPartOf\":{\"@id\":\"https:\/\/www.hoteldelreyfoz.com\/#website\"},\"datePublished\":\"2021-03-26T20:19:33+00:00\",\"dateModified\":\"2021-03-26T20:19:33+00:00\",\"description\":\"Visitando Foz ou planejando o seu pr\u00f3ximo roteiro? Fique atento: o atrativo possui novos hor\u00e1rios de funcionamento a partir de 1\u00ba de abril!\",\"breadcrumb\":{\"@id\":\"https:\/\/www.hoteldelreyfoz.com\/blog\/check-the-new-opening-hours-of-itaipu-binacional\/#breadcrumb\"},\"inLanguage\":\"pt-BR\",\"potentialAction\":[{\"@type\":\"ReadAction\",\"target\":[\"https:\/\/www.hoteldelreyfoz.com\/blog\/check-the-new-opening-hours-of-itaipu-binacional\/\"]}]},{\"@type\":\"BreadcrumbList\",\"@id\":\"https:\/\/www.hoteldelreyfoz.com\/blog\/check-the-new-opening-hours-of-itaipu-binacional\/#breadcrumb\",\"itemListElement\":[{\"@type\":\"ListItem\",\"position\":1,\"name\":\"In\u00edcio\",\"item\":\"https:\/\/www.hoteldelreyfoz.com\/en\/\"},{\"@type\":\"ListItem\",\"position\":2,\"name\":\"Confira os novos hor\u00e1rios de funcionamento da Itaipu Binacional\"}]},{\"@type\":\"WebSite\",\"@id\":\"https:\/\/www.hoteldelreyfoz.com\/#website\",\"url\":\"https:\/\/www.hoteldelreyfoz.com\/\",\"name\":\"Del Rey Quality Hotel\",\"description\":\"Hotel em Foz do Igua\u00e7u com pre\u00e7os acess\u00edveis, quartos amplos e localiza\u00e7\u00e3o no Centro, perto de tudo. Reserve pelo nosso site com desconto!\",\"publisher\":{\"@id\":\"https:\/\/www.hoteldelreyfoz.com\/#organization\"},\"potentialAction\":[{\"@type\":\"SearchAction\",\"target\":{\"@type\":\"EntryPoint\",\"urlTemplate\":\"https:\/\/www.hoteldelreyfoz.com\/?s={search_term_string}\"},\"query-input\":\"required name=search_term_string\"}],\"inLanguage\":\"pt-BR\"},{\"@type\":\"Organization\",\"@id\":\"https:\/\/www.hoteldelreyfoz.com\/#organization\",\"name\":\"Del Rey Quality Hotel\",\"url\":\"https:\/\/www.hoteldelreyfoz.com\/\",\"logo\":{\"@type\":\"ImageObject\",\"inLanguage\":\"pt-BR\",\"@id\":\"https:\/\/www.hoteldelreyfoz.com\/#\/schema\/logo\/image\/\",\"url\":\"https:\/\/www.hoteldelreyfoz.com.br\/wp-content\/uploads\/2021\/09\/delrey.png\",\"contentUrl\":\"https:\/\/www.hoteldelreyfoz.com.br\/wp-content\/uploads\/2021\/09\/delrey.png\",\"width\":225,\"height\":224,\"caption\":\"Del Rey Quality Hotel\"},\"image\":{\"@id\":\"https:\/\/www.hoteldelreyfoz.com\/#\/schema\/logo\/image\/\"},\"sameAs\":[\"https:\/\/www.facebook.com\/delreyfozhotel\",\"https:\/\/www.instagram.com\/delreyfoz\/\",\"https:\/\/www.youtube.com\/channel\/UCSBntO46TaFRFMvuxjJBS_w\"]},{\"@type\":\"Person\",\"@id\":\"https:\/\/www.hoteldelreyfoz.com\/#\/schema\/person\/7ea55b17cae3e4b8de28d979ce955c9b\",\"name\":\"Jaime Mendes\"}]}<\/script>\n<!-- \/ Yoast SEO plugin. -->",
    "yoast_head_json": {
        "title": "Novos hor\u00e1rios de funcionamento da Itaipu - Del Rey Quality Hotel",
        "description": "Visitando Foz ou planejando o seu pr\u00f3ximo roteiro? Fique atento: o atrativo possui novos hor\u00e1rios de funcionamento a partir de 1\u00ba de abril!",
        "robots": {
            "index": "index",
            "follow": "follow",
            "max-snippet": "max-snippet:-1",
            "max-image-preview": "max-image-preview:large",
            "max-video-preview": "max-video-preview:-1"
        },
        "canonical": "https:\/\/www.hoteldelreyfoz.com\/pt_br\/blog\/check-the-new-opening-hours-of-itaipu-binacional\/",
        "og_locale": "pt_BR",
        "og_type": "article",
        "og_title": "Novos hor\u00e1rios de funcionamento da Itaipu - Del Rey Quality Hotel",
        "og_description": "Visitando Foz ou planejando o seu pr\u00f3ximo roteiro? Fique atento: o atrativo possui novos hor\u00e1rios de funcionamento a partir de 1\u00ba de abril!",
        "og_url": "https:\/\/www.hoteldelreyfoz.com\/pt_br\/blog\/check-the-new-opening-hours-of-itaipu-binacional\/",
        "og_site_name": "Del Rey Quality Hotel",
        "article_publisher": "https:\/\/www.facebook.com\/delreyfozhotel",
        "article_published_time": "2021-03-26T20:19:33+00:00",
        "og_image": [
            {
                "width": 1280,
                "height": 854,
                "url": "https:\/\/www.hoteldelreyfoz.com\/wp-content\/uploads\/2021\/03\/1-Reproducao-Itaipu-Binacional.jpeg",
                "type": "image\/jpeg"
            }
        ],
        "author": "Jaime Mendes",
        "twitter_card": "summary_large_image",
        "twitter_misc": {
            "Escrito por": false,
            "Est. tempo de leitura": "5 minutos"
        },
        "schema": {
            "@context": "https:\/\/schema.org",
            "@graph": [
                {
                    "@type": "Article",
                    "@id": "https:\/\/www.hoteldelreyfoz.com\/blog\/check-the-new-opening-hours-of-itaipu-binacional\/#article",
                    "isPartOf": {
                        "@id": "https:\/\/www.hoteldelreyfoz.com\/blog\/check-the-new-opening-hours-of-itaipu-binacional\/"
                    },
                    "author": {
                        "name": "Jaime Mendes",
                        "@id": "https:\/\/www.hoteldelreyfoz.com\/#\/schema\/person\/7ea55b17cae3e4b8de28d979ce955c9b"
                    },
                    "headline": "Confira os novos hor\u00e1rios de funcionamento da Itaipu Binacional",
                    "datePublished": "2021-03-26T20:19:33+00:00",
                    "dateModified": "2021-03-26T20:19:33+00:00",
                    "mainEntityOfPage": {
                        "@id": "https:\/\/www.hoteldelreyfoz.com\/blog\/check-the-new-opening-hours-of-itaipu-binacional\/"
                    },
                    "wordCount": 999,
                    "publisher": {
                        "@id": "https:\/\/www.hoteldelreyfoz.com\/#organization"
                    },
                    "keywords": [
                        "Novos hor\u00e1rios de Itaipu",
                        "o que fazer em Foz",
                        "passeios em foz",
                        "Turismo em Foz"
                    ],
                    "articleSection": [
                        "O que fazer",
                        "Planejamento"
                    ],
                    "inLanguage": "pt-BR"
                },
                {
                    "@type": "WebPage",
                    "@id": "https:\/\/www.hoteldelreyfoz.com\/blog\/check-the-new-opening-hours-of-itaipu-binacional\/",
                    "url": "https:\/\/www.hoteldelreyfoz.com\/blog\/check-the-new-opening-hours-of-itaipu-binacional\/",
                    "name": "Novos hor\u00e1rios de funcionamento da Itaipu - Del Rey Quality Hotel",
                    "isPartOf": {
                        "@id": "https:\/\/www.hoteldelreyfoz.com\/#website"
                    },
                    "datePublished": "2021-03-26T20:19:33+00:00",
                    "dateModified": "2021-03-26T20:19:33+00:00",
                    "description": "Visitando Foz ou planejando o seu pr\u00f3ximo roteiro? Fique atento: o atrativo possui novos hor\u00e1rios de funcionamento a partir de 1\u00ba de abril!",
                    "breadcrumb": {
                        "@id": "https:\/\/www.hoteldelreyfoz.com\/blog\/check-the-new-opening-hours-of-itaipu-binacional\/#breadcrumb"
                    },
                    "inLanguage": "pt-BR",
                    "potentialAction": [
                        {
                            "@type": "ReadAction",
                            "target": [
                                "https:\/\/www.hoteldelreyfoz.com\/blog\/check-the-new-opening-hours-of-itaipu-binacional\/"
                            ]
                        }
                    ]
                },
                {
                    "@type": "BreadcrumbList",
                    "@id": "https:\/\/www.hoteldelreyfoz.com\/blog\/check-the-new-opening-hours-of-itaipu-binacional\/#breadcrumb",
                    "itemListElement": [
                        {
                            "@type": "ListItem",
                            "position": 1,
                            "name": "In\u00edcio",
                            "item": "https:\/\/www.hoteldelreyfoz.com\/en\/"
                        },
                        {
                            "@type": "ListItem",
                            "position": 2,
                            "name": "Confira os novos hor\u00e1rios de funcionamento da Itaipu Binacional"
                        }
                    ]
                },
                {
                    "@type": "WebSite",
                    "@id": "https:\/\/www.hoteldelreyfoz.com\/#website",
                    "url": "https:\/\/www.hoteldelreyfoz.com\/",
                    "name": "Del Rey Quality Hotel",
                    "description": "Hotel em Foz do Igua\u00e7u com pre\u00e7os acess\u00edveis, quartos amplos e localiza\u00e7\u00e3o no Centro, perto de tudo. Reserve pelo nosso site com desconto!",
                    "publisher": {
                        "@id": "https:\/\/www.hoteldelreyfoz.com\/#organization"
                    },
                    "potentialAction": [
                        {
                            "@type": "SearchAction",
                            "target": {
                                "@type": "EntryPoint",
                                "urlTemplate": "https:\/\/www.hoteldelreyfoz.com\/?s={search_term_string}"
                            },
                            "query-input": "required name=search_term_string"
                        }
                    ],
                    "inLanguage": "pt-BR"
                },
                {
                    "@type": "Organization",
                    "@id": "https:\/\/www.hoteldelreyfoz.com\/#organization",
                    "name": "Del Rey Quality Hotel",
                    "url": "https:\/\/www.hoteldelreyfoz.com\/",
                    "logo": {
                        "@type": "ImageObject",
                        "inLanguage": "pt-BR",
                        "@id": "https:\/\/www.hoteldelreyfoz.com\/#\/schema\/logo\/image\/",
                        "url": "https:\/\/www.hoteldelreyfoz.com.br\/wp-content\/uploads\/2021\/09\/delrey.png",
                        "contentUrl": "https:\/\/www.hoteldelreyfoz.com.br\/wp-content\/uploads\/2021\/09\/delrey.png",
                        "width": 225,
                        "height": 224,
                        "caption": "Del Rey Quality Hotel"
                    },
                    "image": {
                        "@id": "https:\/\/www.hoteldelreyfoz.com\/#\/schema\/logo\/image\/"
                    },
                    "sameAs": [
                        "https:\/\/www.facebook.com\/delreyfozhotel",
                        "https:\/\/www.instagram.com\/delreyfoz\/",
                        "https:\/\/www.youtube.com\/channel\/UCSBntO46TaFRFMvuxjJBS_w"
                    ]
                },
                {
                    "@type": "Person",
                    "@id": "https:\/\/www.hoteldelreyfoz.com\/#\/schema\/person\/7ea55b17cae3e4b8de28d979ce955c9b",
                    "name": "Jaime Mendes"
                }
            ]
        }
    },
    "_links": {
        "self": [
            {
                "href": "https:\/\/www.hoteldelreyfoz.com\/pt_br\/wp-json\/wp\/v2\/posts\/16422"
            }
        ],
        "collection": [
            {
                "href": "https:\/\/www.hoteldelreyfoz.com\/pt_br\/wp-json\/wp\/v2\/posts"
            }
        ],
        "about": [
            {
                "href": "https:\/\/www.hoteldelreyfoz.com\/pt_br\/wp-json\/wp\/v2\/types\/post"
            }
        ],
        "author": [
            {
                "embeddable": true,
                "href": "https:\/\/www.hoteldelreyfoz.com\/pt_br\/wp-json\/wp\/v2\/users\/2"
            }
        ],
        "replies": [
            {
                "embeddable": true,
                "href": "https:\/\/www.hoteldelreyfoz.com\/pt_br\/wp-json\/wp\/v2\/comments?post=16422"
            }
        ],
        "version-history": [
            {
                "count": 0,
                "href": "https:\/\/www.hoteldelreyfoz.com\/pt_br\/wp-json\/wp\/v2\/posts\/16422\/revisions"
            }
        ],
        "wp:featuredmedia": [
            {
                "embeddable": true,
                "href": "https:\/\/www.hoteldelreyfoz.com\/pt_br\/wp-json\/wp\/v2\/media\/16424"
            }
        ],
        "wp:attachment": [
            {
                "href": "https:\/\/www.hoteldelreyfoz.com\/pt_br\/wp-json\/wp\/v2\/media?parent=16422"
            }
        ],
        "wp:term": [
            {
                "taxonomy": "category",
                "embeddable": true,
                "href": "https:\/\/www.hoteldelreyfoz.com\/pt_br\/wp-json\/wp\/v2\/categories?post=16422"
            },
            {
                "taxonomy": "post_tag",
                "embeddable": true,
                "href": "https:\/\/www.hoteldelreyfoz.com\/pt_br\/wp-json\/wp\/v2\/tags?post=16422"
            }
        ],
        "curies": [
            {
                "name": "wp",
                "href": "https:\/\/api.w.org\/{rel}",
                "templated": true
            }
        ]
    }
}