{
    "id": 15813,
    "date": "2021-01-11T18:10:28",
    "date_gmt": "2021-01-11T21:10:28",
    "guid": {
        "rendered": "https:\/\/www.hoteldelreyfoz.com\/?p=15813"
    },
    "modified": "2021-10-26T10:16:28",
    "modified_gmt": "2021-10-26T13:16:28",
    "slug": "calor-conheca-os-atrativos-para-visitar-no-verao-de-foz-do-iguacu",
    "status": "publish",
    "type": "post",
    "link": "https:\/\/www.hoteldelreyfoz.com\/pt_br\/blog\/calor-conheca-os-atrativos-para-visitar-no-verao-de-foz-do-iguacu\/",
    "title": {
        "rendered": "Calor? Conhe\u00e7a os atrativos para visitar no ver\u00e3o de Foz do Igua\u00e7u"
    },
    "content": {
        "rendered": "<p>Abaixo algumas dicas referente a quais atrativos para visitar no ver\u00e3o com sua fam\u00edlia em Foz do Igua\u00e7u<\/p>\n<p>Foz do Igua\u00e7u \u00e9 conhecida por ter um clima bem caloroso. No ver\u00e3o Foz chega a atingir 36\u00ba C, o que pode deixar a cidade um tanto quanto abafada e seca. Mas n\u00e3o se preocupe! O ver\u00e3o em Foz de Igua\u00e7u pode ser utilizado para diversos passeios incr\u00edveis, sendo um deles o pr\u00f3prio bote pelo Rio Igua\u00e7u feito no passeio do Macuco Safari.<\/p>\n<p>Ou seja, aproveitar as temporadas de calor, dispon\u00edveis nesse clima de Foz do Igua\u00e7u, render\u00e1 divers\u00e3o para toda a fam\u00edlia. <strong>Confira mais sobre o roteiro perfeito para suas f\u00e9rias de janeiro em Foz!<\/strong><\/p>\n<div id=\"ez-toc-container\" class=\"ez-toc-v2_0_76 counter-flat ez-toc-counter ez-toc-custom ez-toc-container-direction\">\n<div class=\"ez-toc-title-container\"><p class=\"ez-toc-title\" style=\"cursor:inherit\">Confira no artigo:<\/p>\n<\/div><nav><ul class='ez-toc-list ez-toc-list-level-1' ><li class='ez-toc-page-1'><a class=\"ez-toc-link ez-toc-heading-1\" href=\"https:\/\/www.hoteldelreyfoz.com\/pt_br\/blog\/calor-conheca-os-atrativos-para-visitar-no-verao-de-foz-do-iguacu\/#Macuco-Safari\" >Macuco Safari<\/a><\/li><li class='ez-toc-page-1'><a class=\"ez-toc-link ez-toc-heading-2\" href=\"https:\/\/www.hoteldelreyfoz.com\/pt_br\/blog\/calor-conheca-os-atrativos-para-visitar-no-verao-de-foz-do-iguacu\/#Parque-das-Aves\" >Parque das Aves<\/a><\/li><li class='ez-toc-page-1'><a class=\"ez-toc-link ez-toc-heading-3\" href=\"https:\/\/www.hoteldelreyfoz.com\/pt_br\/blog\/calor-conheca-os-atrativos-para-visitar-no-verao-de-foz-do-iguacu\/#Refugio-Biologico-Bela-Vista\" >Ref\u00fagio Biol\u00f3gico Bela Vista<\/a><\/li><li class='ez-toc-page-1'><a class=\"ez-toc-link ez-toc-heading-4\" href=\"https:\/\/www.hoteldelreyfoz.com\/pt_br\/blog\/calor-conheca-os-atrativos-para-visitar-no-verao-de-foz-do-iguacu\/#Aquamania\" >Aquamania<\/a><\/li><li class='ez-toc-page-1'><a class=\"ez-toc-link ez-toc-heading-5\" href=\"https:\/\/www.hoteldelreyfoz.com\/pt_br\/blog\/calor-conheca-os-atrativos-para-visitar-no-verao-de-foz-do-iguacu\/#Blue-Park\" >Blue Park<\/a><\/li><\/ul><\/nav><\/div>\n<h3><span class=\"ez-toc-section\" id=\"Macuco-Safari\"><\/span>Macuco Safari<span class=\"ez-toc-section-end\"><\/span><\/h3>\n<figure id=\"attachment_15797\" aria-describedby=\"caption-attachment-15797\" style=\"width: 1198px\" class=\"wp-caption alignnone\"><img decoding=\"async\" loading=\"lazy\" class=\"wp-image-15797 size-full\" src=\"https:\/\/www.hoteldelreyfoz.com\/wp-content\/uploads\/2021\/01\/macuco-safari-suas-proximas-viagens.jpeg\" alt=\"Macuco Safari em Foz do Igua\u00e7u no ver\u00e3o\" width=\"1198\" height=\"569\" srcset=\"https:\/\/www.hoteldelreyfoz.com\/wp-content\/uploads\/2021\/01\/macuco-safari-suas-proximas-viagens.jpeg 1198w, https:\/\/www.hoteldelreyfoz.com\/wp-content\/uploads\/2021\/01\/macuco-safari-suas-proximas-viagens-300x142.jpeg 300w, https:\/\/www.hoteldelreyfoz.com\/wp-content\/uploads\/2021\/01\/macuco-safari-suas-proximas-viagens-1024x486.jpeg 1024w, https:\/\/www.hoteldelreyfoz.com\/wp-content\/uploads\/2021\/01\/macuco-safari-suas-proximas-viagens-768x365.jpeg 768w\" sizes=\"(max-width: 1198px) 100vw, 1198px\" \/><figcaption id=\"caption-attachment-15797\" class=\"wp-caption-text\">Reprodu\u00e7\u00e3o &#8211; Suas Pr\u00f3ximas Viagens<\/figcaption><\/figure>\n<p>Para quem \u00e9 f\u00e3 de adrenalina, o Macuco Safari \u00e9 certamente a melhor op\u00e7\u00e3o. Este \u00e9 um dos passeios mais procurados pelos turistas que visitam Foz do Igua\u00e7u, garantindo uma aventura por entre trilhas, cachoeiras e uma ida de barco que termina com um banho nas quedas das Cataratas do Igua\u00e7u. O Macuco pode ser aproveitado desde Rafting nas correntezas do Rio Igua\u00e7u at\u00e9 a op\u00e7\u00e3o de passeio \u201cS\u00f3 Selva\u201d, onde, com o acompanhamento de um guia especializado, o visitante pode contemplar e conhecer a flora e fauna local.<\/p>\n<p>Vale destacar que, at\u00e9 o dia 25\/01\/2021, o Macuco Safari estar\u00e1 aberto todos os dias, com hor\u00e1rio de atendimento ampliado: das 8hs \u00e0s 16hs, com passeios, aproximadamente, a cada 20 minutos.<\/p>\n<h3><span class=\"ez-toc-section\" id=\"Parque-das-Aves\"><\/span>Parque das Aves<span class=\"ez-toc-section-end\"><\/span><\/h3>\n<figure id=\"attachment_15794\" aria-describedby=\"caption-attachment-15794\" style=\"width: 1122px\" class=\"wp-caption alignnone\"><img decoding=\"async\" loading=\"lazy\" class=\"wp-image-15794 size-full\" src=\"https:\/\/www.hoteldelreyfoz.com\/wp-content\/uploads\/2021\/01\/parque-das-aves-gdia.jpeg\" alt=\"P\u00e1ssaros bebendo \u00e1gua no Parque das Aves em Foz do Igua\u00e7u\" width=\"1122\" height=\"768\" srcset=\"https:\/\/www.hoteldelreyfoz.com\/wp-content\/uploads\/2021\/01\/parque-das-aves-gdia.jpeg 1122w, https:\/\/www.hoteldelreyfoz.com\/wp-content\/uploads\/2021\/01\/parque-das-aves-gdia-300x205.jpeg 300w, https:\/\/www.hoteldelreyfoz.com\/wp-content\/uploads\/2021\/01\/parque-das-aves-gdia-1024x701.jpeg 1024w, https:\/\/www.hoteldelreyfoz.com\/wp-content\/uploads\/2021\/01\/parque-das-aves-gdia-768x526.jpeg 768w\" sizes=\"(max-width: 1122px) 100vw, 1122px\" \/><figcaption id=\"caption-attachment-15794\" class=\"wp-caption-text\">Reprodu\u00e7\u00e3o &#8211; GDia<\/figcaption><\/figure>\n<p>Maior viveiro de aves da Am\u00e9rica Latina e fica logo em frente \u00e0 entrada do Parque Nacional do Igua\u00e7u, o ambiente conta com mais de 1.300 aves de diversas esp\u00e9cies, oportunidade de ficar frente a frente com v\u00e1rias aves e algumas amea\u00e7adas de extin\u00e7\u00e3o. Logo no final do passeio, voc\u00ea tem a chance de tirar foto com uma arara, voc\u00ea n\u00e3o pode perder esse passeio.<\/p>\n<p>Com o hor\u00e1rio de funcionamento das 9h \u00e0s 17h, o Parque das Aves permanece aberto todos os dias para os turistas e visitantes que t\u00eam Foz do Igua\u00e7u como destino de viagem.<\/p>\n<h3><span class=\"ez-toc-section\" id=\"Refugio-Biologico-Bela-Vista\"><\/span>Ref\u00fagio Biol\u00f3gico Bela Vista<span class=\"ez-toc-section-end\"><\/span><\/h3>\n<figure id=\"attachment_15791\" aria-describedby=\"caption-attachment-15791\" style=\"width: 802px\" class=\"wp-caption alignnone\"><img decoding=\"async\" loading=\"lazy\" class=\"wp-image-15791 size-full\" src=\"https:\/\/www.hoteldelreyfoz.com\/wp-content\/uploads\/2021\/01\/refugio-biologico-itaipu.jpeg\" alt=\"On\u00e7a matando a sede no Ref\u00fagio Biol\u00f3gico de Itaipu, mais um atrativo para visitar no ver\u00e3o de Foz do Igua\u00e7u\" width=\"802\" height=\"601\" srcset=\"https:\/\/www.hoteldelreyfoz.com\/wp-content\/uploads\/2021\/01\/refugio-biologico-itaipu.jpeg 802w, https:\/\/www.hoteldelreyfoz.com\/wp-content\/uploads\/2021\/01\/refugio-biologico-itaipu-300x225.jpeg 300w, https:\/\/www.hoteldelreyfoz.com\/wp-content\/uploads\/2021\/01\/refugio-biologico-itaipu-768x576.jpeg 768w\" sizes=\"(max-width: 802px) 100vw, 802px\" \/><figcaption id=\"caption-attachment-15791\" class=\"wp-caption-text\">Reprodu\u00e7\u00e3o &#8211; EcoPortal<\/figcaption><\/figure>\n<p>Um local de extrema import\u00e2ncia para reprodu\u00e7\u00e3o de esp\u00e9cies em extin\u00e7\u00e3o. E bem pr\u00f3ximo aos equipamentos e colaboradores envolvidos na produ\u00e7\u00e3o de energia, convivem jaguatirica, quati, jacar\u00e9, urubu-rei e serpentes. Essas s\u00e3o algumas das 50 esp\u00e9cies e dos mais de 960 g\u00eaneros de plantas abrigados no Ref\u00fagio Biol\u00f3gico Bela Vista. O passeio pela unidade de prote\u00e7\u00e3o, criada para preservar a fauna e a flora durante a forma\u00e7\u00e3o do reservat\u00f3rio da Usina, contorna o Canal da Piracema at\u00e9 chegar \u00e0s edifica\u00e7\u00f5es do ref\u00fagio.<\/p>\n<p>Lembre-se: o embarque para o passeio com o \u00f4nibus fechado acontece no Centro de Recep\u00e7\u00e3o de Visitantes, nos hor\u00e1rios de 10h e 15h. Se caso preferir realizar o passeio em \u00f4nibus aberto, \u00e9 necess\u00e1rio selecionar outro hor\u00e1rio, atrav\u00e9s do site <a href=\"https:\/\/ingressos.turismoitaipu.com.br\/p\/itaipu-refugio-biologico\" target=\"_blank\" rel=\"noopener\"><strong>www.ingressos.turismoitaipu.com.br\/p\/itaipu-refugio-biologico<\/strong><\/a>.<\/p>\n<h3><span class=\"ez-toc-section\" id=\"Aquamania\"><\/span>Aquamania<span class=\"ez-toc-section-end\"><\/span><\/h3>\n<figure id=\"attachment_15788\" aria-describedby=\"caption-attachment-15788\" style=\"width: 1024px\" class=\"wp-caption alignnone\"><img decoding=\"async\" loading=\"lazy\" class=\"size-full wp-image-15788\" src=\"https:\/\/www.hoteldelreyfoz.com\/wp-content\/uploads\/2021\/01\/aquamania-foz-do-iguacu.jpeg\" alt=\"Vista de cima no parque aqu\u00e1tico de foz do igua\u00e7u\" width=\"1024\" height=\"585\" srcset=\"https:\/\/www.hoteldelreyfoz.com\/wp-content\/uploads\/2021\/01\/aquamania-foz-do-iguacu.jpeg 1024w, https:\/\/www.hoteldelreyfoz.com\/wp-content\/uploads\/2021\/01\/aquamania-foz-do-iguacu-300x171.jpeg 300w, https:\/\/www.hoteldelreyfoz.com\/wp-content\/uploads\/2021\/01\/aquamania-foz-do-iguacu-768x439.jpeg 768w\" sizes=\"(max-width: 1024px) 100vw, 1024px\" \/><figcaption id=\"caption-attachment-15788\" class=\"wp-caption-text\">Reprodu\u00e7\u00e3o &#8211; Clickfoz<\/figcaption><\/figure>\n<p>Este \u00e9 o parque de Foz mais conhecido pelos moradores e turistas que visitam a cidade. O Aquamania possui um espa\u00e7o amplo, com sete tobog\u00e3s que variam entre 6 e 22 metros de altura.<\/p>\n<p>O parque aqu\u00e1tico est\u00e1 localizado na Avenida das Cataratas, 7120, com funcionamento de ter\u00e7a a domingo, das 10h \u00e0s 18h, e aos s\u00e1bados, domingos e feriados, das 10h \u00e0s 18h. Para mais informa\u00e7\u00f5es, basta entrar no site <strong>www.aquamania.com.br <\/strong>ou entrar em contato pelo (45) 3529-8272 para reservar seus ingressos ainda hoje.<\/p>\n<h3><span class=\"ez-toc-section\" id=\"Blue-Park\"><\/span>Blue Park<span class=\"ez-toc-section-end\"><\/span><\/h3>\n<figure id=\"attachment_15785\" aria-describedby=\"caption-attachment-15785\" style=\"width: 1000px\" class=\"wp-caption alignnone\"><img decoding=\"async\" loading=\"lazy\" class=\"size-full wp-image-15785\" src=\"https:\/\/www.hoteldelreyfoz.com\/wp-content\/uploads\/2021\/01\/praia-blue-park-foz-do-iguacu.jpeg\" alt=\"Praia artificial do Blue Park \u00e9 mais um atrativo de ver\u00e3o em Foz\" width=\"1000\" height=\"544\" srcset=\"https:\/\/www.hoteldelreyfoz.com\/wp-content\/uploads\/2021\/01\/praia-blue-park-foz-do-iguacu.jpeg 1000w, https:\/\/www.hoteldelreyfoz.com\/wp-content\/uploads\/2021\/01\/praia-blue-park-foz-do-iguacu-300x163.jpeg 300w, https:\/\/www.hoteldelreyfoz.com\/wp-content\/uploads\/2021\/01\/praia-blue-park-foz-do-iguacu-768x418.jpeg 768w\" sizes=\"(max-width: 1000px) 100vw, 1000px\" \/><figcaption id=\"caption-attachment-15785\" class=\"wp-caption-text\">Imagem &#8211; Blue Park<\/figcaption><\/figure>\n<p>O parque tem a terceira maior praia termal com ondas do mundo, s\u00e3o nove tipos de ondas que chegam a ter 1,20m de altura, com areia natural e um cen\u00e1rio paradis\u00edaco onde a cor da \u00e1gua lembra o mar caribenho. A praia artificial do Blue Park \u00e9 uma das maiores do mundo e possui \u00e1guas cristalinas e limpinhas, dando a sensa\u00e7\u00e3o de que voc\u00ea est\u00e1 em uma das praias do caribe. O parque tamb\u00e9m conta com bares dentro das piscinas, equipamentos de seguran\u00e7a e salva-vidas treinados para te auxiliar em qualquer momento.<\/p>\n<p>O Blue Park est\u00e1 localizado na Rua Carlos Hugo Urnau, 756, com hor\u00e1rio de funcionamento de sexta a domingo, das 10h \u00e0s 18h. Entre em contato pelo WhatsApp (45) 99144-1460 ou compre seus ingressos atrav\u00e9s do <strong>blueparkfoz.com.br<\/strong>.<\/p>\n<p><strong>Suas f\u00e9rias de janeiro combinam com o Del Rey Quality Hotel<\/strong><\/p>\n<p><em>Ver\u00e3o \u00e9 sin\u00f4nimo de muita divers\u00e3o!<\/em> E voc\u00ea ainda completa esta experi\u00eancia se hospedando no Del Rey Quality Hotel, um local que conta com 91 apartamentos confort\u00e1veis e modernos, com op\u00e7\u00f5es de quartos para at\u00e9 quatro pessoas, al\u00e9m de ber\u00e7os (quando necess\u00e1rio).<\/p>\n<p>Com localiza\u00e7\u00e3o perfeita de Foz, ao lado do Terminal de Transporte Urbano e pr\u00f3ximo a restaurantes, mercado, padaria, farm\u00e1cias e bancos, o Del Rey Quality possui f\u00e1cil acesso aos pontos principais de Foz do Igua\u00e7u e do Paraguai.<\/p>\n<p>O Del Rey Quality te deseja uma estadia maravilhosa em Foz do Igua\u00e7u. E, em caso de d\u00favidas, nosso blog possui todas as informa\u00e7\u00f5es para sua viagem at\u00e9 a Terra das Cataratas. Complete seu roteiro acompanhando nossas redes sociais atrav\u00e9s do Instagram <a href=\"https:\/\/www.instagram.com\/delreyfoz\/\" target=\"_blank\" rel=\"noopener\" class=\"broken_link\"><strong>@delreyfoz<\/strong><\/a>, Facebook <a href=\"https:\/\/www.facebook.com\/delreyfozhotel\" target=\"_blank\" rel=\"noopener\"><strong>Del Rey Foz<\/strong><\/a> e pelo site <a href=\"https:\/\/www.hoteldelreyfoz.com\/pt_br\/blog\/\" target=\"_blank\" rel=\"noopener\"><strong>www.hoteldelreyfoz.com.br<\/strong><\/a>, onde voc\u00ea garante a <strong><em>sua reserva com 10% de desconto!<\/em><\/strong><\/p>\n<p>Imagem de capa por <a href=\"https:\/\/unsplash.com\/@kaizennguyen?utm_source=unsplash&amp;utm_medium=referral&amp;utm_content=creditCopyText\">Kaizen Nguy\u1ec5n<\/a>\u00a0on\u00a0<a href=\"https:\/\/unsplash.com\/s\/photos\/summer?utm_source=unsplash&amp;utm_medium=referral&amp;utm_content=creditCopyText\">Unsplash<\/a><\/p>",
        "protected": false
    },
    "excerpt": {
        "rendered": "<p>Abaixo algumas dicas referente a quais atrativos para visitar no ver\u00e3o com sua fam\u00edlia em Foz do Igua\u00e7u Foz do Igua\u00e7u \u00e9 conhecida por ter um clima bem caloroso. No ver\u00e3o Foz chega a atingir 36\u00ba C, o que pode deixar a cidade um tanto quanto abafada e seca. Mas n\u00e3o se preocupe! O ver\u00e3o [&hellip;]<\/p>",
        "protected": false
    },
    "author": 2,
    "featured_media": 15815,
    "comment_status": "closed",
    "ping_status": "open",
    "sticky": false,
    "template": "",
    "format": "standard",
    "meta": {
        "footnotes": ""
    },
    "categories": [
        2
    ],
    "tags": [
        114,
        151,
        152,
        117,
        153,
        119,
        154,
        155,
        156
    ],
    "yoast_head": "<!-- This site is optimized with the Yoast SEO plugin v20.12 - https:\/\/yoast.com\/wordpress\/plugins\/seo\/ -->\n<title>Quais atrativos visitar no ver\u00e3o de Foz do Igua\u00e7u - Del Rey Quality Hotel<\/title>\n<meta name=\"description\" content=\"Foz do Igua\u00e7u \u00e9 cheia de atrativos para visitar no ver\u00e3o, conhe\u00e7a algumas op\u00e7\u00f5es dispon\u00edveis e imperd\u00edveis para fazer com em casal ou com toda fam\u00edlia\" \/>\n<meta name=\"robots\" content=\"index, follow, max-snippet:-1, max-image-preview:large, max-video-preview:-1\" \/>\n<link rel=\"canonical\" href=\"https:\/\/www.hoteldelreyfoz.com\/pt_br\/blog\/heat-meet-the-attractions-to-visit-in-the-summer-of-foz-do-iguacu\/\" \/>\n<meta property=\"og:locale\" content=\"pt_BR\" \/>\n<meta property=\"og:type\" content=\"article\" \/>\n<meta property=\"og:title\" content=\"Quais atrativos visitar no ver\u00e3o de Foz do Igua\u00e7u - Del Rey Quality Hotel\" \/>\n<meta property=\"og:description\" content=\"Foz do Igua\u00e7u \u00e9 cheia de atrativos para visitar no ver\u00e3o, conhe\u00e7a algumas op\u00e7\u00f5es dispon\u00edveis e imperd\u00edveis para fazer com em casal ou com toda fam\u00edlia\" \/>\n<meta property=\"og:url\" content=\"https:\/\/www.hoteldelreyfoz.com\/pt_br\/blog\/heat-meet-the-attractions-to-visit-in-the-summer-of-foz-do-iguacu\/\" \/>\n<meta property=\"og:site_name\" content=\"Del Rey Quality Hotel\" \/>\n<meta property=\"article:publisher\" content=\"https:\/\/www.facebook.com\/delreyfozhotel\" \/>\n<meta property=\"article:published_time\" content=\"2021-01-11T21:10:28+00:00\" \/>\n<meta property=\"article:modified_time\" content=\"2021-10-26T13:16:28+00:00\" \/>\n<meta property=\"og:image\" content=\"https:\/\/www.hoteldelreyfoz.com\/wp-content\/uploads\/2021\/01\/drinks-de-verao-para-saborear-no-hotel-del-rey.jpg\" \/>\n\t<meta property=\"og:image:width\" content=\"1920\" \/>\n\t<meta property=\"og:image:height\" content=\"1193\" \/>\n\t<meta property=\"og:image:type\" content=\"image\/jpeg\" \/>\n<meta name=\"author\" content=\"Jaime Mendes\" \/>\n<meta name=\"twitter:card\" content=\"summary_large_image\" \/>\n<meta name=\"twitter:label1\" content=\"Escrito por\" \/>\n\t<meta name=\"twitter:data1\" content=\"\" \/>\n\t<meta name=\"twitter:label2\" content=\"Est. tempo de leitura\" \/>\n\t<meta name=\"twitter:data2\" content=\"5 minutos\" \/>\n<script type=\"application\/ld+json\" class=\"yoast-schema-graph\">{\"@context\":\"https:\/\/schema.org\",\"@graph\":[{\"@type\":\"Article\",\"@id\":\"https:\/\/www.hoteldelreyfoz.com\/blog\/heat-meet-the-attractions-to-visit-in-the-summer-of-foz-do-iguacu\/#article\",\"isPartOf\":{\"@id\":\"https:\/\/www.hoteldelreyfoz.com\/blog\/heat-meet-the-attractions-to-visit-in-the-summer-of-foz-do-iguacu\/\"},\"author\":{\"name\":\"Jaime Mendes\",\"@id\":\"https:\/\/www.hoteldelreyfoz.com\/#\/schema\/person\/7ea55b17cae3e4b8de28d979ce955c9b\"},\"headline\":\"Calor? Conhe\u00e7a os atrativos para visitar no ver\u00e3o de Foz do Igua\u00e7u\",\"datePublished\":\"2021-01-11T21:10:28+00:00\",\"dateModified\":\"2021-10-26T13:16:28+00:00\",\"mainEntityOfPage\":{\"@id\":\"https:\/\/www.hoteldelreyfoz.com\/blog\/heat-meet-the-attractions-to-visit-in-the-summer-of-foz-do-iguacu\/\"},\"wordCount\":993,\"publisher\":{\"@id\":\"https:\/\/www.hoteldelreyfoz.com\/#organization\"},\"keywords\":[\"Blue Park\",\"calor\",\"calor de foz do igua\u00e7u\",\"O que fazer em Foz no calor\",\"parque com aves\",\"Parques Aqu\u00e1ticos\",\"piscinas\",\"praias artificiais\",\"zool\u00f3gico\"],\"articleSection\":[\"O que fazer\"],\"inLanguage\":\"pt-BR\"},{\"@type\":\"WebPage\",\"@id\":\"https:\/\/www.hoteldelreyfoz.com\/blog\/heat-meet-the-attractions-to-visit-in-the-summer-of-foz-do-iguacu\/\",\"url\":\"https:\/\/www.hoteldelreyfoz.com\/blog\/heat-meet-the-attractions-to-visit-in-the-summer-of-foz-do-iguacu\/\",\"name\":\"Quais atrativos visitar no ver\u00e3o de Foz do Igua\u00e7u - Del Rey Quality Hotel\",\"isPartOf\":{\"@id\":\"https:\/\/www.hoteldelreyfoz.com\/#website\"},\"datePublished\":\"2021-01-11T21:10:28+00:00\",\"dateModified\":\"2021-10-26T13:16:28+00:00\",\"description\":\"Foz do Igua\u00e7u \u00e9 cheia de atrativos para visitar no ver\u00e3o, conhe\u00e7a algumas op\u00e7\u00f5es dispon\u00edveis e imperd\u00edveis para fazer com em casal ou com toda fam\u00edlia\",\"breadcrumb\":{\"@id\":\"https:\/\/www.hoteldelreyfoz.com\/blog\/heat-meet-the-attractions-to-visit-in-the-summer-of-foz-do-iguacu\/#breadcrumb\"},\"inLanguage\":\"pt-BR\",\"potentialAction\":[{\"@type\":\"ReadAction\",\"target\":[\"https:\/\/www.hoteldelreyfoz.com\/blog\/heat-meet-the-attractions-to-visit-in-the-summer-of-foz-do-iguacu\/\"]}]},{\"@type\":\"BreadcrumbList\",\"@id\":\"https:\/\/www.hoteldelreyfoz.com\/blog\/heat-meet-the-attractions-to-visit-in-the-summer-of-foz-do-iguacu\/#breadcrumb\",\"itemListElement\":[{\"@type\":\"ListItem\",\"position\":1,\"name\":\"In\u00edcio\",\"item\":\"https:\/\/www.hoteldelreyfoz.com\/en\/\"},{\"@type\":\"ListItem\",\"position\":2,\"name\":\"Calor? Conhe\u00e7a os atrativos para visitar no ver\u00e3o de Foz do Igua\u00e7u\"}]},{\"@type\":\"WebSite\",\"@id\":\"https:\/\/www.hoteldelreyfoz.com\/#website\",\"url\":\"https:\/\/www.hoteldelreyfoz.com\/\",\"name\":\"Del Rey Quality Hotel\",\"description\":\"Hotel em Foz do Igua\u00e7u com pre\u00e7os acess\u00edveis, quartos amplos e localiza\u00e7\u00e3o no Centro, perto de tudo. Reserve pelo nosso site com desconto!\",\"publisher\":{\"@id\":\"https:\/\/www.hoteldelreyfoz.com\/#organization\"},\"potentialAction\":[{\"@type\":\"SearchAction\",\"target\":{\"@type\":\"EntryPoint\",\"urlTemplate\":\"https:\/\/www.hoteldelreyfoz.com\/?s={search_term_string}\"},\"query-input\":\"required name=search_term_string\"}],\"inLanguage\":\"pt-BR\"},{\"@type\":\"Organization\",\"@id\":\"https:\/\/www.hoteldelreyfoz.com\/#organization\",\"name\":\"Del Rey Quality Hotel\",\"url\":\"https:\/\/www.hoteldelreyfoz.com\/\",\"logo\":{\"@type\":\"ImageObject\",\"inLanguage\":\"pt-BR\",\"@id\":\"https:\/\/www.hoteldelreyfoz.com\/#\/schema\/logo\/image\/\",\"url\":\"https:\/\/www.hoteldelreyfoz.com.br\/wp-content\/uploads\/2021\/09\/delrey.png\",\"contentUrl\":\"https:\/\/www.hoteldelreyfoz.com.br\/wp-content\/uploads\/2021\/09\/delrey.png\",\"width\":225,\"height\":224,\"caption\":\"Del Rey Quality Hotel\"},\"image\":{\"@id\":\"https:\/\/www.hoteldelreyfoz.com\/#\/schema\/logo\/image\/\"},\"sameAs\":[\"https:\/\/www.facebook.com\/delreyfozhotel\",\"https:\/\/www.instagram.com\/delreyfoz\/\",\"https:\/\/www.youtube.com\/channel\/UCSBntO46TaFRFMvuxjJBS_w\"]},{\"@type\":\"Person\",\"@id\":\"https:\/\/www.hoteldelreyfoz.com\/#\/schema\/person\/7ea55b17cae3e4b8de28d979ce955c9b\",\"name\":\"Jaime Mendes\"}]}<\/script>\n<!-- \/ Yoast SEO plugin. -->",
    "yoast_head_json": {
        "title": "Quais atrativos visitar no ver\u00e3o de Foz do Igua\u00e7u - Del Rey Quality Hotel",
        "description": "Foz do Igua\u00e7u \u00e9 cheia de atrativos para visitar no ver\u00e3o, conhe\u00e7a algumas op\u00e7\u00f5es dispon\u00edveis e imperd\u00edveis para fazer com em casal ou com toda fam\u00edlia",
        "robots": {
            "index": "index",
            "follow": "follow",
            "max-snippet": "max-snippet:-1",
            "max-image-preview": "max-image-preview:large",
            "max-video-preview": "max-video-preview:-1"
        },
        "canonical": "https:\/\/www.hoteldelreyfoz.com\/pt_br\/blog\/heat-meet-the-attractions-to-visit-in-the-summer-of-foz-do-iguacu\/",
        "og_locale": "pt_BR",
        "og_type": "article",
        "og_title": "Quais atrativos visitar no ver\u00e3o de Foz do Igua\u00e7u - Del Rey Quality Hotel",
        "og_description": "Foz do Igua\u00e7u \u00e9 cheia de atrativos para visitar no ver\u00e3o, conhe\u00e7a algumas op\u00e7\u00f5es dispon\u00edveis e imperd\u00edveis para fazer com em casal ou com toda fam\u00edlia",
        "og_url": "https:\/\/www.hoteldelreyfoz.com\/pt_br\/blog\/heat-meet-the-attractions-to-visit-in-the-summer-of-foz-do-iguacu\/",
        "og_site_name": "Del Rey Quality Hotel",
        "article_publisher": "https:\/\/www.facebook.com\/delreyfozhotel",
        "article_published_time": "2021-01-11T21:10:28+00:00",
        "article_modified_time": "2021-10-26T13:16:28+00:00",
        "og_image": [
            {
                "width": 1920,
                "height": 1193,
                "url": "https:\/\/www.hoteldelreyfoz.com\/wp-content\/uploads\/2021\/01\/drinks-de-verao-para-saborear-no-hotel-del-rey.jpg",
                "type": "image\/jpeg"
            }
        ],
        "author": "Jaime Mendes",
        "twitter_card": "summary_large_image",
        "twitter_misc": {
            "Escrito por": false,
            "Est. tempo de leitura": "5 minutos"
        },
        "schema": {
            "@context": "https:\/\/schema.org",
            "@graph": [
                {
                    "@type": "Article",
                    "@id": "https:\/\/www.hoteldelreyfoz.com\/blog\/heat-meet-the-attractions-to-visit-in-the-summer-of-foz-do-iguacu\/#article",
                    "isPartOf": {
                        "@id": "https:\/\/www.hoteldelreyfoz.com\/blog\/heat-meet-the-attractions-to-visit-in-the-summer-of-foz-do-iguacu\/"
                    },
                    "author": {
                        "name": "Jaime Mendes",
                        "@id": "https:\/\/www.hoteldelreyfoz.com\/#\/schema\/person\/7ea55b17cae3e4b8de28d979ce955c9b"
                    },
                    "headline": "Calor? Conhe\u00e7a os atrativos para visitar no ver\u00e3o de Foz do Igua\u00e7u",
                    "datePublished": "2021-01-11T21:10:28+00:00",
                    "dateModified": "2021-10-26T13:16:28+00:00",
                    "mainEntityOfPage": {
                        "@id": "https:\/\/www.hoteldelreyfoz.com\/blog\/heat-meet-the-attractions-to-visit-in-the-summer-of-foz-do-iguacu\/"
                    },
                    "wordCount": 993,
                    "publisher": {
                        "@id": "https:\/\/www.hoteldelreyfoz.com\/#organization"
                    },
                    "keywords": [
                        "Blue Park",
                        "calor",
                        "calor de foz do igua\u00e7u",
                        "O que fazer em Foz no calor",
                        "parque com aves",
                        "Parques Aqu\u00e1ticos",
                        "piscinas",
                        "praias artificiais",
                        "zool\u00f3gico"
                    ],
                    "articleSection": [
                        "O que fazer"
                    ],
                    "inLanguage": "pt-BR"
                },
                {
                    "@type": "WebPage",
                    "@id": "https:\/\/www.hoteldelreyfoz.com\/blog\/heat-meet-the-attractions-to-visit-in-the-summer-of-foz-do-iguacu\/",
                    "url": "https:\/\/www.hoteldelreyfoz.com\/blog\/heat-meet-the-attractions-to-visit-in-the-summer-of-foz-do-iguacu\/",
                    "name": "Quais atrativos visitar no ver\u00e3o de Foz do Igua\u00e7u - Del Rey Quality Hotel",
                    "isPartOf": {
                        "@id": "https:\/\/www.hoteldelreyfoz.com\/#website"
                    },
                    "datePublished": "2021-01-11T21:10:28+00:00",
                    "dateModified": "2021-10-26T13:16:28+00:00",
                    "description": "Foz do Igua\u00e7u \u00e9 cheia de atrativos para visitar no ver\u00e3o, conhe\u00e7a algumas op\u00e7\u00f5es dispon\u00edveis e imperd\u00edveis para fazer com em casal ou com toda fam\u00edlia",
                    "breadcrumb": {
                        "@id": "https:\/\/www.hoteldelreyfoz.com\/blog\/heat-meet-the-attractions-to-visit-in-the-summer-of-foz-do-iguacu\/#breadcrumb"
                    },
                    "inLanguage": "pt-BR",
                    "potentialAction": [
                        {
                            "@type": "ReadAction",
                            "target": [
                                "https:\/\/www.hoteldelreyfoz.com\/blog\/heat-meet-the-attractions-to-visit-in-the-summer-of-foz-do-iguacu\/"
                            ]
                        }
                    ]
                },
                {
                    "@type": "BreadcrumbList",
                    "@id": "https:\/\/www.hoteldelreyfoz.com\/blog\/heat-meet-the-attractions-to-visit-in-the-summer-of-foz-do-iguacu\/#breadcrumb",
                    "itemListElement": [
                        {
                            "@type": "ListItem",
                            "position": 1,
                            "name": "In\u00edcio",
                            "item": "https:\/\/www.hoteldelreyfoz.com\/en\/"
                        },
                        {
                            "@type": "ListItem",
                            "position": 2,
                            "name": "Calor? Conhe\u00e7a os atrativos para visitar no ver\u00e3o de Foz do Igua\u00e7u"
                        }
                    ]
                },
                {
                    "@type": "WebSite",
                    "@id": "https:\/\/www.hoteldelreyfoz.com\/#website",
                    "url": "https:\/\/www.hoteldelreyfoz.com\/",
                    "name": "Del Rey Quality Hotel",
                    "description": "Hotel em Foz do Igua\u00e7u com pre\u00e7os acess\u00edveis, quartos amplos e localiza\u00e7\u00e3o no Centro, perto de tudo. Reserve pelo nosso site com desconto!",
                    "publisher": {
                        "@id": "https:\/\/www.hoteldelreyfoz.com\/#organization"
                    },
                    "potentialAction": [
                        {
                            "@type": "SearchAction",
                            "target": {
                                "@type": "EntryPoint",
                                "urlTemplate": "https:\/\/www.hoteldelreyfoz.com\/?s={search_term_string}"
                            },
                            "query-input": "required name=search_term_string"
                        }
                    ],
                    "inLanguage": "pt-BR"
                },
                {
                    "@type": "Organization",
                    "@id": "https:\/\/www.hoteldelreyfoz.com\/#organization",
                    "name": "Del Rey Quality Hotel",
                    "url": "https:\/\/www.hoteldelreyfoz.com\/",
                    "logo": {
                        "@type": "ImageObject",
                        "inLanguage": "pt-BR",
                        "@id": "https:\/\/www.hoteldelreyfoz.com\/#\/schema\/logo\/image\/",
                        "url": "https:\/\/www.hoteldelreyfoz.com.br\/wp-content\/uploads\/2021\/09\/delrey.png",
                        "contentUrl": "https:\/\/www.hoteldelreyfoz.com.br\/wp-content\/uploads\/2021\/09\/delrey.png",
                        "width": 225,
                        "height": 224,
                        "caption": "Del Rey Quality Hotel"
                    },
                    "image": {
                        "@id": "https:\/\/www.hoteldelreyfoz.com\/#\/schema\/logo\/image\/"
                    },
                    "sameAs": [
                        "https:\/\/www.facebook.com\/delreyfozhotel",
                        "https:\/\/www.instagram.com\/delreyfoz\/",
                        "https:\/\/www.youtube.com\/channel\/UCSBntO46TaFRFMvuxjJBS_w"
                    ]
                },
                {
                    "@type": "Person",
                    "@id": "https:\/\/www.hoteldelreyfoz.com\/#\/schema\/person\/7ea55b17cae3e4b8de28d979ce955c9b",
                    "name": "Jaime Mendes"
                }
            ]
        }
    },
    "_links": {
        "self": [
            {
                "href": "https:\/\/www.hoteldelreyfoz.com\/pt_br\/wp-json\/wp\/v2\/posts\/15813"
            }
        ],
        "collection": [
            {
                "href": "https:\/\/www.hoteldelreyfoz.com\/pt_br\/wp-json\/wp\/v2\/posts"
            }
        ],
        "about": [
            {
                "href": "https:\/\/www.hoteldelreyfoz.com\/pt_br\/wp-json\/wp\/v2\/types\/post"
            }
        ],
        "author": [
            {
                "embeddable": true,
                "href": "https:\/\/www.hoteldelreyfoz.com\/pt_br\/wp-json\/wp\/v2\/users\/2"
            }
        ],
        "replies": [
            {
                "embeddable": true,
                "href": "https:\/\/www.hoteldelreyfoz.com\/pt_br\/wp-json\/wp\/v2\/comments?post=15813"
            }
        ],
        "version-history": [
            {
                "count": 0,
                "href": "https:\/\/www.hoteldelreyfoz.com\/pt_br\/wp-json\/wp\/v2\/posts\/15813\/revisions"
            }
        ],
        "wp:featuredmedia": [
            {
                "embeddable": true,
                "href": "https:\/\/www.hoteldelreyfoz.com\/pt_br\/wp-json\/wp\/v2\/media\/15815"
            }
        ],
        "wp:attachment": [
            {
                "href": "https:\/\/www.hoteldelreyfoz.com\/pt_br\/wp-json\/wp\/v2\/media?parent=15813"
            }
        ],
        "wp:term": [
            {
                "taxonomy": "category",
                "embeddable": true,
                "href": "https:\/\/www.hoteldelreyfoz.com\/pt_br\/wp-json\/wp\/v2\/categories?post=15813"
            },
            {
                "taxonomy": "post_tag",
                "embeddable": true,
                "href": "https:\/\/www.hoteldelreyfoz.com\/pt_br\/wp-json\/wp\/v2\/tags?post=15813"
            }
        ],
        "curies": [
            {
                "name": "wp",
                "href": "https:\/\/api.w.org\/{rel}",
                "templated": true
            }
        ]
    }
}