{
    "id": 15760,
    "date": "2021-01-06T17:30:29",
    "date_gmt": "2021-01-06T20:30:29",
    "guid": {
        "rendered": "https:\/\/www.hoteldelreyfoz.com\/?p=15760"
    },
    "modified": "2021-01-06T17:30:29",
    "modified_gmt": "2021-01-06T20:30:29",
    "slug": "2021-e-o-ano-para-viajar-com-a-sua-familia-saiba-o-motivo",
    "status": "publish",
    "type": "post",
    "link": "https:\/\/www.hoteldelreyfoz.com\/pt_br\/blog\/2021-e-o-ano-para-viajar-com-a-sua-familia-saiba-o-motivo\/",
    "title": {
        "rendered": "2021 \u00e9 o ano para viajar com a sua fam\u00edlia, saiba o motivo!"
    },
    "content": {
        "rendered": "<p>Em 2020, muitas viagens tiveram que ser adiadas por conta da pandemia. No entanto, uma pesquisa do site de buscas de viagens, Kayak, mostrou que os viajantes est\u00e3o cada vez mais criativos na hora de planejar a pr\u00f3xima viagem. E com isso, <strong><em>63% dos entrevistados responderam que a viagem em fam\u00edlia era a op\u00e7\u00e3o mais vi\u00e1vel<\/em><\/strong>, isso mostra que por conta do isolamento social, as fam\u00edlias se aproximaram mais e agora querem viajar todos juntos.<\/p>\n<p>Al\u00e9m disso, o levantamento tamb\u00e9m mostrou que os brasileiros, durante as f\u00e9rias de ver\u00e3o, est\u00e3o optando por destinos no Brasil, levando em conta os fechamentos de fronteiras, restri\u00e7\u00f5es para conter o coronav\u00edrus e a alta das moedas estrangeiras.<\/p>\n<p>E, pensando nisso, o <strong>Del Rey Quality<\/strong> trouxe algumas dicas e motivos pelos quais \u00e9 essencial investir em um momento inesquec\u00edvel ao lado de quem se ama, principalmente em tempos como este. No post de hoje, voc\u00ea fica por dentro de como viajar com seguran\u00e7a e quais destinos valem a pena visitar com a fam\u00edlia toda. <strong><em>Ficou curioso? <\/em>Confira!<\/strong><\/p>\n<div id=\"ez-toc-container\" class=\"ez-toc-v2_0_76 counter-flat ez-toc-counter ez-toc-custom ez-toc-container-direction\">\n<div class=\"ez-toc-title-container\"><p class=\"ez-toc-title\" style=\"cursor:inherit\">Confira no artigo:<\/p>\n<\/div><nav><ul class='ez-toc-list ez-toc-list-level-1' ><li class='ez-toc-page-1'><a class=\"ez-toc-link ez-toc-heading-1\" href=\"https:\/\/www.hoteldelreyfoz.com\/pt_br\/blog\/2021-e-o-ano-para-viajar-com-a-sua-familia-saiba-o-motivo\/#Malas-prontas\" >Malas prontas?<\/a><\/li><li class='ez-toc-page-1'><a class=\"ez-toc-link ez-toc-heading-2\" href=\"https:\/\/www.hoteldelreyfoz.com\/pt_br\/blog\/2021-e-o-ano-para-viajar-com-a-sua-familia-saiba-o-motivo\/#3-destinos-inesqueciveis-para-uma-viagem-em-familia\" >3 destinos inesquec\u00edveis para uma viagem em fam\u00edlia<\/a><\/li><li class='ez-toc-page-1'><a class=\"ez-toc-link ez-toc-heading-3\" href=\"https:\/\/www.hoteldelreyfoz.com\/pt_br\/blog\/2021-e-o-ano-para-viajar-com-a-sua-familia-saiba-o-motivo\/#Gramado-Rio-Grande-do-Sul\" >Gramado (Rio Grande do Sul)<\/a><\/li><li class='ez-toc-page-1'><a class=\"ez-toc-link ez-toc-heading-4\" href=\"https:\/\/www.hoteldelreyfoz.com\/pt_br\/blog\/2021-e-o-ano-para-viajar-com-a-sua-familia-saiba-o-motivo\/#Foz-do-Iguacu-Parana\" >Foz do Igua\u00e7u (Paran\u00e1)<\/a><\/li><li class='ez-toc-page-1'><a class=\"ez-toc-link ez-toc-heading-5\" href=\"https:\/\/www.hoteldelreyfoz.com\/pt_br\/blog\/2021-e-o-ano-para-viajar-com-a-sua-familia-saiba-o-motivo\/#Balneario-Camboriu-Santa-Catarina\" >Balne\u00e1rio Cambori\u00fa (Santa Catarina)<\/a><\/li><li class='ez-toc-page-1'><a class=\"ez-toc-link ez-toc-heading-6\" href=\"https:\/\/www.hoteldelreyfoz.com\/pt_br\/blog\/2021-e-o-ano-para-viajar-com-a-sua-familia-saiba-o-motivo\/#O-Del-Rey-Quality-e-diversao-e-lazer-no-tamanho-familia\" >O Del Rey Quality \u00e9 divers\u00e3o e lazer no tamanho fam\u00edlia!<\/a><\/li><\/ul><\/nav><\/div>\n<h3><span class=\"ez-toc-section\" id=\"Malas-prontas\"><\/span>Malas prontas?<span class=\"ez-toc-section-end\"><\/span><\/h3>\n<figure id=\"attachment_15774\" aria-describedby=\"caption-attachment-15774\" style=\"width: 1280px\" class=\"wp-caption alignnone\"><img decoding=\"async\" loading=\"lazy\" class=\"wp-image-15774 size-full\" src=\"https:\/\/www.hoteldelreyfoz.com\/wp-content\/uploads\/2021\/01\/familia-no-aeroporto-esperando-viajar.jpeg\" alt=\"Fam\u00edlia esperando para viajar no aeroporto - 2021 ano para viajar\" width=\"1280\" height=\"719\" srcset=\"https:\/\/www.hoteldelreyfoz.com\/wp-content\/uploads\/2021\/01\/familia-no-aeroporto-esperando-viajar.jpeg 1280w, https:\/\/www.hoteldelreyfoz.com\/wp-content\/uploads\/2021\/01\/familia-no-aeroporto-esperando-viajar-300x169.jpeg 300w, https:\/\/www.hoteldelreyfoz.com\/wp-content\/uploads\/2021\/01\/familia-no-aeroporto-esperando-viajar-1024x575.jpeg 1024w, https:\/\/www.hoteldelreyfoz.com\/wp-content\/uploads\/2021\/01\/familia-no-aeroporto-esperando-viajar-768x431.jpeg 768w\" sizes=\"(max-width: 1280px) 100vw, 1280px\" \/><figcaption id=\"caption-attachment-15774\" class=\"wp-caption-text\">Reprodu\u00e7\u00e3o &#8211; Vrbo<\/figcaption><\/figure>\n<p>Um final de semana, um feriado prolongado ou f\u00e9rias inteiras&#8230; Tanto faz! O importante \u00e9 que a viagem em fam\u00edlia \u00e9 um dos momentos mais esperados do ano. E se voc\u00ea adora viajar e se programar durante o ano todo para fazer a sua viagem em fam\u00edlia, <strong><em>continue lendo este post<\/em><\/strong>, pois agora apresentamos algumas medidas importantes para aproveitar esse momento \u00fanico&#8230;<\/p>\n<ol>\n<li><strong> Busque o destino que mais se encaixe para sua viagem em fam\u00edlia<\/strong><\/li>\n<\/ol>\n<p>\u00c9 poss\u00edvel escolher um destino bonito e tranquilo para se divertir e relaxar, por isso, pesquise com anteced\u00eancia e verifique se o local tem op\u00e7\u00f5es de lazer para crian\u00e7as e adultos. Lembre-se: esta \u00e9 uma em grupo, ou seja, equilibre a programa\u00e7\u00e3o para que atenda aos gostos e \u00e0s expectativas de toda a fam\u00edlia. Cheque tamb\u00e9m como est\u00e1 o clima na regi\u00e3o e opte por temperaturas mais amenas, para evitar eventuais problemas de sa\u00fade durante a viagem.<\/p>\n<ol start=\"2\">\n<li><strong> Decida a melhor op\u00e7\u00e3o de transporte<\/strong><\/li>\n<\/ol>\n<p>A escolha do transporte vai depender do local que voc\u00ea selecionou. Se for pr\u00f3ximo e preferir viajar de carro, \u00e9 recomend\u00e1vel que conte com uma cadeirinha (para crian\u00e7as abaixo de 10 anos) equivalente \u00e0 idade. Al\u00e9m disso, \u00e9 essencial fazer a revis\u00e3o pr\u00e9via do ve\u00edculo. Calcule tamb\u00e9m os custos com combust\u00edvel e ped\u00e1gios durante a viagem. Agora se for viajar de avi\u00e3o ou de \u00f4nibus, e tem crian\u00e7as pequenas, prefira viajar \u00e0 noite, no per\u00edodo em que elas est\u00e3o dormindo. Se n\u00e3o for poss\u00edvel, leve brinquedos que possam mant\u00ea-las entretidas ao longo do trajeto.<\/p>\n<ol start=\"3\">\n<li><strong> Tenha em mente os custos da viagem<\/strong><\/li>\n<\/ol>\n<p>Verifique se existem cobran\u00e7as de acesso, o valor das passagens para deslocamento, se \u00e9 permitida a entrada de crian\u00e7as e a qual a faixa et\u00e1ria. Para evitar surpresas desagrad\u00e1veis, anote os custos com alimenta\u00e7\u00e3o, compras, hospedagem e deslocamento local. Vale ressaltar que tamb\u00e9m \u00e9 recomendado fazer uma reserva para imprevistos e cuidados com a sa\u00fade.<\/p>\n<ol start=\"4\">\n<li><strong> Encontre a hospedagem ideal<\/strong><\/li>\n<\/ol>\n<p>A melhor op\u00e7\u00e3o de hospedagem \u00e9 aquela que consegue agregar tranquilidade, seguran\u00e7a, conforto, atendimento personalizado e proximidade com os pontos tur\u00edsticos e atrativos do destino. Visitar o site para conhecer as acomoda\u00e7\u00f5es \u00e9 um \u00f3timo come\u00e7o. Verifique os itens que constam nos quartos e sempre priorize os detalhes para garantir o bem-estar de toda a fam\u00edlia. Al\u00e9m disso, procure saber quais refei\u00e7\u00f5es o hotel oferece, pois isso tamb\u00e9m pesa nos custos que voc\u00ea ter\u00e1 durante a viagem.<\/p>\n<h2><span class=\"ez-toc-section\" id=\"3-destinos-inesqueciveis-para-uma-viagem-em-familia\"><\/span>3 destinos inesquec\u00edveis para uma viagem em fam\u00edlia<span class=\"ez-toc-section-end\"><\/span><\/h2>\n<h3><span class=\"ez-toc-section\" id=\"Gramado-Rio-Grande-do-Sul\"><\/span>Gramado (Rio Grande do Sul)<span class=\"ez-toc-section-end\"><\/span><\/h3>\n<figure id=\"attachment_15771\" aria-describedby=\"caption-attachment-15771\" style=\"width: 1280px\" class=\"wp-caption alignnone\"><img decoding=\"async\" loading=\"lazy\" class=\"wp-image-15771 size-full\" src=\"https:\/\/www.hoteldelreyfoz.com\/wp-content\/uploads\/2021\/01\/centro-de-gramado-rs-brasil.jpeg\" alt=\"Centro da Cidade de Gramado - RS\" width=\"1280\" height=\"640\" srcset=\"https:\/\/www.hoteldelreyfoz.com\/wp-content\/uploads\/2021\/01\/centro-de-gramado-rs-brasil.jpeg 1280w, https:\/\/www.hoteldelreyfoz.com\/wp-content\/uploads\/2021\/01\/centro-de-gramado-rs-brasil-300x150.jpeg 300w, https:\/\/www.hoteldelreyfoz.com\/wp-content\/uploads\/2021\/01\/centro-de-gramado-rs-brasil-1024x512.jpeg 1024w, https:\/\/www.hoteldelreyfoz.com\/wp-content\/uploads\/2021\/01\/centro-de-gramado-rs-brasil-768x384.jpeg 768w\" sizes=\"(max-width: 1280px) 100vw, 1280px\" \/><figcaption id=\"caption-attachment-15771\" class=\"wp-caption-text\">Reprodu\u00e7\u00e3o &#8211; Mala Pronta Gramado<\/figcaption><\/figure>\n<p>A Serra Ga\u00facha costuma ser um destino que agrada qualquer idade, independente da \u00e9poca do ano. Gramado \u00e9 tamb\u00e9m uma dica perfeita para quem viaja com crian\u00e7as, justamente pela quantidade de atra\u00e7\u00f5es que o munic\u00edpio ga\u00facho traz: o Mini-Mundo, o Parque Terra M\u00e1gica Florybal e Aldeia do Papai Noel s\u00e3o as que mais fazem sucesso entre as fam\u00edlias com crian\u00e7as pequenas. J\u00e1 o Museu de Cera Dreamland e o Snowland fazem sempre sucesso n\u00e3o s\u00f3 entre os adolescentes, mas entre os adultos tamb\u00e9m.<\/p>\n<p>Al\u00e9m dos parques e atra\u00e7\u00f5es, passear pela charmosa cidade com suas casinhas em estilo enxaimel, ruas repletas de hort\u00eansias e pra\u00e7as de arauc\u00e1rias e pinheiros vai ser um programa dos mais agrad\u00e1veis para a fam\u00edlia toda. Tudo acompanhado, claro, do <strong><em>melhor chocolate artesanal produzido no Brasil!<\/em><\/strong><\/p>\n<h3><span class=\"ez-toc-section\" id=\"Foz-do-Iguacu-Parana\"><\/span>Foz do Igua\u00e7u (Paran\u00e1)<span class=\"ez-toc-section-end\"><\/span><\/h3>\n<figure id=\"attachment_15768\" aria-describedby=\"caption-attachment-15768\" style=\"width: 1000px\" class=\"wp-caption alignnone\"><img decoding=\"async\" loading=\"lazy\" class=\"wp-image-15768 size-full\" src=\"https:\/\/www.hoteldelreyfoz.com\/wp-content\/uploads\/2021\/01\/cataratas-em-foz-do-iguacu.jpeg\" alt=\"Cataratas do Igua\u00e7u \u00e9 o destino para 2021\" width=\"1000\" height=\"602\" srcset=\"https:\/\/www.hoteldelreyfoz.com\/wp-content\/uploads\/2021\/01\/cataratas-em-foz-do-iguacu.jpeg 1000w, https:\/\/www.hoteldelreyfoz.com\/wp-content\/uploads\/2021\/01\/cataratas-em-foz-do-iguacu-300x181.jpeg 300w, https:\/\/www.hoteldelreyfoz.com\/wp-content\/uploads\/2021\/01\/cataratas-em-foz-do-iguacu-768x462.jpeg 768w\" sizes=\"(max-width: 1000px) 100vw, 1000px\" \/><figcaption id=\"caption-attachment-15768\" class=\"wp-caption-text\">Reprodu\u00e7\u00e3o &#8211; TripAdvisor<\/figcaption><\/figure>\n<p>Visitantes de toda e qualquer idade se encantam com a beleza e a grandiosidade das Cataratas do Igua\u00e7u. O conjunto de 275 quedas d\u2019\u00e1gua, que chegam a 90 metros, atrai visitantes do mundo todo e faz a alegria da crian\u00e7ada, que <strong><em>pode ver tudo bem de perto e com muita aventura<\/em><\/strong>, ou seja, d\u00e1 para observar tudo dos mirantes e das passarelas. D\u00e1 para fazer passeio de barco e de rafting muito pr\u00f3ximo das Cataratas, ou ainda sobrevoar a paisagem de helic\u00f3ptero.<\/p>\n<p>E bem no meio da fronteira do Brasil com a Argentina e Paraguai, est\u00e1 a simp\u00e1tica Foz do Igua\u00e7u, que oferece outros belos atrativos para a fam\u00edlia toda. Entre elas, o divertido e educativo Parque das Aves \u2013 um parque tem\u00e1tico com 16 hectares de mata nativa, e mais de 1.500 animais para ver de perto, dentre aves, r\u00e9pteis e mam\u00edferos. Ou ent\u00e3o a incr\u00edvel Itaipu Binacional, que, localizada entre Brasil e Paraguai, resulta da uni\u00e3o de dois povos e do potencial em tecnologia que esta Usina traz. Tudo isso e muito mais!<\/p>\n<h3><span class=\"ez-toc-section\" id=\"Balneario-Camboriu-Santa-Catarina\"><\/span>Balne\u00e1rio Cambori\u00fa (Santa Catarina)<span class=\"ez-toc-section-end\"><\/span><\/h3>\n<figure id=\"attachment_15765\" aria-describedby=\"caption-attachment-15765\" style=\"width: 1280px\" class=\"wp-caption alignnone\"><img decoding=\"async\" loading=\"lazy\" class=\"wp-image-15765 size-full\" src=\"https:\/\/www.hoteldelreyfoz.com\/wp-content\/uploads\/2021\/01\/balneario-camburiu-florianopolis-sc.jpeg\" alt=\"Teleferico em Balne\u00e1rio de Cambori\u00fa - SC\" width=\"1280\" height=\"718\" srcset=\"https:\/\/www.hoteldelreyfoz.com\/wp-content\/uploads\/2021\/01\/balneario-camburiu-florianopolis-sc.jpeg 1280w, https:\/\/www.hoteldelreyfoz.com\/wp-content\/uploads\/2021\/01\/balneario-camburiu-florianopolis-sc-300x168.jpeg 300w, https:\/\/www.hoteldelreyfoz.com\/wp-content\/uploads\/2021\/01\/balneario-camburiu-florianopolis-sc-1024x574.jpeg 1024w, https:\/\/www.hoteldelreyfoz.com\/wp-content\/uploads\/2021\/01\/balneario-camburiu-florianopolis-sc-768x431.jpeg 768w\" sizes=\"(max-width: 1280px) 100vw, 1280px\" \/><figcaption id=\"caption-attachment-15765\" class=\"wp-caption-text\">Reprodu\u00e7\u00e3o &#8211; BC Not\u00edcias<\/figcaption><\/figure>\n<p>No litoral Norte catarinense, Balne\u00e1rio Cambori\u00fa \u00e9 uma op\u00e7\u00e3o que foge do \u00f3bvio, mas que tem tudo para agradar as fam\u00edlias, especialmente as com adolescentes que gostam de adrenalina. Al\u00e9m das belas praias, a cidade \u00e9 adorada pelos ecoturistas, que encontram in\u00fameras atividades para ter contato imediato com a natureza. S\u00f3 no badalado Parque Unipraias, que compreende as tr\u00eas esta\u00e7\u00f5es por onde passa o telef\u00e9rico, h\u00e1 trilhas para caminhada, tren\u00f3 de montanha, circuito de arvorismo e o famoso ZipRider, uma esp\u00e9cie da tirolesa.<\/p>\n<p>N\u00e3o esque\u00e7a tamb\u00e9m de tirar a irresist\u00edvel selfie junto \u00e0 est\u00e1tua do Cristo Luz, que muda de cor a cada dia da semana. E uma dica extra: em pouco mais de meia hora voc\u00ea est\u00e1 no parque Beto Carrero World, <strong><em>destino certo para toda a crian\u00e7ada!<\/em><\/strong><\/p>\n<h3><span class=\"ez-toc-section\" id=\"O-Del-Rey-Quality-e-diversao-e-lazer-no-tamanho-familia\"><\/span>O Del Rey Quality \u00e9 divers\u00e3o e lazer no tamanho fam\u00edlia!<span class=\"ez-toc-section-end\"><\/span><\/h3>\n<p>Agora que voc\u00ea j\u00e1 conhece as principais dicas de como curtir a sua viagem em fam\u00edlia, \u00e9 s\u00f3 aproveitar a estadia no Del Rey Quality Hotel para relaxar e curtir as atra\u00e7\u00f5es do destino escolhido, no caso, em Foz do Igua\u00e7u.<\/p>\n<p>Oferecemos, a cada dia, um guia completo dos atrativos mais incr\u00edveis na Terra das Cataratas, al\u00e9m de passeios nos pa\u00edses vizinhos, como Paraguai e Argentina.<\/p>\n<p>No Del Rey Quality Hotel voc\u00ea encontra um local que conta com 91 apartamentos modernos e confort\u00e1veis, com op\u00e7\u00f5es de quartos para at\u00e9 quatro pessoas, al\u00e9m de ber\u00e7os (quando necess\u00e1rio). Al\u00e9m disso, o hotel est\u00e1 localizado no centro de Foz, a duas quadras do Terminal de Transporte Urbano, e pr\u00f3ximo de restaurantes, mercados, padarias, farm\u00e1cias e bancos.<\/p>\n<p><strong><em>O Del Rey Quality quer que voc\u00ea tenha uma experi\u00eancia \u00fanica em Foz do Igua\u00e7u.<\/em><\/strong> Confira em nosso blog todas as informa\u00e7\u00f5es para a sua viagem em Foz. Temos muitas novidades em nossas redes sociais, atrav\u00e9s do Instagram <a href=\"https:\/\/www.instagram.com\/delreyfoz\/\" target=\"_blank\" rel=\"noopener\" class=\"broken_link\"><strong>@delreyfoz<\/strong><\/a>, Facebook <a href=\"https:\/\/www.facebook.com\/delreyfozhotel\" target=\"_blank\" rel=\"noopener\"><strong>Del Rey Foz<\/strong> <\/a>e pelo site <a href=\"https:\/\/www.hoteldelreyfoz.com\/pt_br\/blog\/\"><strong>www.hoteldelreyfoz.com.br<\/strong><\/a>. Fa\u00e7a sua reserva pelo nosso site e <strong><em>ganhe 10% de desconto!<\/em><\/strong><\/p>",
        "protected": false
    },
    "excerpt": {
        "rendered": "<p>Em 2020, muitas viagens tiveram que ser adiadas por conta da pandemia. No entanto, uma pesquisa do site de buscas de viagens, Kayak, mostrou que os viajantes est\u00e3o cada vez mais criativos na hora de planejar a pr\u00f3xima viagem. E com isso, 63% dos entrevistados responderam que a viagem em fam\u00edlia era a op\u00e7\u00e3o mais [&hellip;]<\/p>",
        "protected": false
    },
    "author": 2,
    "featured_media": 15777,
    "comment_status": "closed",
    "ping_status": "open",
    "sticky": false,
    "template": "",
    "format": "standard",
    "meta": {
        "footnotes": ""
    },
    "categories": [
        40
    ],
    "tags": [],
    "yoast_head": "<!-- This site is optimized with the Yoast SEO plugin v20.12 - https:\/\/yoast.com\/wordpress\/plugins\/seo\/ -->\n<title>2021 \u00e9 o ano para viajar em fam\u00edlia, saiba o motivo - Del Rey Quality Hotel<\/title>\n<meta name=\"description\" content=\"2021 \u00e9 o ano para viajar e nos separamos algumas dicas de destinos, hospedagem e locais para visitar durante sua pr\u00f3xima aventura\" \/>\n<meta name=\"robots\" content=\"index, follow, max-snippet:-1, max-image-preview:large, max-video-preview:-1\" \/>\n<link rel=\"canonical\" href=\"https:\/\/www.hoteldelreyfoz.com\/pt_br\/blog\/2021-and-the-year-to-travel-with-your-family-know-the-reason\/\" \/>\n<meta property=\"og:locale\" content=\"pt_BR\" \/>\n<meta property=\"og:type\" content=\"article\" \/>\n<meta property=\"og:title\" content=\"2021 \u00e9 o ano para viajar em fam\u00edlia, saiba o motivo - Del Rey Quality Hotel\" \/>\n<meta property=\"og:description\" content=\"2021 \u00e9 o ano para viajar e nos separamos algumas dicas de destinos, hospedagem e locais para visitar durante sua pr\u00f3xima aventura\" \/>\n<meta property=\"og:url\" content=\"https:\/\/www.hoteldelreyfoz.com\/pt_br\/blog\/2021-and-the-year-to-travel-with-your-family-know-the-reason\/\" \/>\n<meta property=\"og:site_name\" content=\"Del Rey Quality Hotel\" \/>\n<meta property=\"article:publisher\" content=\"https:\/\/www.facebook.com\/delreyfozhotel\" \/>\n<meta property=\"article:published_time\" content=\"2021-01-06T20:30:29+00:00\" \/>\n<meta property=\"og:image\" content=\"https:\/\/www.hoteldelreyfoz.com\/wp-content\/uploads\/2021\/01\/familia-em-por-do-sol-montanha-praia.jpeg\" \/>\n\t<meta property=\"og:image:width\" content=\"1280\" \/>\n\t<meta property=\"og:image:height\" content=\"874\" \/>\n\t<meta property=\"og:image:type\" content=\"image\/jpeg\" \/>\n<meta name=\"author\" content=\"Jaime Mendes\" \/>\n<meta name=\"twitter:card\" content=\"summary_large_image\" \/>\n<meta name=\"twitter:label1\" content=\"Escrito por\" \/>\n\t<meta name=\"twitter:data1\" content=\"\" \/>\n\t<meta name=\"twitter:label2\" content=\"Est. tempo de leitura\" \/>\n\t<meta name=\"twitter:data2\" content=\"7 minutos\" \/>\n<script type=\"application\/ld+json\" class=\"yoast-schema-graph\">{\"@context\":\"https:\/\/schema.org\",\"@graph\":[{\"@type\":\"Article\",\"@id\":\"https:\/\/www.hoteldelreyfoz.com\/blog\/2021-and-the-year-to-travel-with-your-family-know-the-reason\/#article\",\"isPartOf\":{\"@id\":\"https:\/\/www.hoteldelreyfoz.com\/blog\/2021-and-the-year-to-travel-with-your-family-know-the-reason\/\"},\"author\":{\"name\":\"Jaime Mendes\",\"@id\":\"https:\/\/www.hoteldelreyfoz.com\/#\/schema\/person\/7ea55b17cae3e4b8de28d979ce955c9b\"},\"headline\":\"2021 \u00e9 o ano para viajar com a sua fam\u00edlia, saiba o motivo!\",\"datePublished\":\"2021-01-06T20:30:29+00:00\",\"dateModified\":\"2021-01-06T20:30:29+00:00\",\"mainEntityOfPage\":{\"@id\":\"https:\/\/www.hoteldelreyfoz.com\/blog\/2021-and-the-year-to-travel-with-your-family-know-the-reason\/\"},\"wordCount\":1383,\"publisher\":{\"@id\":\"https:\/\/www.hoteldelreyfoz.com\/#organization\"},\"articleSection\":[\"Planejamento\"],\"inLanguage\":\"pt-BR\"},{\"@type\":\"WebPage\",\"@id\":\"https:\/\/www.hoteldelreyfoz.com\/blog\/2021-and-the-year-to-travel-with-your-family-know-the-reason\/\",\"url\":\"https:\/\/www.hoteldelreyfoz.com\/blog\/2021-and-the-year-to-travel-with-your-family-know-the-reason\/\",\"name\":\"2021 \u00e9 o ano para viajar em fam\u00edlia, saiba o motivo - Del Rey Quality Hotel\",\"isPartOf\":{\"@id\":\"https:\/\/www.hoteldelreyfoz.com\/#website\"},\"datePublished\":\"2021-01-06T20:30:29+00:00\",\"dateModified\":\"2021-01-06T20:30:29+00:00\",\"description\":\"2021 \u00e9 o ano para viajar e nos separamos algumas dicas de destinos, hospedagem e locais para visitar durante sua pr\u00f3xima aventura\",\"breadcrumb\":{\"@id\":\"https:\/\/www.hoteldelreyfoz.com\/blog\/2021-and-the-year-to-travel-with-your-family-know-the-reason\/#breadcrumb\"},\"inLanguage\":\"pt-BR\",\"potentialAction\":[{\"@type\":\"ReadAction\",\"target\":[\"https:\/\/www.hoteldelreyfoz.com\/blog\/2021-and-the-year-to-travel-with-your-family-know-the-reason\/\"]}]},{\"@type\":\"BreadcrumbList\",\"@id\":\"https:\/\/www.hoteldelreyfoz.com\/blog\/2021-and-the-year-to-travel-with-your-family-know-the-reason\/#breadcrumb\",\"itemListElement\":[{\"@type\":\"ListItem\",\"position\":1,\"name\":\"In\u00edcio\",\"item\":\"https:\/\/www.hoteldelreyfoz.com\/en\/\"},{\"@type\":\"ListItem\",\"position\":2,\"name\":\"2021 \u00e9 o ano para viajar com a sua fam\u00edlia, saiba o motivo!\"}]},{\"@type\":\"WebSite\",\"@id\":\"https:\/\/www.hoteldelreyfoz.com\/#website\",\"url\":\"https:\/\/www.hoteldelreyfoz.com\/\",\"name\":\"Del Rey Quality Hotel\",\"description\":\"Hotel em Foz do Igua\u00e7u com pre\u00e7os acess\u00edveis, quartos amplos e localiza\u00e7\u00e3o no Centro, perto de tudo. Reserve pelo nosso site com desconto!\",\"publisher\":{\"@id\":\"https:\/\/www.hoteldelreyfoz.com\/#organization\"},\"potentialAction\":[{\"@type\":\"SearchAction\",\"target\":{\"@type\":\"EntryPoint\",\"urlTemplate\":\"https:\/\/www.hoteldelreyfoz.com\/?s={search_term_string}\"},\"query-input\":\"required name=search_term_string\"}],\"inLanguage\":\"pt-BR\"},{\"@type\":\"Organization\",\"@id\":\"https:\/\/www.hoteldelreyfoz.com\/#organization\",\"name\":\"Del Rey Quality Hotel\",\"url\":\"https:\/\/www.hoteldelreyfoz.com\/\",\"logo\":{\"@type\":\"ImageObject\",\"inLanguage\":\"pt-BR\",\"@id\":\"https:\/\/www.hoteldelreyfoz.com\/#\/schema\/logo\/image\/\",\"url\":\"https:\/\/www.hoteldelreyfoz.com.br\/wp-content\/uploads\/2021\/09\/delrey.png\",\"contentUrl\":\"https:\/\/www.hoteldelreyfoz.com.br\/wp-content\/uploads\/2021\/09\/delrey.png\",\"width\":225,\"height\":224,\"caption\":\"Del Rey Quality Hotel\"},\"image\":{\"@id\":\"https:\/\/www.hoteldelreyfoz.com\/#\/schema\/logo\/image\/\"},\"sameAs\":[\"https:\/\/www.facebook.com\/delreyfozhotel\",\"https:\/\/www.instagram.com\/delreyfoz\/\",\"https:\/\/www.youtube.com\/channel\/UCSBntO46TaFRFMvuxjJBS_w\"]},{\"@type\":\"Person\",\"@id\":\"https:\/\/www.hoteldelreyfoz.com\/#\/schema\/person\/7ea55b17cae3e4b8de28d979ce955c9b\",\"name\":\"Jaime Mendes\"}]}<\/script>\n<!-- \/ Yoast SEO plugin. -->",
    "yoast_head_json": {
        "title": "2021 \u00e9 o ano para viajar em fam\u00edlia, saiba o motivo - Del Rey Quality Hotel",
        "description": "2021 \u00e9 o ano para viajar e nos separamos algumas dicas de destinos, hospedagem e locais para visitar durante sua pr\u00f3xima aventura",
        "robots": {
            "index": "index",
            "follow": "follow",
            "max-snippet": "max-snippet:-1",
            "max-image-preview": "max-image-preview:large",
            "max-video-preview": "max-video-preview:-1"
        },
        "canonical": "https:\/\/www.hoteldelreyfoz.com\/pt_br\/blog\/2021-and-the-year-to-travel-with-your-family-know-the-reason\/",
        "og_locale": "pt_BR",
        "og_type": "article",
        "og_title": "2021 \u00e9 o ano para viajar em fam\u00edlia, saiba o motivo - Del Rey Quality Hotel",
        "og_description": "2021 \u00e9 o ano para viajar e nos separamos algumas dicas de destinos, hospedagem e locais para visitar durante sua pr\u00f3xima aventura",
        "og_url": "https:\/\/www.hoteldelreyfoz.com\/pt_br\/blog\/2021-and-the-year-to-travel-with-your-family-know-the-reason\/",
        "og_site_name": "Del Rey Quality Hotel",
        "article_publisher": "https:\/\/www.facebook.com\/delreyfozhotel",
        "article_published_time": "2021-01-06T20:30:29+00:00",
        "og_image": [
            {
                "width": 1280,
                "height": 874,
                "url": "https:\/\/www.hoteldelreyfoz.com\/wp-content\/uploads\/2021\/01\/familia-em-por-do-sol-montanha-praia.jpeg",
                "type": "image\/jpeg"
            }
        ],
        "author": "Jaime Mendes",
        "twitter_card": "summary_large_image",
        "twitter_misc": {
            "Escrito por": false,
            "Est. tempo de leitura": "7 minutos"
        },
        "schema": {
            "@context": "https:\/\/schema.org",
            "@graph": [
                {
                    "@type": "Article",
                    "@id": "https:\/\/www.hoteldelreyfoz.com\/blog\/2021-and-the-year-to-travel-with-your-family-know-the-reason\/#article",
                    "isPartOf": {
                        "@id": "https:\/\/www.hoteldelreyfoz.com\/blog\/2021-and-the-year-to-travel-with-your-family-know-the-reason\/"
                    },
                    "author": {
                        "name": "Jaime Mendes",
                        "@id": "https:\/\/www.hoteldelreyfoz.com\/#\/schema\/person\/7ea55b17cae3e4b8de28d979ce955c9b"
                    },
                    "headline": "2021 \u00e9 o ano para viajar com a sua fam\u00edlia, saiba o motivo!",
                    "datePublished": "2021-01-06T20:30:29+00:00",
                    "dateModified": "2021-01-06T20:30:29+00:00",
                    "mainEntityOfPage": {
                        "@id": "https:\/\/www.hoteldelreyfoz.com\/blog\/2021-and-the-year-to-travel-with-your-family-know-the-reason\/"
                    },
                    "wordCount": 1383,
                    "publisher": {
                        "@id": "https:\/\/www.hoteldelreyfoz.com\/#organization"
                    },
                    "articleSection": [
                        "Planejamento"
                    ],
                    "inLanguage": "pt-BR"
                },
                {
                    "@type": "WebPage",
                    "@id": "https:\/\/www.hoteldelreyfoz.com\/blog\/2021-and-the-year-to-travel-with-your-family-know-the-reason\/",
                    "url": "https:\/\/www.hoteldelreyfoz.com\/blog\/2021-and-the-year-to-travel-with-your-family-know-the-reason\/",
                    "name": "2021 \u00e9 o ano para viajar em fam\u00edlia, saiba o motivo - Del Rey Quality Hotel",
                    "isPartOf": {
                        "@id": "https:\/\/www.hoteldelreyfoz.com\/#website"
                    },
                    "datePublished": "2021-01-06T20:30:29+00:00",
                    "dateModified": "2021-01-06T20:30:29+00:00",
                    "description": "2021 \u00e9 o ano para viajar e nos separamos algumas dicas de destinos, hospedagem e locais para visitar durante sua pr\u00f3xima aventura",
                    "breadcrumb": {
                        "@id": "https:\/\/www.hoteldelreyfoz.com\/blog\/2021-and-the-year-to-travel-with-your-family-know-the-reason\/#breadcrumb"
                    },
                    "inLanguage": "pt-BR",
                    "potentialAction": [
                        {
                            "@type": "ReadAction",
                            "target": [
                                "https:\/\/www.hoteldelreyfoz.com\/blog\/2021-and-the-year-to-travel-with-your-family-know-the-reason\/"
                            ]
                        }
                    ]
                },
                {
                    "@type": "BreadcrumbList",
                    "@id": "https:\/\/www.hoteldelreyfoz.com\/blog\/2021-and-the-year-to-travel-with-your-family-know-the-reason\/#breadcrumb",
                    "itemListElement": [
                        {
                            "@type": "ListItem",
                            "position": 1,
                            "name": "In\u00edcio",
                            "item": "https:\/\/www.hoteldelreyfoz.com\/en\/"
                        },
                        {
                            "@type": "ListItem",
                            "position": 2,
                            "name": "2021 \u00e9 o ano para viajar com a sua fam\u00edlia, saiba o motivo!"
                        }
                    ]
                },
                {
                    "@type": "WebSite",
                    "@id": "https:\/\/www.hoteldelreyfoz.com\/#website",
                    "url": "https:\/\/www.hoteldelreyfoz.com\/",
                    "name": "Del Rey Quality Hotel",
                    "description": "Hotel em Foz do Igua\u00e7u com pre\u00e7os acess\u00edveis, quartos amplos e localiza\u00e7\u00e3o no Centro, perto de tudo. Reserve pelo nosso site com desconto!",
                    "publisher": {
                        "@id": "https:\/\/www.hoteldelreyfoz.com\/#organization"
                    },
                    "potentialAction": [
                        {
                            "@type": "SearchAction",
                            "target": {
                                "@type": "EntryPoint",
                                "urlTemplate": "https:\/\/www.hoteldelreyfoz.com\/?s={search_term_string}"
                            },
                            "query-input": "required name=search_term_string"
                        }
                    ],
                    "inLanguage": "pt-BR"
                },
                {
                    "@type": "Organization",
                    "@id": "https:\/\/www.hoteldelreyfoz.com\/#organization",
                    "name": "Del Rey Quality Hotel",
                    "url": "https:\/\/www.hoteldelreyfoz.com\/",
                    "logo": {
                        "@type": "ImageObject",
                        "inLanguage": "pt-BR",
                        "@id": "https:\/\/www.hoteldelreyfoz.com\/#\/schema\/logo\/image\/",
                        "url": "https:\/\/www.hoteldelreyfoz.com.br\/wp-content\/uploads\/2021\/09\/delrey.png",
                        "contentUrl": "https:\/\/www.hoteldelreyfoz.com.br\/wp-content\/uploads\/2021\/09\/delrey.png",
                        "width": 225,
                        "height": 224,
                        "caption": "Del Rey Quality Hotel"
                    },
                    "image": {
                        "@id": "https:\/\/www.hoteldelreyfoz.com\/#\/schema\/logo\/image\/"
                    },
                    "sameAs": [
                        "https:\/\/www.facebook.com\/delreyfozhotel",
                        "https:\/\/www.instagram.com\/delreyfoz\/",
                        "https:\/\/www.youtube.com\/channel\/UCSBntO46TaFRFMvuxjJBS_w"
                    ]
                },
                {
                    "@type": "Person",
                    "@id": "https:\/\/www.hoteldelreyfoz.com\/#\/schema\/person\/7ea55b17cae3e4b8de28d979ce955c9b",
                    "name": "Jaime Mendes"
                }
            ]
        }
    },
    "_links": {
        "self": [
            {
                "href": "https:\/\/www.hoteldelreyfoz.com\/pt_br\/wp-json\/wp\/v2\/posts\/15760"
            }
        ],
        "collection": [
            {
                "href": "https:\/\/www.hoteldelreyfoz.com\/pt_br\/wp-json\/wp\/v2\/posts"
            }
        ],
        "about": [
            {
                "href": "https:\/\/www.hoteldelreyfoz.com\/pt_br\/wp-json\/wp\/v2\/types\/post"
            }
        ],
        "author": [
            {
                "embeddable": true,
                "href": "https:\/\/www.hoteldelreyfoz.com\/pt_br\/wp-json\/wp\/v2\/users\/2"
            }
        ],
        "replies": [
            {
                "embeddable": true,
                "href": "https:\/\/www.hoteldelreyfoz.com\/pt_br\/wp-json\/wp\/v2\/comments?post=15760"
            }
        ],
        "version-history": [
            {
                "count": 0,
                "href": "https:\/\/www.hoteldelreyfoz.com\/pt_br\/wp-json\/wp\/v2\/posts\/15760\/revisions"
            }
        ],
        "wp:featuredmedia": [
            {
                "embeddable": true,
                "href": "https:\/\/www.hoteldelreyfoz.com\/pt_br\/wp-json\/wp\/v2\/media\/15777"
            }
        ],
        "wp:attachment": [
            {
                "href": "https:\/\/www.hoteldelreyfoz.com\/pt_br\/wp-json\/wp\/v2\/media?parent=15760"
            }
        ],
        "wp:term": [
            {
                "taxonomy": "category",
                "embeddable": true,
                "href": "https:\/\/www.hoteldelreyfoz.com\/pt_br\/wp-json\/wp\/v2\/categories?post=15760"
            },
            {
                "taxonomy": "post_tag",
                "embeddable": true,
                "href": "https:\/\/www.hoteldelreyfoz.com\/pt_br\/wp-json\/wp\/v2\/tags?post=15760"
            }
        ],
        "curies": [
            {
                "name": "wp",
                "href": "https:\/\/api.w.org\/{rel}",
                "templated": true
            }
        ]
    }
}