{
    "id": 15399,
    "date": "2020-11-18T02:31:16",
    "date_gmt": "2020-11-18T05:31:16",
    "guid": {
        "rendered": "https:\/\/www.hoteldelreyfoz.com\/?p=15399"
    },
    "modified": "2022-02-01T14:49:40",
    "modified_gmt": "2022-02-01T17:49:40",
    "slug": "natal-e-ano-novo-em-foz-do-iguacu-2020",
    "status": "publish",
    "type": "post",
    "link": "https:\/\/www.hoteldelreyfoz.com\/pt_br\/blog\/natal-e-ano-novo-em-foz-do-iguacu-2020\/",
    "title": {
        "rendered": "Que tal passar Natal e Ano Novo em Foz do Igua\u00e7u?"
    },
    "content": {
        "rendered": "<p><em>O Del Rey Quality traz at\u00e9 voc\u00ea op\u00e7\u00f5es de pacotes para as festas de fim de ano!<\/em><\/p>\n<p>Foz do Igua\u00e7u \u00e9 o destino certo para a sua ceia e festa na virada do ano. Sabemos que o R\u00e9veillon deste ano ir\u00e1 significar um ponto de virada para muitos, e, pensando nisso, comemorar o Natal e Ano Novo em Foz \u00e9 uma op\u00e7\u00e3o de destino que te trar\u00e1 tranquilidade, seguran\u00e7a e muita divers\u00e3o na Terra das Cataratas.<\/p>\n<figure id=\"attachment_15412\" aria-describedby=\"caption-attachment-15412\" style=\"width: 1150px\" class=\"wp-caption alignnone\"><img decoding=\"async\" loading=\"lazy\" class=\"wp-image-15412 size-full\" src=\"https:\/\/www.hoteldelreyfoz.com\/wp-content\/uploads\/2020\/11\/rafain-churrascaria-show-portaldacidade.jpg\" alt=\"Rafain Churrascaria Show\" width=\"1150\" height=\"767\" srcset=\"https:\/\/www.hoteldelreyfoz.com\/wp-content\/uploads\/2020\/11\/rafain-churrascaria-show-portaldacidade.jpg 1150w, https:\/\/www.hoteldelreyfoz.com\/wp-content\/uploads\/2020\/11\/rafain-churrascaria-show-portaldacidade-300x200.jpg 300w, https:\/\/www.hoteldelreyfoz.com\/wp-content\/uploads\/2020\/11\/rafain-churrascaria-show-portaldacidade-1024x683.jpg 1024w, https:\/\/www.hoteldelreyfoz.com\/wp-content\/uploads\/2020\/11\/rafain-churrascaria-show-portaldacidade-768x512.jpg 768w\" sizes=\"(max-width: 1150px) 100vw, 1150px\" \/><figcaption id=\"caption-attachment-15412\" class=\"wp-caption-text\">Reprodu\u00e7\u00e3o: Portal da Cidade<\/figcaption><\/figure>\n<div id=\"ez-toc-container\" class=\"ez-toc-v2_0_76 counter-flat ez-toc-counter ez-toc-custom ez-toc-container-direction\">\n<div class=\"ez-toc-title-container\"><p class=\"ez-toc-title\" style=\"cursor:inherit\">Confira no artigo:<\/p>\n<\/div><nav><ul class='ez-toc-list ez-toc-list-level-1' ><li class='ez-toc-page-1'><a class=\"ez-toc-link ez-toc-heading-1\" href=\"https:\/\/www.hoteldelreyfoz.com\/pt_br\/blog\/natal-e-ano-novo-em-foz-do-iguacu-2020\/#RAFAIN-CHURRASCARIA-SHOW\" >RAFAIN CHURRASCARIA SHOW<\/a><\/li><li class='ez-toc-page-1'><a class=\"ez-toc-link ez-toc-heading-2\" href=\"https:\/\/www.hoteldelreyfoz.com\/pt_br\/blog\/natal-e-ano-novo-em-foz-do-iguacu-2020\/#-4-SORELLE\" >\u00a04 SORELLE<\/a><\/li><li class='ez-toc-page-1'><a class=\"ez-toc-link ez-toc-heading-3\" href=\"https:\/\/www.hoteldelreyfoz.com\/pt_br\/blog\/natal-e-ano-novo-em-foz-do-iguacu-2020\/#QUINTA-DAS-MARIAS\" >QUINTA DAS MARIAS<\/a><\/li><li class='ez-toc-page-1'><a class=\"ez-toc-link ez-toc-heading-4\" href=\"https:\/\/www.hoteldelreyfoz.com\/pt_br\/blog\/natal-e-ano-novo-em-foz-do-iguacu-2020\/#DEL-REY-QUALITY-HOTEL\" >DEL REY QUALITY HOTEL<\/a><\/li><\/ul><\/nav><\/div>\n<h3><span class=\"ez-toc-section\" id=\"RAFAIN-CHURRASCARIA-SHOW\"><\/span>RAFAIN CHURRASCARIA SHOW<span class=\"ez-toc-section-end\"><\/span><\/h3>\n<p>O <strong>Rafain Churrascaria Show<\/strong> \u00e9 tradicional na cidade desde 1959, apesar dos anos \u00e9 uma das obras mais belas, onde a qualidade dos alimentos e o atendimento s\u00e3o os diferenciais. O <strong>Rafain Churrascaria Show<\/strong> possui dois sal\u00f5es para a Ceia de R\u00e9veillon do dia 31\/12\/20, s\u00e3o eles:<\/p>\n<p><strong>Sal\u00e3o Rafain Churrascaria Show (Latino-Americano):<\/strong><\/p>\n<p>O show ter\u00e1 in\u00edcio \u00e0s 21h45 e t\u00e9rmino \u00e0s 23h15, fazendo uma viagem pela cultura de oito pa\u00edses da Am\u00e9rica Latina. O \u00fanico show do mundo que mostra a cultura e folclore de tantos pa\u00edses, conta com um elenco de mais de 45 artistas. J\u00e1 \u00e0s 23h45 inicia a banda que comanda o show at\u00e9, aproximadamente, \u00e0s 3h.<\/p>\n<p><strong>Sal\u00e3o Ipor\u00e3 Lenda Show:<\/strong><\/p>\n<p>Este show come\u00e7a \u00e0s 22h10 e segue at\u00e9 \u00e0s 23h30. \u00c0s 23h45 inicia a banda que comanda o show at\u00e9, aproximadamente, \u00e0s 3h.<\/p>\n<p>Vale lembrar que, para ambos os sal\u00f5es, os pre\u00e7os s\u00e3o os seguintes:<\/p>\n<ul>\n<li>Valor por pessoa: R$ 454,00;<\/li>\n<li>Crian\u00e7as de 7 a 15 anos pagam metade;<\/li>\n<li>Transporte regular: R$ 60,00;<\/li>\n<li>Transporte privativo: R$ 220,00 (carro para at\u00e9 04 pessoas).<\/li>\n<\/ul>\n<figure id=\"attachment_15418\" aria-describedby=\"caption-attachment-15418\" style=\"width: 1000px\" class=\"wp-caption alignnone\"><img decoding=\"async\" loading=\"lazy\" class=\"wp-image-15418\" src=\"https:\/\/www.hoteldelreyfoz.com\/wp-content\/uploads\/2020\/11\/4sorelle-foz-do-iguacu.jpg\" alt=\"Restaurante 4 Sorelle em Foz do Igua\u00e7u\" width=\"1000\" height=\"665\" srcset=\"https:\/\/www.hoteldelreyfoz.com\/wp-content\/uploads\/2020\/11\/4sorelle-foz-do-iguacu.jpg 550w, https:\/\/www.hoteldelreyfoz.com\/wp-content\/uploads\/2020\/11\/4sorelle-foz-do-iguacu-300x200.jpg 300w\" sizes=\"(max-width: 1000px) 100vw, 1000px\" \/><figcaption id=\"caption-attachment-15418\" class=\"wp-caption-text\">Reprodu\u00e7\u00e3o: TrioAdvisor<\/figcaption><\/figure>\n<h3><span class=\"ez-toc-section\" id=\"-4-SORELLE\"><\/span>\u00a04 SORELLE<span class=\"ez-toc-section-end\"><\/span><\/h3>\n<p>A <strong>Cantina 4 Sorelle<\/strong> \u00e9 um dos restaurantes mais tradicionais de Foz do Igua\u00e7u. Para quem ama comida italiana, a <strong>4 Sorelle<\/strong> \u00e9 uma \u00f3tima escolha, que oferece in\u00fameras op\u00e7\u00f5es para voc\u00ea e sua fam\u00edlia, ainda mais com os pacotes de Natal e Ano Novo:<\/p>\n<p><strong>Natal (24\/12\/20, a partir das 19h):<\/strong><\/p>\n<ul>\n<li>Valor por pessoa: R$ 239,00;<\/li>\n<li>Crian\u00e7as de 0 a 6 anos n\u00e3o pagam;<\/li>\n<li>Crian\u00e7as de 7 a 11 anos pagam metade;<\/li>\n<li><strong>1\u00ba lote dispon\u00edvel neste valor at\u00e9 31\/11\/20.<\/strong><\/li>\n<\/ul>\n<p><strong>Ano Novo (31\/12\/20, a partir de 20h):<\/strong><\/p>\n<ul>\n<li>Valor por pessoa: R$ 289,00;<\/li>\n<li>Crian\u00e7as de 0 a 6 anos n\u00e3o pagam;<\/li>\n<li>Crian\u00e7as de 7 a 11 anos pagam metade;<\/li>\n<li><strong>1\u00ba lote dispon\u00edvel neste valor at\u00e9 31\/11\/20.<\/strong><\/li>\n<\/ul>\n<figure id=\"attachment_15415\" aria-describedby=\"caption-attachment-15415\" style=\"width: 1920px\" class=\"wp-caption alignnone\"><img decoding=\"async\" loading=\"lazy\" class=\"wp-image-15415 size-full\" src=\"https:\/\/www.hoteldelreyfoz.com\/wp-content\/uploads\/2020\/11\/quinta-das-marias-scaled-1.jpg\" alt=\"Quinta das Marias - Ceias de Natal e virada para 2021\" width=\"1920\" height=\"1280\" srcset=\"https:\/\/www.hoteldelreyfoz.com\/wp-content\/uploads\/2020\/11\/quinta-das-marias-scaled-1.jpg 1920w, https:\/\/www.hoteldelreyfoz.com\/wp-content\/uploads\/2020\/11\/quinta-das-marias-scaled-1-300x200.jpg 300w, https:\/\/www.hoteldelreyfoz.com\/wp-content\/uploads\/2020\/11\/quinta-das-marias-scaled-1-1024x683.jpg 1024w, https:\/\/www.hoteldelreyfoz.com\/wp-content\/uploads\/2020\/11\/quinta-das-marias-scaled-1-768x512.jpg 768w, https:\/\/www.hoteldelreyfoz.com\/wp-content\/uploads\/2020\/11\/quinta-das-marias-scaled-1-1536x1024.jpg 1536w\" sizes=\"(max-width: 1920px) 100vw, 1920px\" \/><figcaption id=\"caption-attachment-15415\" class=\"wp-caption-text\">Divulga\u00e7\u00e3o: Quinta das Marias<\/figcaption><\/figure>\n<h3><span class=\"ez-toc-section\" id=\"QUINTA-DAS-MARIAS\"><\/span>QUINTA DAS MARIAS<span class=\"ez-toc-section-end\"><\/span><\/h3>\n<p>A <strong>Quinta das Marias<\/strong> \u00e9 um espa\u00e7o que oferece uma moderna e completa infraestrutura, projetado especialmente para oferecer uma experi\u00eancia de contato \u00fanico com o verde da natureza que encanta qualquer pessoa, principalmente voc\u00ea que est\u00e1 prestes a passar <strong>o seu Ano Novo em Foz do Igua\u00e7u<\/strong>. Saiba mais:<\/p>\n<ul>\n<li>Valor por pessoa: R$ 550,00;<\/li>\n<li>Transporte regular: R$ 60,00 (m\u00ednimo 02 pessoas);<\/li>\n<li>Transporte privativo: R$ 200,00 (carro para at\u00e9 04 pessoas);<\/li>\n<li>Hor\u00e1rio: das 22h (31\/12\/20) \u00e0s 3h (01\/01\/21);<\/li>\n<li>Pol\u00edtica de cancelamento at\u00e9 dia 20\/12\/20. Ap\u00f3s esta data, n\u00e3o cabe devolu\u00e7\u00e3o.<\/li>\n<\/ul>\n<p><strong>OBS.: <\/strong>para mais informa\u00e7\u00f5es sobre os pacotes do <strong>Rafain Churrascaria Show<\/strong>, <strong>4 Sorelle <\/strong>e <strong>Quinta das Marias <\/strong>basta entrar em contato com a equipe da <strong>MMC Turismo Receptivo<\/strong>, localizado no <strong>Del Rey Quality Hotel<\/strong>, atrav\u00e9s do WhatsApp 24h<strong> (45) 9133-4896<\/strong>. <strong><em>Boas festas!<\/em><\/strong><\/p>\n<p>[\/fusion_text][fusion_text columns=&#8221;&#8221; column_min_width=&#8221;&#8221; column_spacing=&#8221;&#8221; rule_style=&#8221;default&#8221; rule_size=&#8221;&#8221; rule_color=&#8221;&#8221; content_alignment_medium=&#8221;&#8221; content_alignment_small=&#8221;&#8221; content_alignment=&#8221;&#8221; hide_on_mobile=&#8221;small-visibility,medium-visibility,large-visibility&#8221; sticky_display=&#8221;normal,sticky&#8221; class=&#8221;&#8221; id=&#8221;&#8221; font_size=&#8221;&#8221; fusion_font_family_text_font=&#8221;&#8221; fusion_font_variant_text_font=&#8221;&#8221; line_height=&#8221;&#8221; letter_spacing=&#8221;&#8221; text_color=&#8221;&#8221; animation_type=&#8221;&#8221; animation_direction=&#8221;left&#8221; animation_speed=&#8221;0.3&#8243; animation_offset=&#8221;&#8221;]<\/p>\n<h3><span class=\"ez-toc-section\" id=\"DEL-REY-QUALITY-HOTEL\"><\/span>DEL REY QUALITY HOTEL<span class=\"ez-toc-section-end\"><\/span><\/h3>\n<p>O Natal e Ano Novo s\u00e3o \u00e9pocas especiais do ano. S\u00e3o mais do que datas comemorativas, \u00e9 momento de amor, reflex\u00e3o e perd\u00e3o. E isso significa que voc\u00ea merece se hospedar em um lugar t\u00e3o m\u00e1gico quanto este per\u00edodo!<\/p>\n<p>Por isso o <strong>Del Rey Quality<\/strong> lan\u00e7a uma promo\u00e7\u00e3o imperd\u00edvel para curtir este momento incr\u00edvel. Confira os detalhes!<\/p>\n<p>[\/fusion_text][\/fusion_builder_column][fusion_builder_column type=&#8221;1_2&#8243; type=&#8221;1_2&#8243; layout=&#8221;1_2&#8243; align_self=&#8221;auto&#8221; content_layout=&#8221;column&#8221; align_content=&#8221;flex-start&#8221; content_wrap=&#8221;wrap&#8221; spacing=&#8221;&#8221; center_content=&#8221;no&#8221; link=&#8221;&#8221; target=&#8221;_self&#8221; min_height=&#8221;&#8221; hide_on_mobile=&#8221;small-visibility,medium-visibility,large-visibility&#8221; sticky_display=&#8221;normal,sticky&#8221; class=&#8221;&#8221; id=&#8221;&#8221; type_medium=&#8221;&#8221; type_small=&#8221;&#8221; order_medium=&#8221;0&#8243; order_small=&#8221;0&#8243; dimension_spacing_medium=&#8221;&#8221; dimension_spacing_small=&#8221;&#8221; dimension_spacing=&#8221;&#8221; dimension_margin_medium=&#8221;&#8221; dimension_margin_small=&#8221;&#8221; margin_top=&#8221;&#8221; margin_bottom=&#8221;&#8221; padding_medium=&#8221;&#8221; padding_small=&#8221;&#8221; padding_top=&#8221;&#8221; padding_right=&#8221;&#8221; padding_bottom=&#8221;&#8221; padding_left=&#8221;&#8221; hover_type=&#8221;none&#8221; border_sizes=&#8221;&#8221; border_color=&#8221;&#8221; border_style=&#8221;solid&#8221; border_radius=&#8221;&#8221; box_shadow=&#8221;yes&#8221; dimension_box_shadow=&#8221;&#8221; box_shadow_blur=&#8221;15&#8243; box_shadow_spread=&#8221;0&#8243; box_shadow_color=&#8221;rgba(0,0,0,0.3)&#8221; box_shadow_style=&#8221;&#8221; background_type=&#8221;single&#8221; gradient_start_color=&#8221;&#8221; gradient_end_color=&#8221;&#8221; gradient_start_position=&#8221;0&#8243; gradient_end_position=&#8221;100&#8243; gradient_type=&#8221;linear&#8221; radial_direction=&#8221;center center&#8221; linear_angle=&#8221;180&#8243; background_color=&#8221;&#8221; background_image=&#8221;&#8221; background_image_id=&#8221;&#8221; background_position=&#8221;left top&#8221; background_repeat=&#8221;no-repeat&#8221; background_blend_mode=&#8221;none&#8221; animation_type=&#8221;&#8221; animation_direction=&#8221;left&#8221; animation_speed=&#8221;0.3&#8243; animation_offset=&#8221;&#8221; filter_type=&#8221;regular&#8221; filter_hue=&#8221;0&#8243; filter_saturation=&#8221;100&#8243; filter_brightness=&#8221;100&#8243; filter_contrast=&#8221;100&#8243; filter_invert=&#8221;0&#8243; filter_sepia=&#8221;0&#8243; filter_opacity=&#8221;100&#8243; filter_blur=&#8221;0&#8243; filter_hue_hover=&#8221;0&#8243; filter_saturation_hover=&#8221;100&#8243; filter_brightness_hover=&#8221;100&#8243; filter_contrast_hover=&#8221;100&#8243; filter_invert_hover=&#8221;0&#8243; filter_sepia_hover=&#8221;0&#8243; filter_opacity_hover=&#8221;100&#8243; filter_blur_hover=&#8221;0&#8243; last=&#8221;false&#8221; border_position=&#8221;all&#8221; first=&#8221;true&#8221; spacing_right=&#8221;20px&#8221; box_shadow_vertical=&#8221;4&#8243; box_shadow_horizontal=&#8221;1&#8243; border_radius_top_right=&#8221;10px&#8221;][fusion_imageframe image_id=&#8221;15390|full&#8221; max_width=&#8221;&#8221; sticky_max_width=&#8221;&#8221; style_type=&#8221;&#8221; blur=&#8221;&#8221; stylecolor=&#8221;&#8221; hover_type=&#8221;liftup&#8221; bordersize=&#8221;&#8221; bordercolor=&#8221;&#8221; borderradius=&#8221;&#8221; align_medium=&#8221;none&#8221; align_small=&#8221;none&#8221; align=&#8221;none&#8221; margin_top=&#8221;&#8221; margin_right=&#8221;&#8221; margin_bottom=&#8221;&#8221; margin_left=&#8221;&#8221; lightbox=&#8221;no&#8221; gallery_id=&#8221;&#8221; lightbox_image=&#8221;&#8221; lightbox_image_id=&#8221;&#8221; alt=&#8221;&#8221; link=&#8221;https:\/\/www.hoteldelreyfoz.com\/pacotes-foz-do-iguacu\/natal-em-foz-do-iguacu-2020\/&#8221; linktarget=&#8221;_blank&#8221; hide_on_mobile=&#8221;small-visibility,medium-visibility,large-visibility&#8221; sticky_display=&#8221;normal,sticky&#8221; class=&#8221;pacote-promocional&#8221; id=&#8221;&#8221; animation_type=&#8221;&#8221; animation_direction=&#8221;left&#8221; animation_speed=&#8221;0.3&#8243; animation_offset=&#8221;&#8221; filter_hue=&#8221;0&#8243; filter_saturation=&#8221;100&#8243; filter_brightness=&#8221;100&#8243; filter_contrast=&#8221;100&#8243; filter_invert=&#8221;0&#8243; filter_sepia=&#8221;0&#8243; filter_opacity=&#8221;100&#8243; filter_blur=&#8221;0&#8243; filter_hue_hover=&#8221;0&#8243; filter_saturation_hover=&#8221;100&#8243; filter_brightness_hover=&#8221;100&#8243; filter_contrast_hover=&#8221;100&#8243; filter_invert_hover=&#8221;0&#8243; filter_sepia_hover=&#8221;0&#8243; filter_opacity_hover=&#8221;100&#8243; filter_blur_hover=&#8221;0&#8243;]https:\/\/www.hoteldelreyfoz.com\/wp-content\/uploads\/2020\/11\/thumb-natal-2020.jpg[\/fusion_imageframe][\/fusion_builder_column][fusion_builder_column type=&#8221;1_2&#8243; type=&#8221;1_2&#8243; layout=&#8221;1_2&#8243; align_self=&#8221;auto&#8221; content_layout=&#8221;column&#8221; align_content=&#8221;flex-start&#8221; content_wrap=&#8221;wrap&#8221; spacing=&#8221;&#8221; center_content=&#8221;no&#8221; link=&#8221;&#8221; target=&#8221;_self&#8221; min_height=&#8221;&#8221; hide_on_mobile=&#8221;small-visibility,medium-visibility,large-visibility&#8221; sticky_display=&#8221;normal,sticky&#8221; class=&#8221;&#8221; id=&#8221;&#8221; type_medium=&#8221;&#8221; type_small=&#8221;&#8221; order_medium=&#8221;0&#8243; order_small=&#8221;0&#8243; dimension_spacing_medium=&#8221;&#8221; dimension_spacing_small=&#8221;&#8221; dimension_spacing=&#8221;&#8221; dimension_margin_medium=&#8221;&#8221; dimension_margin_small=&#8221;&#8221; margin_top=&#8221;&#8221; margin_bottom=&#8221;&#8221; padding_medium=&#8221;&#8221; padding_small=&#8221;&#8221; padding_top=&#8221;&#8221; padding_right=&#8221;&#8221; padding_bottom=&#8221;&#8221; padding_left=&#8221;&#8221; hover_type=&#8221;none&#8221; border_sizes=&#8221;&#8221; border_color=&#8221;&#8221; border_style=&#8221;solid&#8221; border_radius=&#8221;&#8221; box_shadow=&#8221;yes&#8221; dimension_box_shadow=&#8221;&#8221; box_shadow_blur=&#8221;15&#8243; box_shadow_spread=&#8221;0&#8243; box_shadow_color=&#8221;rgba(0,0,0,0.3)&#8221; box_shadow_style=&#8221;&#8221; background_type=&#8221;single&#8221; gradient_start_color=&#8221;&#8221; gradient_end_color=&#8221;&#8221; gradient_start_position=&#8221;0&#8243; gradient_end_position=&#8221;100&#8243; gradient_type=&#8221;linear&#8221; radial_direction=&#8221;center center&#8221; linear_angle=&#8221;180&#8243; background_color=&#8221;&#8221; background_image=&#8221;&#8221; background_image_id=&#8221;&#8221; background_position=&#8221;left top&#8221; background_repeat=&#8221;no-repeat&#8221; background_blend_mode=&#8221;none&#8221; animation_type=&#8221;&#8221; animation_direction=&#8221;left&#8221; animation_speed=&#8221;0.3&#8243; animation_offset=&#8221;&#8221; filter_type=&#8221;regular&#8221; filter_hue=&#8221;0&#8243; filter_saturation=&#8221;100&#8243; filter_brightness=&#8221;100&#8243; filter_contrast=&#8221;100&#8243; filter_invert=&#8221;0&#8243; filter_sepia=&#8221;0&#8243; filter_opacity=&#8221;100&#8243; filter_blur=&#8221;0&#8243; filter_hue_hover=&#8221;0&#8243; filter_saturation_hover=&#8221;100&#8243; filter_brightness_hover=&#8221;100&#8243; filter_contrast_hover=&#8221;100&#8243; filter_invert_hover=&#8221;0&#8243; filter_sepia_hover=&#8221;0&#8243; filter_opacity_hover=&#8221;100&#8243; filter_blur_hover=&#8221;0&#8243; last=&#8221;true&#8221; border_position=&#8221;all&#8221; first=&#8221;false&#8221; box_shadow_vertical=&#8221;4&#8243; box_shadow_horizontal=&#8221;1&#8243; border_radius_top_right=&#8221;10px&#8221; spacing_left=&#8221;20px&#8221;][fusion_imageframe image_id=&#8221;15421|full&#8221; max_width=&#8221;&#8221; sticky_max_width=&#8221;&#8221; style_type=&#8221;&#8221; blur=&#8221;&#8221; stylecolor=&#8221;&#8221; hover_type=&#8221;liftup&#8221; bordersize=&#8221;&#8221; bordercolor=&#8221;&#8221; borderradius=&#8221;&#8221; align_medium=&#8221;none&#8221; align_small=&#8221;none&#8221; align=&#8221;none&#8221; margin_top=&#8221;&#8221; margin_right=&#8221;&#8221; margin_bottom=&#8221;&#8221; margin_left=&#8221;&#8221; lightbox=&#8221;no&#8221; gallery_id=&#8221;&#8221; lightbox_image=&#8221;&#8221; lightbox_image_id=&#8221;&#8221; alt=&#8221;Pacote Promocional para Ano Novo em Foz do Igua\u00e7u 2020&#8243; link=&#8221;#&#8221; linktarget=&#8221;_blank&#8221; hide_on_mobile=&#8221;small-visibility,medium-visibility,large-visibility&#8221; sticky_display=&#8221;normal,sticky&#8221; class=&#8221;pacote-promocional&#8221; id=&#8221;&#8221; animation_type=&#8221;&#8221; animation_direction=&#8221;left&#8221; animation_speed=&#8221;0.3&#8243; animation_offset=&#8221;&#8221; filter_hue=&#8221;0&#8243; filter_saturation=&#8221;100&#8243; filter_brightness=&#8221;100&#8243; filter_contrast=&#8221;100&#8243; filter_invert=&#8221;0&#8243; filter_sepia=&#8221;0&#8243; filter_opacity=&#8221;100&#8243; filter_blur=&#8221;0&#8243; filter_hue_hover=&#8221;0&#8243; filter_saturation_hover=&#8221;100&#8243; filter_brightness_hover=&#8221;100&#8243; filter_contrast_hover=&#8221;100&#8243; filter_invert_hover=&#8221;0&#8243; filter_sepia_hover=&#8221;0&#8243; filter_opacity_hover=&#8221;100&#8243; filter_blur_hover=&#8221;0&#8243;]https:\/\/www.hoteldelreyfoz.com\/wp-content\/uploads\/2020\/11\/Post-Reveillon-Del-Rey.png[\/fusion_imageframe][\/fusion_builder_column][fusion_builder_column type=&#8221;1_1&#8243; type=&#8221;1_1&#8243; layout=&#8221;1_1&#8243; align_self=&#8221;auto&#8221; content_layout=&#8221;column&#8221; align_content=&#8221;flex-start&#8221; content_wrap=&#8221;wrap&#8221; spacing=&#8221;&#8221; center_content=&#8221;no&#8221; link=&#8221;&#8221; target=&#8221;_self&#8221; min_height=&#8221;&#8221; hide_on_mobile=&#8221;small-visibility,medium-visibility,large-visibility&#8221; sticky_display=&#8221;normal,sticky&#8221; class=&#8221;&#8221; id=&#8221;&#8221; type_medium=&#8221;&#8221; type_small=&#8221;&#8221; order_medium=&#8221;0&#8243; order_small=&#8221;0&#8243; dimension_spacing_medium=&#8221;&#8221; dimension_spacing_small=&#8221;&#8221; dimension_spacing=&#8221;&#8221; dimension_margin_medium=&#8221;&#8221; dimension_margin_small=&#8221;&#8221; margin_top=&#8221;&#8221; margin_bottom=&#8221;&#8221; padding_medium=&#8221;&#8221; padding_small=&#8221;&#8221; padding_top=&#8221;&#8221; padding_right=&#8221;&#8221; padding_bottom=&#8221;&#8221; padding_left=&#8221;&#8221; hover_type=&#8221;none&#8221; border_sizes=&#8221;&#8221; border_color=&#8221;&#8221; border_style=&#8221;solid&#8221; border_radius=&#8221;&#8221; box_shadow=&#8221;no&#8221; dimension_box_shadow=&#8221;&#8221; box_shadow_blur=&#8221;0&#8243; box_shadow_spread=&#8221;0&#8243; box_shadow_color=&#8221;&#8221; box_shadow_style=&#8221;&#8221; background_type=&#8221;single&#8221; gradient_start_color=&#8221;&#8221; gradient_end_color=&#8221;&#8221; gradient_start_position=&#8221;0&#8243; gradient_end_position=&#8221;100&#8243; gradient_type=&#8221;linear&#8221; radial_direction=&#8221;center center&#8221; linear_angle=&#8221;180&#8243; background_color=&#8221;&#8221; background_image=&#8221;&#8221; background_image_id=&#8221;&#8221; background_position=&#8221;left top&#8221; background_repeat=&#8221;no-repeat&#8221; background_blend_mode=&#8221;none&#8221; animation_type=&#8221;&#8221; animation_direction=&#8221;left&#8221; animation_speed=&#8221;0.3&#8243; animation_offset=&#8221;&#8221; filter_type=&#8221;regular&#8221; filter_hue=&#8221;0&#8243; filter_saturation=&#8221;100&#8243; filter_brightness=&#8221;100&#8243; filter_contrast=&#8221;100&#8243; filter_invert=&#8221;0&#8243; filter_sepia=&#8221;0&#8243; filter_opacity=&#8221;100&#8243; filter_blur=&#8221;0&#8243; filter_hue_hover=&#8221;0&#8243; filter_saturation_hover=&#8221;100&#8243; filter_brightness_hover=&#8221;100&#8243; filter_contrast_hover=&#8221;100&#8243; filter_invert_hover=&#8221;0&#8243; filter_sepia_hover=&#8221;0&#8243; filter_opacity_hover=&#8221;100&#8243; filter_blur_hover=&#8221;0&#8243; last=&#8221;true&#8221; border_position=&#8221;all&#8221; first=&#8221;true&#8221;][fusion_text columns=&#8221;&#8221; column_min_width=&#8221;&#8221; column_spacing=&#8221;&#8221; rule_style=&#8221;default&#8221; rule_size=&#8221;&#8221; rule_color=&#8221;&#8221; content_alignment_medium=&#8221;&#8221; content_alignment_small=&#8221;&#8221; content_alignment=&#8221;&#8221; hide_on_mobile=&#8221;small-visibility,medium-visibility,large-visibility&#8221; sticky_display=&#8221;normal,sticky&#8221; class=&#8221;&#8221; id=&#8221;&#8221; font_size=&#8221;&#8221; fusion_font_family_text_font=&#8221;&#8221; fusion_font_variant_text_font=&#8221;&#8221; line_height=&#8221;&#8221; letter_spacing=&#8221;&#8221; text_color=&#8221;&#8221; animation_type=&#8221;&#8221; animation_direction=&#8221;left&#8221; animation_speed=&#8221;0.3&#8243; animation_offset=&#8221;&#8221;]<\/p>\n<p><strong>OBS.:<\/strong> tanto para Natal quanto para Ano Novo, as tarifas s\u00e3o calculadas para no m\u00ednimo 2 pessoas adultas, em apartamento Duplo. J\u00e1 para crian\u00e7as de at\u00e9 5 anos, a di\u00e1ria \u00e9 gratuita.<\/p>\n<p>O <strong>Del Rey Quality <\/strong>quer que voc\u00ea tenha uma experi\u00eancia \u00fanica em Foz do Igua\u00e7u. Saiba mais sobre Foz e regi\u00e3o acompanhando nossas redes sociais atrav\u00e9s do Instagram <a href=\"https:\/\/www.instagram.com\/delreyfoz\/\" target=\"_blank\" rel=\"noopener noreferrer\" class=\"broken_link\"><strong>@delreyfoz<\/strong><\/a>, Facebook <a href=\"https:\/\/www.facebook.com\/delreyfozhotel\" target=\"_blank\" rel=\"noopener noreferrer\"><strong>Del Rey Foz<\/strong> <\/a>e pelo site <a href=\"http:\/\/www.hoteldelreyfoz.com.br\" target=\"_blank\" rel=\"noopener noreferrer\"><strong>www.hoteldelreyfoz.com.br<\/strong><\/a>\u00a0onde <strong><em>voc\u00ea garante a sua reserva com 10% de desconto!<\/em><\/strong><\/p>\n<p>[\/fusion_text][\/fusion_builder_column][\/fusion_builder_row][\/fusion_builder_container]<\/p>",
        "protected": false
    },
    "excerpt": {
        "rendered": "<p>O Del Rey Quality traz at\u00e9 voc\u00ea op\u00e7\u00f5es de pacotes para as festas de fim de ano! Foz do Igua\u00e7u \u00e9 o destino certo para a sua ceia e festa na virada do ano. Sabemos que o R\u00e9veillon deste ano ir\u00e1 significar um ponto de virada para muitos, e, pensando nisso, comemorar o Natal e [&hellip;]<\/p>",
        "protected": false
    },
    "author": 2,
    "featured_media": 15406,
    "comment_status": "closed",
    "ping_status": "open",
    "sticky": false,
    "template": "",
    "format": "standard",
    "meta": {
        "footnotes": ""
    },
    "categories": [
        193,
        286
    ],
    "tags": [],
    "yoast_head": "<!-- This site is optimized with the Yoast SEO plugin v20.12 - https:\/\/yoast.com\/wordpress\/plugins\/seo\/ -->\n<title>Natal e Ano Novo em Foz do Igua\u00e7u 2020 - Del Rey Quality Hotel<\/title>\n<meta name=\"description\" content=\"Voc\u00ea pretente passar Natal e Ano Novo em Foz do Igua\u00e7u 2020? Se sim, confira nossas dicas de ceias e hospede-se com tarifas especiais aqui\" \/>\n<meta name=\"robots\" content=\"index, follow, max-snippet:-1, max-image-preview:large, max-video-preview:-1\" \/>\n<link rel=\"canonical\" href=\"https:\/\/www.hoteldelreyfoz.com\/pt_br\/blog\/christmas-and-new-year-in-foz-do-iguacu-2020\/\" \/>\n<meta property=\"og:locale\" content=\"pt_BR\" \/>\n<meta property=\"og:type\" content=\"article\" \/>\n<meta property=\"og:title\" content=\"Natal e Ano Novo em Foz do Igua\u00e7u 2020 - Del Rey Quality Hotel\" \/>\n<meta property=\"og:description\" content=\"Voc\u00ea pretente passar Natal e Ano Novo em Foz do Igua\u00e7u 2020? Se sim, confira nossas dicas de ceias e hospede-se com tarifas especiais aqui\" \/>\n<meta property=\"og:url\" content=\"https:\/\/www.hoteldelreyfoz.com\/pt_br\/blog\/christmas-and-new-year-in-foz-do-iguacu-2020\/\" \/>\n<meta property=\"og:site_name\" content=\"Del Rey Quality Hotel\" \/>\n<meta property=\"article:publisher\" content=\"https:\/\/www.facebook.com\/delreyfozhotel\" \/>\n<meta property=\"article:published_time\" content=\"2020-11-18T05:31:16+00:00\" \/>\n<meta property=\"article:modified_time\" content=\"2022-02-01T17:49:40+00:00\" \/>\n<meta property=\"og:image\" content=\"https:\/\/www.hoteldelreyfoz.com\/wp-content\/uploads\/2020\/11\/natal-em-foz-1.jpg\" \/>\n\t<meta property=\"og:image:width\" content=\"750\" \/>\n\t<meta property=\"og:image:height\" content=\"462\" \/>\n\t<meta property=\"og:image:type\" content=\"image\/jpeg\" \/>\n<meta name=\"author\" content=\"Jaime Mendes\" \/>\n<meta name=\"twitter:card\" content=\"summary_large_image\" \/>\n<meta name=\"twitter:label1\" content=\"Escrito por\" \/>\n\t<meta name=\"twitter:data1\" content=\"\" \/>\n\t<meta name=\"twitter:label2\" content=\"Est. tempo de leitura\" \/>\n\t<meta name=\"twitter:data2\" content=\"6 minutos\" \/>\n<script type=\"application\/ld+json\" class=\"yoast-schema-graph\">{\"@context\":\"https:\/\/schema.org\",\"@graph\":[{\"@type\":\"Article\",\"@id\":\"https:\/\/www.hoteldelreyfoz.com\/blog\/christmas-and-new-year-in-foz-do-iguacu-2020\/#article\",\"isPartOf\":{\"@id\":\"https:\/\/www.hoteldelreyfoz.com\/blog\/christmas-and-new-year-in-foz-do-iguacu-2020\/\"},\"author\":{\"name\":\"Jaime Mendes\",\"@id\":\"https:\/\/www.hoteldelreyfoz.com\/#\/schema\/person\/7ea55b17cae3e4b8de28d979ce955c9b\"},\"headline\":\"Que tal passar Natal e Ano Novo em Foz do Igua\u00e7u?\",\"datePublished\":\"2020-11-18T05:31:16+00:00\",\"dateModified\":\"2022-02-01T17:49:40+00:00\",\"mainEntityOfPage\":{\"@id\":\"https:\/\/www.hoteldelreyfoz.com\/blog\/christmas-and-new-year-in-foz-do-iguacu-2020\/\"},\"wordCount\":1767,\"publisher\":{\"@id\":\"https:\/\/www.hoteldelreyfoz.com\/#organization\"},\"articleSection\":[\"O Hotel\",\"Pacotes\/Promo\u00e7\u00f5es\"],\"inLanguage\":\"pt-BR\"},{\"@type\":\"WebPage\",\"@id\":\"https:\/\/www.hoteldelreyfoz.com\/blog\/christmas-and-new-year-in-foz-do-iguacu-2020\/\",\"url\":\"https:\/\/www.hoteldelreyfoz.com\/blog\/christmas-and-new-year-in-foz-do-iguacu-2020\/\",\"name\":\"Natal e Ano Novo em Foz do Igua\u00e7u 2020 - Del Rey Quality Hotel\",\"isPartOf\":{\"@id\":\"https:\/\/www.hoteldelreyfoz.com\/#website\"},\"datePublished\":\"2020-11-18T05:31:16+00:00\",\"dateModified\":\"2022-02-01T17:49:40+00:00\",\"description\":\"Voc\u00ea pretente passar Natal e Ano Novo em Foz do Igua\u00e7u 2020? Se sim, confira nossas dicas de ceias e hospede-se com tarifas especiais aqui\",\"breadcrumb\":{\"@id\":\"https:\/\/www.hoteldelreyfoz.com\/blog\/christmas-and-new-year-in-foz-do-iguacu-2020\/#breadcrumb\"},\"inLanguage\":\"pt-BR\",\"potentialAction\":[{\"@type\":\"ReadAction\",\"target\":[\"https:\/\/www.hoteldelreyfoz.com\/blog\/christmas-and-new-year-in-foz-do-iguacu-2020\/\"]}]},{\"@type\":\"BreadcrumbList\",\"@id\":\"https:\/\/www.hoteldelreyfoz.com\/blog\/christmas-and-new-year-in-foz-do-iguacu-2020\/#breadcrumb\",\"itemListElement\":[{\"@type\":\"ListItem\",\"position\":1,\"name\":\"In\u00edcio\",\"item\":\"https:\/\/www.hoteldelreyfoz.com\/en\/\"},{\"@type\":\"ListItem\",\"position\":2,\"name\":\"Que tal passar Natal e Ano Novo em Foz do Igua\u00e7u?\"}]},{\"@type\":\"WebSite\",\"@id\":\"https:\/\/www.hoteldelreyfoz.com\/#website\",\"url\":\"https:\/\/www.hoteldelreyfoz.com\/\",\"name\":\"Del Rey Quality Hotel\",\"description\":\"Hotel em Foz do Igua\u00e7u com pre\u00e7os acess\u00edveis, quartos amplos e localiza\u00e7\u00e3o no Centro, perto de tudo. Reserve pelo nosso site com desconto!\",\"publisher\":{\"@id\":\"https:\/\/www.hoteldelreyfoz.com\/#organization\"},\"potentialAction\":[{\"@type\":\"SearchAction\",\"target\":{\"@type\":\"EntryPoint\",\"urlTemplate\":\"https:\/\/www.hoteldelreyfoz.com\/?s={search_term_string}\"},\"query-input\":\"required name=search_term_string\"}],\"inLanguage\":\"pt-BR\"},{\"@type\":\"Organization\",\"@id\":\"https:\/\/www.hoteldelreyfoz.com\/#organization\",\"name\":\"Del Rey Quality Hotel\",\"url\":\"https:\/\/www.hoteldelreyfoz.com\/\",\"logo\":{\"@type\":\"ImageObject\",\"inLanguage\":\"pt-BR\",\"@id\":\"https:\/\/www.hoteldelreyfoz.com\/#\/schema\/logo\/image\/\",\"url\":\"https:\/\/www.hoteldelreyfoz.com.br\/wp-content\/uploads\/2021\/09\/delrey.png\",\"contentUrl\":\"https:\/\/www.hoteldelreyfoz.com.br\/wp-content\/uploads\/2021\/09\/delrey.png\",\"width\":225,\"height\":224,\"caption\":\"Del Rey Quality Hotel\"},\"image\":{\"@id\":\"https:\/\/www.hoteldelreyfoz.com\/#\/schema\/logo\/image\/\"},\"sameAs\":[\"https:\/\/www.facebook.com\/delreyfozhotel\",\"https:\/\/www.instagram.com\/delreyfoz\/\",\"https:\/\/www.youtube.com\/channel\/UCSBntO46TaFRFMvuxjJBS_w\"]},{\"@type\":\"Person\",\"@id\":\"https:\/\/www.hoteldelreyfoz.com\/#\/schema\/person\/7ea55b17cae3e4b8de28d979ce955c9b\",\"name\":\"Jaime Mendes\"}]}<\/script>\n<!-- \/ Yoast SEO plugin. -->",
    "yoast_head_json": {
        "title": "Natal e Ano Novo em Foz do Igua\u00e7u 2020 - Del Rey Quality Hotel",
        "description": "Voc\u00ea pretente passar Natal e Ano Novo em Foz do Igua\u00e7u 2020? Se sim, confira nossas dicas de ceias e hospede-se com tarifas especiais aqui",
        "robots": {
            "index": "index",
            "follow": "follow",
            "max-snippet": "max-snippet:-1",
            "max-image-preview": "max-image-preview:large",
            "max-video-preview": "max-video-preview:-1"
        },
        "canonical": "https:\/\/www.hoteldelreyfoz.com\/pt_br\/blog\/christmas-and-new-year-in-foz-do-iguacu-2020\/",
        "og_locale": "pt_BR",
        "og_type": "article",
        "og_title": "Natal e Ano Novo em Foz do Igua\u00e7u 2020 - Del Rey Quality Hotel",
        "og_description": "Voc\u00ea pretente passar Natal e Ano Novo em Foz do Igua\u00e7u 2020? Se sim, confira nossas dicas de ceias e hospede-se com tarifas especiais aqui",
        "og_url": "https:\/\/www.hoteldelreyfoz.com\/pt_br\/blog\/christmas-and-new-year-in-foz-do-iguacu-2020\/",
        "og_site_name": "Del Rey Quality Hotel",
        "article_publisher": "https:\/\/www.facebook.com\/delreyfozhotel",
        "article_published_time": "2020-11-18T05:31:16+00:00",
        "article_modified_time": "2022-02-01T17:49:40+00:00",
        "og_image": [
            {
                "width": 750,
                "height": 462,
                "url": "https:\/\/www.hoteldelreyfoz.com\/wp-content\/uploads\/2020\/11\/natal-em-foz-1.jpg",
                "type": "image\/jpeg"
            }
        ],
        "author": "Jaime Mendes",
        "twitter_card": "summary_large_image",
        "twitter_misc": {
            "Escrito por": false,
            "Est. tempo de leitura": "6 minutos"
        },
        "schema": {
            "@context": "https:\/\/schema.org",
            "@graph": [
                {
                    "@type": "Article",
                    "@id": "https:\/\/www.hoteldelreyfoz.com\/blog\/christmas-and-new-year-in-foz-do-iguacu-2020\/#article",
                    "isPartOf": {
                        "@id": "https:\/\/www.hoteldelreyfoz.com\/blog\/christmas-and-new-year-in-foz-do-iguacu-2020\/"
                    },
                    "author": {
                        "name": "Jaime Mendes",
                        "@id": "https:\/\/www.hoteldelreyfoz.com\/#\/schema\/person\/7ea55b17cae3e4b8de28d979ce955c9b"
                    },
                    "headline": "Que tal passar Natal e Ano Novo em Foz do Igua\u00e7u?",
                    "datePublished": "2020-11-18T05:31:16+00:00",
                    "dateModified": "2022-02-01T17:49:40+00:00",
                    "mainEntityOfPage": {
                        "@id": "https:\/\/www.hoteldelreyfoz.com\/blog\/christmas-and-new-year-in-foz-do-iguacu-2020\/"
                    },
                    "wordCount": 1767,
                    "publisher": {
                        "@id": "https:\/\/www.hoteldelreyfoz.com\/#organization"
                    },
                    "articleSection": [
                        "O Hotel",
                        "Pacotes\/Promo\u00e7\u00f5es"
                    ],
                    "inLanguage": "pt-BR"
                },
                {
                    "@type": "WebPage",
                    "@id": "https:\/\/www.hoteldelreyfoz.com\/blog\/christmas-and-new-year-in-foz-do-iguacu-2020\/",
                    "url": "https:\/\/www.hoteldelreyfoz.com\/blog\/christmas-and-new-year-in-foz-do-iguacu-2020\/",
                    "name": "Natal e Ano Novo em Foz do Igua\u00e7u 2020 - Del Rey Quality Hotel",
                    "isPartOf": {
                        "@id": "https:\/\/www.hoteldelreyfoz.com\/#website"
                    },
                    "datePublished": "2020-11-18T05:31:16+00:00",
                    "dateModified": "2022-02-01T17:49:40+00:00",
                    "description": "Voc\u00ea pretente passar Natal e Ano Novo em Foz do Igua\u00e7u 2020? Se sim, confira nossas dicas de ceias e hospede-se com tarifas especiais aqui",
                    "breadcrumb": {
                        "@id": "https:\/\/www.hoteldelreyfoz.com\/blog\/christmas-and-new-year-in-foz-do-iguacu-2020\/#breadcrumb"
                    },
                    "inLanguage": "pt-BR",
                    "potentialAction": [
                        {
                            "@type": "ReadAction",
                            "target": [
                                "https:\/\/www.hoteldelreyfoz.com\/blog\/christmas-and-new-year-in-foz-do-iguacu-2020\/"
                            ]
                        }
                    ]
                },
                {
                    "@type": "BreadcrumbList",
                    "@id": "https:\/\/www.hoteldelreyfoz.com\/blog\/christmas-and-new-year-in-foz-do-iguacu-2020\/#breadcrumb",
                    "itemListElement": [
                        {
                            "@type": "ListItem",
                            "position": 1,
                            "name": "In\u00edcio",
                            "item": "https:\/\/www.hoteldelreyfoz.com\/en\/"
                        },
                        {
                            "@type": "ListItem",
                            "position": 2,
                            "name": "Que tal passar Natal e Ano Novo em Foz do Igua\u00e7u?"
                        }
                    ]
                },
                {
                    "@type": "WebSite",
                    "@id": "https:\/\/www.hoteldelreyfoz.com\/#website",
                    "url": "https:\/\/www.hoteldelreyfoz.com\/",
                    "name": "Del Rey Quality Hotel",
                    "description": "Hotel em Foz do Igua\u00e7u com pre\u00e7os acess\u00edveis, quartos amplos e localiza\u00e7\u00e3o no Centro, perto de tudo. Reserve pelo nosso site com desconto!",
                    "publisher": {
                        "@id": "https:\/\/www.hoteldelreyfoz.com\/#organization"
                    },
                    "potentialAction": [
                        {
                            "@type": "SearchAction",
                            "target": {
                                "@type": "EntryPoint",
                                "urlTemplate": "https:\/\/www.hoteldelreyfoz.com\/?s={search_term_string}"
                            },
                            "query-input": "required name=search_term_string"
                        }
                    ],
                    "inLanguage": "pt-BR"
                },
                {
                    "@type": "Organization",
                    "@id": "https:\/\/www.hoteldelreyfoz.com\/#organization",
                    "name": "Del Rey Quality Hotel",
                    "url": "https:\/\/www.hoteldelreyfoz.com\/",
                    "logo": {
                        "@type": "ImageObject",
                        "inLanguage": "pt-BR",
                        "@id": "https:\/\/www.hoteldelreyfoz.com\/#\/schema\/logo\/image\/",
                        "url": "https:\/\/www.hoteldelreyfoz.com.br\/wp-content\/uploads\/2021\/09\/delrey.png",
                        "contentUrl": "https:\/\/www.hoteldelreyfoz.com.br\/wp-content\/uploads\/2021\/09\/delrey.png",
                        "width": 225,
                        "height": 224,
                        "caption": "Del Rey Quality Hotel"
                    },
                    "image": {
                        "@id": "https:\/\/www.hoteldelreyfoz.com\/#\/schema\/logo\/image\/"
                    },
                    "sameAs": [
                        "https:\/\/www.facebook.com\/delreyfozhotel",
                        "https:\/\/www.instagram.com\/delreyfoz\/",
                        "https:\/\/www.youtube.com\/channel\/UCSBntO46TaFRFMvuxjJBS_w"
                    ]
                },
                {
                    "@type": "Person",
                    "@id": "https:\/\/www.hoteldelreyfoz.com\/#\/schema\/person\/7ea55b17cae3e4b8de28d979ce955c9b",
                    "name": "Jaime Mendes"
                }
            ]
        }
    },
    "_links": {
        "self": [
            {
                "href": "https:\/\/www.hoteldelreyfoz.com\/pt_br\/wp-json\/wp\/v2\/posts\/15399"
            }
        ],
        "collection": [
            {
                "href": "https:\/\/www.hoteldelreyfoz.com\/pt_br\/wp-json\/wp\/v2\/posts"
            }
        ],
        "about": [
            {
                "href": "https:\/\/www.hoteldelreyfoz.com\/pt_br\/wp-json\/wp\/v2\/types\/post"
            }
        ],
        "author": [
            {
                "embeddable": true,
                "href": "https:\/\/www.hoteldelreyfoz.com\/pt_br\/wp-json\/wp\/v2\/users\/2"
            }
        ],
        "replies": [
            {
                "embeddable": true,
                "href": "https:\/\/www.hoteldelreyfoz.com\/pt_br\/wp-json\/wp\/v2\/comments?post=15399"
            }
        ],
        "version-history": [
            {
                "count": 0,
                "href": "https:\/\/www.hoteldelreyfoz.com\/pt_br\/wp-json\/wp\/v2\/posts\/15399\/revisions"
            }
        ],
        "wp:featuredmedia": [
            {
                "embeddable": true,
                "href": "https:\/\/www.hoteldelreyfoz.com\/pt_br\/wp-json\/wp\/v2\/media\/15406"
            }
        ],
        "wp:attachment": [
            {
                "href": "https:\/\/www.hoteldelreyfoz.com\/pt_br\/wp-json\/wp\/v2\/media?parent=15399"
            }
        ],
        "wp:term": [
            {
                "taxonomy": "category",
                "embeddable": true,
                "href": "https:\/\/www.hoteldelreyfoz.com\/pt_br\/wp-json\/wp\/v2\/categories?post=15399"
            },
            {
                "taxonomy": "post_tag",
                "embeddable": true,
                "href": "https:\/\/www.hoteldelreyfoz.com\/pt_br\/wp-json\/wp\/v2\/tags?post=15399"
            }
        ],
        "curies": [
            {
                "name": "wp",
                "href": "https:\/\/api.w.org\/{rel}",
                "templated": true
            }
        ]
    }
}