{
    "id": 14742,
    "date": "2020-09-25T15:15:16",
    "date_gmt": "2020-09-25T18:15:16",
    "guid": {
        "rendered": "https:\/\/www.hoteldelreyfoz.com\/?p=12554"
    },
    "modified": "2024-10-09T22:18:06",
    "modified_gmt": "2024-10-10T01:18:06",
    "slug": "natal-luz-2020-projecao-catedral-foz",
    "status": "publish",
    "type": "post",
    "link": "https:\/\/www.hoteldelreyfoz.com\/pt_br\/blog\/natal-luz-2020-projecao-catedral-foz\/",
    "title": {
        "rendered": "Natal de Luz 2020 contar\u00e1 com proje\u00e7\u00e3o no pr\u00e9dio da Catedral da Vila A em Foz do Igua\u00e7u"
    },
    "content": {
        "rendered": "<p><em>Programa\u00e7\u00e3o de Natal de Luz 2020 deste ano promete encantar moradores e turistas na Terra das Cataratas<\/em><\/p>\n<p>A Itaipu Binacional est\u00e1 preparando uma surpresa para presentear a popula\u00e7\u00e3o e os turistas que pretendem visitar Foz do Igua\u00e7u. Como? Simplesmente com a mais inovadora e sustent\u00e1vel festa natalina j\u00e1 feita pela maior hidrel\u00e9trica do mundo.<\/p>\n<p>O terreno da Catedral Nossa Senhora de Guadalupe ser\u00e1 o foco da programa\u00e7\u00e3o do Natal de Luzes, no qual prev\u00ea uma proje\u00e7\u00e3o do tipo mapeada, di\u00e1ria, sempre das 20h at\u00e9 a meia-noite, mesclando a hist\u00f3ria de Foz com os famosos atrativos, a diversidade que habita a cidade e a magia das festividades natalinas.<\/p>\n<p>A mudan\u00e7a de endere\u00e7o, do Gramad\u00e3o da Vila A para as instala\u00e7\u00f5es da Catedral, ocorre devido \u00e0s obras naquele espa\u00e7o. Vale lembrar que a programa\u00e7\u00e3o est\u00e1 prevista para o dia 5 de dezembro at\u00e9 o dia 21.<\/p>\n<p>Confira ent\u00e3o este post que n\u00f3s do <strong>Del Rey Quality Hotel<\/strong> preparamos para dizer que Foz \u00e9 o seu destino para fim de ano!<\/p>\n<figure id=\"attachment_12556\" aria-describedby=\"caption-attachment-12556\" style=\"width: 1280px\" class=\"wp-caption alignnone\"><img decoding=\"async\" loading=\"lazy\" class=\"wp-image-12556 size-full\" src=\"https:\/\/www.hoteldelreyfoz.com\/wp-content\/uploads\/2020\/10\/catedral-no-natal-rubens-fraulini.jpeg\" alt=\"Catedral de Foz do Igua\u00e7u - Vila A\" width=\"1280\" height=\"853\" \/><figcaption id=\"caption-attachment-12556\" class=\"wp-caption-text\">Foto: Rubens Fraulini<\/figcaption><\/figure>\n<h3>Um show \u00e0 parte!<\/h3>\n<p>A grande protagonista deste evento, a t\u00e9cnica de proje\u00e7\u00e3o mapeada, permite lan\u00e7ar imagens em uma estrutura tridimensional, que antes \u00e9 mapeada por um software. Enquanto a proje\u00e7\u00e3o plana n\u00e3o permite a manipula\u00e7\u00e3o da luz, a mapeada &#8211; ou <em>video mapping<\/em> &#8211; permite que a luz seja direcionada exatamente para a \u00e1rea que ir\u00e1 receber o conte\u00fado visual, ou seja, criando a ilus\u00e3o de que o v\u00eddeo se encaixa na estrutura.<\/p>\n<p>Na Catedral, a proje\u00e7\u00e3o est\u00e1 programada para ser feita em tr\u00eas faces &#8211; frontal e duas laterais -, em diferentes \u00e2ngulos e perspectivas, por isso ser\u00e1 poss\u00edvel ver o espet\u00e1culo de diversos pontos de Foz do Igua\u00e7u, inclusive no pr\u00f3prio local do evento.<\/p>\n<p>Al\u00e9m do mapeamento, a \u00e1rea da Catedral da Vila A receber\u00e1 uma decora\u00e7\u00e3o tem\u00e1tica de luzes, com direito a Papai Noel, bola colorida gigante e outros brinquedos, al\u00e9m de barraquinhas de artesanato para todo o p\u00fablico.<\/p>\n<p><strong>Importante!<\/strong> A produ\u00e7\u00e3o do evento garante que todos os protocolos sanit\u00e1rios est\u00e3o sendo adotados para evitar aglomera\u00e7\u00e3o e risco \u00e0 sa\u00fade. Ent\u00e3o fique tranquilo: <strong><em>Foz do Igua\u00e7u est\u00e1 preparada para receber voc\u00ea e sua fam\u00edlia.<\/em><\/strong><\/p>\n<p>Ent\u00e3o n\u00e3o perca Natal de Luz 2020 com sua fam\u00edlia na terra das cataratas hospedados em nosso hotel.<\/p>\n<h3>E se vier para Foz do Igua\u00e7u, fique hospedado no Del Rey Quality Hotel!<\/h3>\n<p>Final de ano voc\u00ea tem um compromisso com as belezas da cidade de Foz do Igua\u00e7u! Ent\u00e3o n\u00e3o perca tempo e fa\u00e7a j\u00e1 sua reserva no hotel que vai te proporcionar uma experi\u00eancia \u00fanica em Foz. O <strong>Del Rey Quality<\/strong> <strong>Hotel<\/strong> conta com 91 apartamentos modernos e confort\u00e1veis, com op\u00e7\u00f5es de quartos para at\u00e9 quatro pessoas, al\u00e9m de ber\u00e7os (quando necess\u00e1rio), perfeito para visitar a Terra das Cataratas com a fam\u00edlia.<\/p>\n<p>A localiza\u00e7\u00e3o tamb\u00e9m impressiona. No centro de Foz do Igua\u00e7u, ao lado do Terminal de Transporte Urbano e pr\u00f3ximo a restaurantes, mercado, padaria, farm\u00e1cias e bancos, o <strong>Del Rey Quality<\/strong> possui uma equipe de qualidade para te auxiliar em qualquer passeio.<\/p>\n<p>O <strong>Del Rey Quality <\/strong>traz dicas para que voc\u00ea tenha a melhor estadia em Foz do Igua\u00e7u. Para isso, basta acompanhar nossas redes sociais, atrav\u00e9s do Instagram <a href=\"https:\/\/www.instagram.com\/delreyfoz\/\" target=\"_blank\" rel=\"noopener noreferrer\" class=\"broken_link\"><strong>@delreyfoz<\/strong><\/a>, Facebook <a href=\"https:\/\/www.facebook.com\/delreyfozhotel\" target=\"_blank\" rel=\"noopener noreferrer\"><strong>Del Rey Foz<\/strong><\/a> e pelo site <a href=\"https:\/\/myreservations.omnibees.com\/default.aspx?q=2694&amp;lang=pt-BR&amp;CheckIn=&amp;CheckOut=&amp;ad=1&amp;ch=0\" target=\"_blank\" rel=\"noopener noreferrer\"><strong>www.hoteldelreyfoz.com.br<\/strong><\/a>, onde <strong><em>voc\u00ea garante a sua reserva com 10% de desconto!<\/em><\/strong><\/p>",
        "protected": false
    },
    "excerpt": {
        "rendered": "<p>Programa\u00e7\u00e3o de Natal de Luz 2020 deste ano promete encantar moradores e turistas na Terra das Cataratas A Itaipu Binacional est\u00e1 preparando uma surpresa para presentear a popula\u00e7\u00e3o e os turistas que pretendem visitar Foz do Igua\u00e7u. Como? Simplesmente com a mais inovadora e sustent\u00e1vel festa natalina j\u00e1 feita pela maior hidrel\u00e9trica do mundo. O [&hellip;]<\/p>",
        "protected": false
    },
    "author": 2,
    "featured_media": 14724,
    "comment_status": "closed",
    "ping_status": "closed",
    "sticky": false,
    "template": "",
    "format": "standard",
    "meta": {
        "footnotes": ""
    },
    "categories": [
        52
    ],
    "tags": [
        304,
        305,
        306,
        307,
        308
    ],
    "yoast_head": "<!-- This site is optimized with the Yoast SEO plugin v20.12 - https:\/\/yoast.com\/wordpress\/plugins\/seo\/ -->\n<title>Natal de Luz 2020 na Catedral em Foz do Igua\u00e7u - Del Rey Quality Hotel<\/title>\n<meta name=\"description\" content=\"O final do ano est\u00e1 quase chegando e a Itaipu Binacional est\u00e1 preparando uma supresa para o Natal de Luz 2020 para turistas e moradores\" \/>\n<meta name=\"robots\" content=\"index, follow, max-snippet:-1, max-image-preview:large, max-video-preview:-1\" \/>\n<link rel=\"canonical\" href=\"https:\/\/www.hoteldelreyfoz.com\/pt_br\/blog\/christmas-de-luz-2020-will-count-with-projection-in-the-building-of-the-cathedral-of-the-village-in-foz-do-iguacu\/\" \/>\n<meta property=\"og:locale\" content=\"pt_BR\" \/>\n<meta property=\"og:type\" content=\"article\" \/>\n<meta property=\"og:title\" content=\"Natal de Luz 2020 na Catedral em Foz do Igua\u00e7u - Del Rey Quality Hotel\" \/>\n<meta property=\"og:description\" content=\"O final do ano est\u00e1 quase chegando e a Itaipu Binacional est\u00e1 preparando uma supresa para o Natal de Luz 2020 para turistas e moradores\" \/>\n<meta property=\"og:url\" content=\"https:\/\/www.hoteldelreyfoz.com\/pt_br\/blog\/christmas-de-luz-2020-will-count-with-projection-in-the-building-of-the-cathedral-of-the-village-in-foz-do-iguacu\/\" \/>\n<meta property=\"og:site_name\" content=\"Del Rey Quality Hotel\" \/>\n<meta property=\"article:publisher\" content=\"https:\/\/www.facebook.com\/delreyfozhotel\" \/>\n<meta property=\"article:published_time\" content=\"2020-09-25T18:15:16+00:00\" \/>\n<meta property=\"article:modified_time\" content=\"2024-10-10T01:18:06+00:00\" \/>\n<meta property=\"og:image\" content=\"https:\/\/www.hoteldelreyfoz.com\/wp-content\/uploads\/2020\/10\/catedral-rubens-fraulini.jpeg\" \/>\n\t<meta property=\"og:image:width\" content=\"1280\" \/>\n\t<meta property=\"og:image:height\" content=\"853\" \/>\n\t<meta property=\"og:image:type\" content=\"image\/jpeg\" \/>\n<meta name=\"author\" content=\"Jaime Mendes\" \/>\n<meta name=\"twitter:card\" content=\"summary_large_image\" \/>\n<meta name=\"twitter:label1\" content=\"Escrito por\" \/>\n\t<meta name=\"twitter:data1\" content=\"\" \/>\n\t<meta name=\"twitter:label2\" content=\"Est. tempo de leitura\" \/>\n\t<meta name=\"twitter:data2\" content=\"4 minutos\" \/>\n<script type=\"application\/ld+json\" class=\"yoast-schema-graph\">{\"@context\":\"https:\/\/schema.org\",\"@graph\":[{\"@type\":\"Article\",\"@id\":\"https:\/\/www.hoteldelreyfoz.com\/blog\/christmas-de-luz-2020-will-count-with-projection-in-the-building-of-the-cathedral-of-the-village-in-foz-do-iguacu\/#article\",\"isPartOf\":{\"@id\":\"https:\/\/www.hoteldelreyfoz.com\/blog\/christmas-de-luz-2020-will-count-with-projection-in-the-building-of-the-cathedral-of-the-village-in-foz-do-iguacu\/\"},\"author\":{\"name\":\"Jaime Mendes\",\"@id\":\"https:\/\/www.hoteldelreyfoz.com\/#\/schema\/person\/7ea55b17cae3e4b8de28d979ce955c9b\"},\"headline\":\"Natal de Luz 2020 contar\u00e1 com proje\u00e7\u00e3o no pr\u00e9dio da Catedral da Vila A em Foz do Igua\u00e7u\",\"datePublished\":\"2020-09-25T18:15:16+00:00\",\"dateModified\":\"2024-10-10T01:18:06+00:00\",\"mainEntityOfPage\":{\"@id\":\"https:\/\/www.hoteldelreyfoz.com\/blog\/christmas-de-luz-2020-will-count-with-projection-in-the-building-of-the-cathedral-of-the-village-in-foz-do-iguacu\/\"},\"wordCount\":636,\"publisher\":{\"@id\":\"https:\/\/www.hoteldelreyfoz.com\/#organization\"},\"keywords\":[\"Decora\u00e7\u00e3o de Natal em Foz\",\"Foz do Igua\u00e7u Natal 2020\",\"Natal 2020\",\"Natal em Foz\",\"Natal nas Cataratas\"],\"articleSection\":[\"Geral\"],\"inLanguage\":\"pt-BR\"},{\"@type\":\"WebPage\",\"@id\":\"https:\/\/www.hoteldelreyfoz.com\/blog\/christmas-de-luz-2020-will-count-with-projection-in-the-building-of-the-cathedral-of-the-village-in-foz-do-iguacu\/\",\"url\":\"https:\/\/www.hoteldelreyfoz.com\/blog\/christmas-de-luz-2020-will-count-with-projection-in-the-building-of-the-cathedral-of-the-village-in-foz-do-iguacu\/\",\"name\":\"Natal de Luz 2020 na Catedral em Foz do Igua\u00e7u - Del Rey Quality Hotel\",\"isPartOf\":{\"@id\":\"https:\/\/www.hoteldelreyfoz.com\/#website\"},\"datePublished\":\"2020-09-25T18:15:16+00:00\",\"dateModified\":\"2024-10-10T01:18:06+00:00\",\"description\":\"O final do ano est\u00e1 quase chegando e a Itaipu Binacional est\u00e1 preparando uma supresa para o Natal de Luz 2020 para turistas e moradores\",\"breadcrumb\":{\"@id\":\"https:\/\/www.hoteldelreyfoz.com\/blog\/christmas-de-luz-2020-will-count-with-projection-in-the-building-of-the-cathedral-of-the-village-in-foz-do-iguacu\/#breadcrumb\"},\"inLanguage\":\"pt-BR\",\"potentialAction\":[{\"@type\":\"ReadAction\",\"target\":[\"https:\/\/www.hoteldelreyfoz.com\/blog\/christmas-de-luz-2020-will-count-with-projection-in-the-building-of-the-cathedral-of-the-village-in-foz-do-iguacu\/\"]}]},{\"@type\":\"BreadcrumbList\",\"@id\":\"https:\/\/www.hoteldelreyfoz.com\/blog\/christmas-de-luz-2020-will-count-with-projection-in-the-building-of-the-cathedral-of-the-village-in-foz-do-iguacu\/#breadcrumb\",\"itemListElement\":[{\"@type\":\"ListItem\",\"position\":1,\"name\":\"In\u00edcio\",\"item\":\"https:\/\/www.hoteldelreyfoz.com\/en\/\"},{\"@type\":\"ListItem\",\"position\":2,\"name\":\"Natal de Luz 2020 contar\u00e1 com proje\u00e7\u00e3o no pr\u00e9dio da Catedral da Vila A em Foz do Igua\u00e7u\"}]},{\"@type\":\"WebSite\",\"@id\":\"https:\/\/www.hoteldelreyfoz.com\/#website\",\"url\":\"https:\/\/www.hoteldelreyfoz.com\/\",\"name\":\"Del Rey Quality Hotel\",\"description\":\"Hotel em Foz do Igua\u00e7u com pre\u00e7os acess\u00edveis, quartos amplos e localiza\u00e7\u00e3o no Centro, perto de tudo. Reserve pelo nosso site com desconto!\",\"publisher\":{\"@id\":\"https:\/\/www.hoteldelreyfoz.com\/#organization\"},\"potentialAction\":[{\"@type\":\"SearchAction\",\"target\":{\"@type\":\"EntryPoint\",\"urlTemplate\":\"https:\/\/www.hoteldelreyfoz.com\/?s={search_term_string}\"},\"query-input\":\"required name=search_term_string\"}],\"inLanguage\":\"pt-BR\"},{\"@type\":\"Organization\",\"@id\":\"https:\/\/www.hoteldelreyfoz.com\/#organization\",\"name\":\"Del Rey Quality Hotel\",\"url\":\"https:\/\/www.hoteldelreyfoz.com\/\",\"logo\":{\"@type\":\"ImageObject\",\"inLanguage\":\"pt-BR\",\"@id\":\"https:\/\/www.hoteldelreyfoz.com\/#\/schema\/logo\/image\/\",\"url\":\"https:\/\/www.hoteldelreyfoz.com.br\/wp-content\/uploads\/2021\/09\/delrey.png\",\"contentUrl\":\"https:\/\/www.hoteldelreyfoz.com.br\/wp-content\/uploads\/2021\/09\/delrey.png\",\"width\":225,\"height\":224,\"caption\":\"Del Rey Quality Hotel\"},\"image\":{\"@id\":\"https:\/\/www.hoteldelreyfoz.com\/#\/schema\/logo\/image\/\"},\"sameAs\":[\"https:\/\/www.facebook.com\/delreyfozhotel\",\"https:\/\/www.instagram.com\/delreyfoz\/\",\"https:\/\/www.youtube.com\/channel\/UCSBntO46TaFRFMvuxjJBS_w\"]},{\"@type\":\"Person\",\"@id\":\"https:\/\/www.hoteldelreyfoz.com\/#\/schema\/person\/7ea55b17cae3e4b8de28d979ce955c9b\",\"name\":\"Jaime Mendes\"}]}<\/script>\n<!-- \/ Yoast SEO plugin. -->",
    "yoast_head_json": {
        "title": "Natal de Luz 2020 na Catedral em Foz do Igua\u00e7u - Del Rey Quality Hotel",
        "description": "O final do ano est\u00e1 quase chegando e a Itaipu Binacional est\u00e1 preparando uma supresa para o Natal de Luz 2020 para turistas e moradores",
        "robots": {
            "index": "index",
            "follow": "follow",
            "max-snippet": "max-snippet:-1",
            "max-image-preview": "max-image-preview:large",
            "max-video-preview": "max-video-preview:-1"
        },
        "canonical": "https:\/\/www.hoteldelreyfoz.com\/pt_br\/blog\/christmas-de-luz-2020-will-count-with-projection-in-the-building-of-the-cathedral-of-the-village-in-foz-do-iguacu\/",
        "og_locale": "pt_BR",
        "og_type": "article",
        "og_title": "Natal de Luz 2020 na Catedral em Foz do Igua\u00e7u - Del Rey Quality Hotel",
        "og_description": "O final do ano est\u00e1 quase chegando e a Itaipu Binacional est\u00e1 preparando uma supresa para o Natal de Luz 2020 para turistas e moradores",
        "og_url": "https:\/\/www.hoteldelreyfoz.com\/pt_br\/blog\/christmas-de-luz-2020-will-count-with-projection-in-the-building-of-the-cathedral-of-the-village-in-foz-do-iguacu\/",
        "og_site_name": "Del Rey Quality Hotel",
        "article_publisher": "https:\/\/www.facebook.com\/delreyfozhotel",
        "article_published_time": "2020-09-25T18:15:16+00:00",
        "article_modified_time": "2024-10-10T01:18:06+00:00",
        "og_image": [
            {
                "width": 1280,
                "height": 853,
                "url": "https:\/\/www.hoteldelreyfoz.com\/wp-content\/uploads\/2020\/10\/catedral-rubens-fraulini.jpeg",
                "type": "image\/jpeg"
            }
        ],
        "author": "Jaime Mendes",
        "twitter_card": "summary_large_image",
        "twitter_misc": {
            "Escrito por": false,
            "Est. tempo de leitura": "4 minutos"
        },
        "schema": {
            "@context": "https:\/\/schema.org",
            "@graph": [
                {
                    "@type": "Article",
                    "@id": "https:\/\/www.hoteldelreyfoz.com\/blog\/christmas-de-luz-2020-will-count-with-projection-in-the-building-of-the-cathedral-of-the-village-in-foz-do-iguacu\/#article",
                    "isPartOf": {
                        "@id": "https:\/\/www.hoteldelreyfoz.com\/blog\/christmas-de-luz-2020-will-count-with-projection-in-the-building-of-the-cathedral-of-the-village-in-foz-do-iguacu\/"
                    },
                    "author": {
                        "name": "Jaime Mendes",
                        "@id": "https:\/\/www.hoteldelreyfoz.com\/#\/schema\/person\/7ea55b17cae3e4b8de28d979ce955c9b"
                    },
                    "headline": "Natal de Luz 2020 contar\u00e1 com proje\u00e7\u00e3o no pr\u00e9dio da Catedral da Vila A em Foz do Igua\u00e7u",
                    "datePublished": "2020-09-25T18:15:16+00:00",
                    "dateModified": "2024-10-10T01:18:06+00:00",
                    "mainEntityOfPage": {
                        "@id": "https:\/\/www.hoteldelreyfoz.com\/blog\/christmas-de-luz-2020-will-count-with-projection-in-the-building-of-the-cathedral-of-the-village-in-foz-do-iguacu\/"
                    },
                    "wordCount": 636,
                    "publisher": {
                        "@id": "https:\/\/www.hoteldelreyfoz.com\/#organization"
                    },
                    "keywords": [
                        "Decora\u00e7\u00e3o de Natal em Foz",
                        "Foz do Igua\u00e7u Natal 2020",
                        "Natal 2020",
                        "Natal em Foz",
                        "Natal nas Cataratas"
                    ],
                    "articleSection": [
                        "Geral"
                    ],
                    "inLanguage": "pt-BR"
                },
                {
                    "@type": "WebPage",
                    "@id": "https:\/\/www.hoteldelreyfoz.com\/blog\/christmas-de-luz-2020-will-count-with-projection-in-the-building-of-the-cathedral-of-the-village-in-foz-do-iguacu\/",
                    "url": "https:\/\/www.hoteldelreyfoz.com\/blog\/christmas-de-luz-2020-will-count-with-projection-in-the-building-of-the-cathedral-of-the-village-in-foz-do-iguacu\/",
                    "name": "Natal de Luz 2020 na Catedral em Foz do Igua\u00e7u - Del Rey Quality Hotel",
                    "isPartOf": {
                        "@id": "https:\/\/www.hoteldelreyfoz.com\/#website"
                    },
                    "datePublished": "2020-09-25T18:15:16+00:00",
                    "dateModified": "2024-10-10T01:18:06+00:00",
                    "description": "O final do ano est\u00e1 quase chegando e a Itaipu Binacional est\u00e1 preparando uma supresa para o Natal de Luz 2020 para turistas e moradores",
                    "breadcrumb": {
                        "@id": "https:\/\/www.hoteldelreyfoz.com\/blog\/christmas-de-luz-2020-will-count-with-projection-in-the-building-of-the-cathedral-of-the-village-in-foz-do-iguacu\/#breadcrumb"
                    },
                    "inLanguage": "pt-BR",
                    "potentialAction": [
                        {
                            "@type": "ReadAction",
                            "target": [
                                "https:\/\/www.hoteldelreyfoz.com\/blog\/christmas-de-luz-2020-will-count-with-projection-in-the-building-of-the-cathedral-of-the-village-in-foz-do-iguacu\/"
                            ]
                        }
                    ]
                },
                {
                    "@type": "BreadcrumbList",
                    "@id": "https:\/\/www.hoteldelreyfoz.com\/blog\/christmas-de-luz-2020-will-count-with-projection-in-the-building-of-the-cathedral-of-the-village-in-foz-do-iguacu\/#breadcrumb",
                    "itemListElement": [
                        {
                            "@type": "ListItem",
                            "position": 1,
                            "name": "In\u00edcio",
                            "item": "https:\/\/www.hoteldelreyfoz.com\/en\/"
                        },
                        {
                            "@type": "ListItem",
                            "position": 2,
                            "name": "Natal de Luz 2020 contar\u00e1 com proje\u00e7\u00e3o no pr\u00e9dio da Catedral da Vila A em Foz do Igua\u00e7u"
                        }
                    ]
                },
                {
                    "@type": "WebSite",
                    "@id": "https:\/\/www.hoteldelreyfoz.com\/#website",
                    "url": "https:\/\/www.hoteldelreyfoz.com\/",
                    "name": "Del Rey Quality Hotel",
                    "description": "Hotel em Foz do Igua\u00e7u com pre\u00e7os acess\u00edveis, quartos amplos e localiza\u00e7\u00e3o no Centro, perto de tudo. Reserve pelo nosso site com desconto!",
                    "publisher": {
                        "@id": "https:\/\/www.hoteldelreyfoz.com\/#organization"
                    },
                    "potentialAction": [
                        {
                            "@type": "SearchAction",
                            "target": {
                                "@type": "EntryPoint",
                                "urlTemplate": "https:\/\/www.hoteldelreyfoz.com\/?s={search_term_string}"
                            },
                            "query-input": "required name=search_term_string"
                        }
                    ],
                    "inLanguage": "pt-BR"
                },
                {
                    "@type": "Organization",
                    "@id": "https:\/\/www.hoteldelreyfoz.com\/#organization",
                    "name": "Del Rey Quality Hotel",
                    "url": "https:\/\/www.hoteldelreyfoz.com\/",
                    "logo": {
                        "@type": "ImageObject",
                        "inLanguage": "pt-BR",
                        "@id": "https:\/\/www.hoteldelreyfoz.com\/#\/schema\/logo\/image\/",
                        "url": "https:\/\/www.hoteldelreyfoz.com.br\/wp-content\/uploads\/2021\/09\/delrey.png",
                        "contentUrl": "https:\/\/www.hoteldelreyfoz.com.br\/wp-content\/uploads\/2021\/09\/delrey.png",
                        "width": 225,
                        "height": 224,
                        "caption": "Del Rey Quality Hotel"
                    },
                    "image": {
                        "@id": "https:\/\/www.hoteldelreyfoz.com\/#\/schema\/logo\/image\/"
                    },
                    "sameAs": [
                        "https:\/\/www.facebook.com\/delreyfozhotel",
                        "https:\/\/www.instagram.com\/delreyfoz\/",
                        "https:\/\/www.youtube.com\/channel\/UCSBntO46TaFRFMvuxjJBS_w"
                    ]
                },
                {
                    "@type": "Person",
                    "@id": "https:\/\/www.hoteldelreyfoz.com\/#\/schema\/person\/7ea55b17cae3e4b8de28d979ce955c9b",
                    "name": "Jaime Mendes"
                }
            ]
        }
    },
    "_links": {
        "self": [
            {
                "href": "https:\/\/www.hoteldelreyfoz.com\/pt_br\/wp-json\/wp\/v2\/posts\/14742"
            }
        ],
        "collection": [
            {
                "href": "https:\/\/www.hoteldelreyfoz.com\/pt_br\/wp-json\/wp\/v2\/posts"
            }
        ],
        "about": [
            {
                "href": "https:\/\/www.hoteldelreyfoz.com\/pt_br\/wp-json\/wp\/v2\/types\/post"
            }
        ],
        "author": [
            {
                "embeddable": true,
                "href": "https:\/\/www.hoteldelreyfoz.com\/pt_br\/wp-json\/wp\/v2\/users\/2"
            }
        ],
        "replies": [
            {
                "embeddable": true,
                "href": "https:\/\/www.hoteldelreyfoz.com\/pt_br\/wp-json\/wp\/v2\/comments?post=14742"
            }
        ],
        "version-history": [
            {
                "count": 1,
                "href": "https:\/\/www.hoteldelreyfoz.com\/pt_br\/wp-json\/wp\/v2\/posts\/14742\/revisions"
            }
        ],
        "predecessor-version": [
            {
                "id": 23361,
                "href": "https:\/\/www.hoteldelreyfoz.com\/pt_br\/wp-json\/wp\/v2\/posts\/14742\/revisions\/23361"
            }
        ],
        "wp:featuredmedia": [
            {
                "embeddable": true,
                "href": "https:\/\/www.hoteldelreyfoz.com\/pt_br\/wp-json\/wp\/v2\/media\/14724"
            }
        ],
        "wp:attachment": [
            {
                "href": "https:\/\/www.hoteldelreyfoz.com\/pt_br\/wp-json\/wp\/v2\/media?parent=14742"
            }
        ],
        "wp:term": [
            {
                "taxonomy": "category",
                "embeddable": true,
                "href": "https:\/\/www.hoteldelreyfoz.com\/pt_br\/wp-json\/wp\/v2\/categories?post=14742"
            },
            {
                "taxonomy": "post_tag",
                "embeddable": true,
                "href": "https:\/\/www.hoteldelreyfoz.com\/pt_br\/wp-json\/wp\/v2\/tags?post=14742"
            }
        ],
        "curies": [
            {
                "name": "wp",
                "href": "https:\/\/api.w.org\/{rel}",
                "templated": true
            }
        ]
    }
}