{
    "id": 12460,
    "date": "2020-08-13T16:56:04",
    "date_gmt": "2020-08-13T19:56:04",
    "guid": {
        "rendered": "https:\/\/www.hoteldelreyfoz.com\/?p=12460"
    },
    "modified": "2020-08-13T16:56:04",
    "modified_gmt": "2020-08-13T19:56:04",
    "slug": "selo-de-ambiente-protegido-em-foz-do-iguacu",
    "status": "publish",
    "type": "post",
    "link": "https:\/\/www.hoteldelreyfoz.com\/pt_br\/blog\/selo-de-ambiente-protegido-em-foz-do-iguacu\/",
    "title": {
        "rendered": "Selo de Ambiente Protegido em Foz do Igua\u00e7u"
    },
    "content": {
        "rendered": "<h2>Em cerim\u00f4nia, hotel garante selo de seguran\u00e7a atrav\u00e9s dos novos protocolos de higiene com ambiente protegido<\/h2>\n<p>O Hotel Del Rey Quality, de Foz do Igua\u00e7u, recebeu nesta quinta-feira (13), a certifica\u00e7\u00e3o de responsabilidade sanit\u00e1ria e Selo de Ambiente Protegido. A cerim\u00f4nia de entrega contou com v\u00e1rias autoridades da cidade, entre eles o prefeito Chico Brasileiro, e ocorreu na sede da Associa\u00e7\u00e3o Comercial e Industrial de Foz do Igua\u00e7u (ACIFI).<\/p>\n<figure id=\"attachment_12462\" aria-describedby=\"caption-attachment-12462\" style=\"width: 1280px\" class=\"wp-caption alignnone\"><img decoding=\"async\" loading=\"lazy\" class=\"wp-image-12462 size-full\" src=\"https:\/\/www.hoteldelreyfoz.com\/wp-content\/uploads\/2020\/08\/prefeito-chico-brasileiro-jaime-mendes.jpeg\" alt=\"Selo de Ambiente Protegido - Prefeito e Diretor do Del Rey Quality Hotel\" width=\"1280\" height=\"853\" srcset=\"https:\/\/www.hoteldelreyfoz.com\/wp-content\/uploads\/2020\/08\/prefeito-chico-brasileiro-jaime-mendes.jpeg 1280w, https:\/\/www.hoteldelreyfoz.com\/wp-content\/uploads\/2020\/08\/prefeito-chico-brasileiro-jaime-mendes-300x200.jpeg 300w, https:\/\/www.hoteldelreyfoz.com\/wp-content\/uploads\/2020\/08\/prefeito-chico-brasileiro-jaime-mendes-1024x682.jpeg 1024w, https:\/\/www.hoteldelreyfoz.com\/wp-content\/uploads\/2020\/08\/prefeito-chico-brasileiro-jaime-mendes-768x512.jpeg 768w\" sizes=\"(max-width: 1280px) 100vw, 1280px\" \/><figcaption id=\"caption-attachment-12462\" class=\"wp-caption-text\">Da esquerda para direita: prefeito Chico Brasileiro e Jaime Mendes, diretor do Del Rey Quality Hotel<\/figcaption><\/figure>\n<p>Segundo Faisal Ismail, presidente da ACIFI, \u201cesse Selo de Ambiente Protegido valida o controle sanit\u00e1rio dos hot\u00e9is, restaurantes e elementos tur\u00edsticos de Foz, proporcionando, assim, a tranquilidade ao visitante e ao pr\u00f3prio morador da regi\u00e3o\u201d. O presidente da Associa\u00e7\u00e3o Comercial e Industrial de Foz do Igua\u00e7u ainda destaca que \u201cenquanto n\u00e3o houver a vacina, o Selo \u00e9 fundamental para demonstrar o cuidado, tanto com o ambiente quanto com as pessoas que trabalham nele\u201d.<\/p>\n<p>Atribu\u00eddo pela Secretaria Municipal de Turismo, Ind\u00fastria, Com\u00e9rcio e Projetos Estrat\u00e9gica, Conselho Municipal de Turismo (Comtur) e Sebrae-PR, o Selo declara que os atrativos tur\u00edsticos, meios de hospedagem, restaurantes e demais estabelecimentos cumprem os protocolos de seguran\u00e7a sanit\u00e1ria no enfrentamento \u00e0 Covid-19.<\/p>\n<figure id=\"attachment_12461\" aria-describedby=\"caption-attachment-12461\" style=\"width: 1280px\" class=\"wp-caption alignnone\"><img decoding=\"async\" loading=\"lazy\" class=\"wp-image-12461 size-full\" src=\"https:\/\/www.hoteldelreyfoz.com\/wp-content\/uploads\/2020\/08\/neuso-rafagnin-sindihoteis-jame-mendes.jpeg\" alt=\"Selo de Ambiente Protegido - Presidente Sindhot\u00e9is Neuso Rafagnin e nosso diretor Jaime Mendes\" width=\"1280\" height=\"853\" srcset=\"https:\/\/www.hoteldelreyfoz.com\/wp-content\/uploads\/2020\/08\/neuso-rafagnin-sindihoteis-jame-mendes.jpeg 1280w, https:\/\/www.hoteldelreyfoz.com\/wp-content\/uploads\/2020\/08\/neuso-rafagnin-sindihoteis-jame-mendes-300x200.jpeg 300w, https:\/\/www.hoteldelreyfoz.com\/wp-content\/uploads\/2020\/08\/neuso-rafagnin-sindihoteis-jame-mendes-1024x682.jpeg 1024w, https:\/\/www.hoteldelreyfoz.com\/wp-content\/uploads\/2020\/08\/neuso-rafagnin-sindihoteis-jame-mendes-768x512.jpeg 768w\" sizes=\"(max-width: 1280px) 100vw, 1280px\" \/><figcaption id=\"caption-attachment-12461\" class=\"wp-caption-text\">Da esquerda para direita: Neuso Rafagnin, presidente do Sindhot\u00e9is, e Jaime Mendes, diretor do Del Rey Quality Hotel<\/figcaption><\/figure>\n<p>Para Augusto Stein, gerente Regional do Sebrae no oeste, \u201co Selo gera, principalmente, um elo de confian\u00e7a com o visitante e o turista. Sabemos que haver\u00e3o impactos ap\u00f3s esta crise e que o movimento ir\u00e1 retornar de forma gradativa. Ent\u00e3o, o destino e empreendimento que conseguirem passar essa imagem de seguran\u00e7a tendem a ganhar uma vantagem importante no mercado\u201d.<\/p>\n<p>Entre os mais de 30 itens avaliados, est\u00e3o a exig\u00eancia por parte do local de uso obrigat\u00f3rio da m\u00e1scara, aferi\u00e7\u00e3o da febre, uso de tapetes sanitizantes, dispensadores de \u00e1lcool gel pelo local e sanitiza\u00e7\u00e3o do ambiente.<\/p>\n<figure id=\"attachment_12464\" aria-describedby=\"caption-attachment-12464\" style=\"width: 1280px\" class=\"wp-caption alignnone\"><img decoding=\"async\" loading=\"lazy\" class=\"wp-image-12464 size-full\" src=\"https:\/\/www.hoteldelreyfoz.com\/wp-content\/uploads\/2020\/08\/jaime-mendes-del-rey-quality-hotel.jpeg\" alt=\"Selo de Ambiente Protegido - Jaime Mendes Diretor do Del Rey Quality Hotel\" width=\"1280\" height=\"853\" srcset=\"https:\/\/www.hoteldelreyfoz.com\/wp-content\/uploads\/2020\/08\/jaime-mendes-del-rey-quality-hotel.jpeg 1280w, https:\/\/www.hoteldelreyfoz.com\/wp-content\/uploads\/2020\/08\/jaime-mendes-del-rey-quality-hotel-300x200.jpeg 300w, https:\/\/www.hoteldelreyfoz.com\/wp-content\/uploads\/2020\/08\/jaime-mendes-del-rey-quality-hotel-1024x682.jpeg 1024w, https:\/\/www.hoteldelreyfoz.com\/wp-content\/uploads\/2020\/08\/jaime-mendes-del-rey-quality-hotel-768x512.jpeg 768w\" sizes=\"(max-width: 1280px) 100vw, 1280px\" \/><figcaption id=\"caption-attachment-12464\" class=\"wp-caption-text\">Jaime Mendes, diretor do Del Rey Quality Hotel, presente na cerim\u00f4nia de entrega do Selo<\/figcaption><\/figure>\n<p>Jaime Mendes, diretor do Del Rey Quality Hotel, explica que \u201cesse \u00e9 um momento hist\u00f3rico que estamos vivendo, onde o hotel passou por v\u00e1rios crit\u00e9rios para poder reabrir, tendo em vista todos os cuidados com a higiene, junto com nossos colaboradores e h\u00f3spedes. Por isso, a entrega deste Selo \u00e9, sem duvida, a nossa preocupa\u00e7\u00e3o em oferecer um ambiente realmente seguro para este turista que vem at\u00e9 Foz\u201d.<\/p>\n<p><strong>Conhe\u00e7a o Del Rey Quality<\/strong><\/p>\n<p>Atuando h\u00e1 35 anos em Foz do Igua\u00e7u, o Del Rey Quality tem como principal objetivo proporcionar uma experi\u00eancia \u00fanica a todos os h\u00f3spedes na Terra das Cataratas. Para isso, o hotel conta com 91 apartamentos modernos e confort\u00e1veis, com op\u00e7\u00f5es de quartos para at\u00e9 quatro pessoas, perfeito para visitar Foz do Igua\u00e7u com a fam\u00edlia.<\/p>\n<p>Com localiza\u00e7\u00e3o privilegiada no centro da cidade, ao lado do Terminal de Transporte Urbano e pr\u00f3ximo a restaurantes, mercado, padaria, farm\u00e1cias e bancos, o Del Rey Quality possui f\u00e1cil acesso a todos os atrativos de Foz do Igua\u00e7u, Paraguai e Argentina.<\/p>\n<p>E al\u00e9m de contar com todo o conforto da hospedagem, o Del Rey Quality ainda traz dicas para passar o melhor momento na cidade de Foz. Acompanhe todas as novidades atrav\u00e9s das redes sociais Instagram <a href=\"https:\/\/www.instagram.com\/delreyfoz\/\" target=\"_blank\" rel=\"noopener noreferrer\" class=\"broken_link\"><strong>@delreyfoz<\/strong><\/a>, Facebook <a href=\"https:\/\/www.facebook.com\/delreyfozhotel\" target=\"_blank\" rel=\"noopener noreferrer\"><strong>Del Rey Foz<\/strong><\/a> e pelo site <strong><a href=\"https:\/\/www.hoteldelreyfoz.com\/pt_br\/\">www.hoteldelreyfoz.com.br<\/a><\/strong>, onde voc\u00ea garante a<strong> sua reserva com 10% de desconto!<\/strong><\/p>",
        "protected": false
    },
    "excerpt": {
        "rendered": "<p>Em cerim\u00f4nia, hotel garante selo de seguran\u00e7a atrav\u00e9s dos novos protocolos de higiene com ambiente protegido O Hotel Del Rey Quality, de Foz do Igua\u00e7u, recebeu nesta quinta-feira (13), a certifica\u00e7\u00e3o de responsabilidade sanit\u00e1ria e Selo de Ambiente Protegido. A cerim\u00f4nia de entrega contou com v\u00e1rias autoridades da cidade, entre eles o prefeito Chico Brasileiro, [&hellip;]<\/p>",
        "protected": false
    },
    "author": 2,
    "featured_media": 12463,
    "comment_status": "closed",
    "ping_status": "open",
    "sticky": false,
    "template": "",
    "format": "standard",
    "meta": {
        "footnotes": ""
    },
    "categories": [
        193
    ],
    "tags": [
        282,
        283,
        284,
        285
    ],
    "yoast_head": "<!-- This site is optimized with the Yoast SEO plugin v20.12 - https:\/\/yoast.com\/wordpress\/plugins\/seo\/ -->\n<title>Selo de Ambiente Protegido em Foz do Igua\u00e7u - Del Rey Quality Hotel<\/title>\n<meta name=\"description\" content=\"O Hotel Del Rey Quality, de Foz do Igua\u00e7u, recebeu nesta quinta-feira (13), a certifica\u00e7\u00e3o de responsabilidade sanit\u00e1ria e Selo de Ambiente Protegido.\" \/>\n<meta name=\"robots\" content=\"index, follow, max-snippet:-1, max-image-preview:large, max-video-preview:-1\" \/>\n<link rel=\"canonical\" href=\"https:\/\/www.hoteldelreyfoz.com\/pt_br\/blog\/selo-de-ambiente-protegido-em-foz-do-iguacu\/\" \/>\n<meta property=\"og:locale\" content=\"pt_BR\" \/>\n<meta property=\"og:type\" content=\"article\" \/>\n<meta property=\"og:title\" content=\"Selo de Ambiente Protegido em Foz do Igua\u00e7u - Del Rey Quality Hotel\" \/>\n<meta property=\"og:description\" content=\"O Hotel Del Rey Quality, de Foz do Igua\u00e7u, recebeu nesta quinta-feira (13), a certifica\u00e7\u00e3o de responsabilidade sanit\u00e1ria e Selo de Ambiente Protegido.\" \/>\n<meta property=\"og:url\" content=\"https:\/\/www.hoteldelreyfoz.com\/pt_br\/blog\/selo-de-ambiente-protegido-em-foz-do-iguacu\/\" \/>\n<meta property=\"og:site_name\" content=\"Del Rey Quality Hotel\" \/>\n<meta property=\"article:publisher\" content=\"https:\/\/www.facebook.com\/delreyfozhotel\" \/>\n<meta property=\"article:published_time\" content=\"2020-08-13T19:56:04+00:00\" \/>\n<meta property=\"og:image\" content=\"https:\/\/www.hoteldelreyfoz.com\/wp-content\/uploads\/2020\/08\/prefeito-chico-brasileiro-jaime-mendes.jpeg\" \/>\n\t<meta property=\"og:image:width\" content=\"1280\" \/>\n\t<meta property=\"og:image:height\" content=\"853\" \/>\n\t<meta property=\"og:image:type\" content=\"image\/jpeg\" \/>\n<meta name=\"author\" content=\"Jaime Mendes\" \/>\n<meta name=\"twitter:card\" content=\"summary_large_image\" \/>\n<meta name=\"twitter:title\" content=\"Selo de Ambiente Protegido em Foz do Igua\u00e7u - Del Rey Quality Hotel\" \/>\n<meta name=\"twitter:description\" content=\"O Hotel Del Rey Quality, de Foz do Igua\u00e7u, recebeu nesta quinta-feira (13), a certifica\u00e7\u00e3o de responsabilidade sanit\u00e1ria e Selo de Ambiente Protegido.\" \/>\n<meta name=\"twitter:image\" content=\"https:\/\/www.hoteldelreyfoz.com\/wp-content\/uploads\/2020\/08\/prefeito-chico-brasileiro-jaime-mendes.jpeg\" \/>\n<meta name=\"twitter:label1\" content=\"Escrito por\" \/>\n\t<meta name=\"twitter:data1\" content=\"\" \/>\n\t<meta name=\"twitter:label2\" content=\"Est. tempo de leitura\" \/>\n\t<meta name=\"twitter:data2\" content=\"3 minutos\" \/>\n<script type=\"application\/ld+json\" class=\"yoast-schema-graph\">{\"@context\":\"https:\/\/schema.org\",\"@graph\":[{\"@type\":\"Article\",\"@id\":\"https:\/\/www.hoteldelreyfoz.com\/blog\/selo-de-ambiente-protegido-em-foz-do-iguacu\/#article\",\"isPartOf\":{\"@id\":\"https:\/\/www.hoteldelreyfoz.com\/blog\/selo-de-ambiente-protegido-em-foz-do-iguacu\/\"},\"author\":{\"name\":\"Jaime Mendes\",\"@id\":\"https:\/\/www.hoteldelreyfoz.com\/#\/schema\/person\/7ea55b17cae3e4b8de28d979ce955c9b\"},\"headline\":\"Selo de Ambiente Protegido em Foz do Igua\u00e7u\",\"datePublished\":\"2020-08-13T19:56:04+00:00\",\"dateModified\":\"2020-08-13T19:56:04+00:00\",\"mainEntityOfPage\":{\"@id\":\"https:\/\/www.hoteldelreyfoz.com\/blog\/selo-de-ambiente-protegido-em-foz-do-iguacu\/\"},\"wordCount\":634,\"publisher\":{\"@id\":\"https:\/\/www.hoteldelreyfoz.com\/#organization\"},\"keywords\":[\"COVID-19\",\"Hotel Qualificado\",\"Pandemia\",\"Selo de Ambiente Seguro\"],\"articleSection\":[\"O Hotel\"],\"inLanguage\":\"pt-BR\"},{\"@type\":\"WebPage\",\"@id\":\"https:\/\/www.hoteldelreyfoz.com\/blog\/selo-de-ambiente-protegido-em-foz-do-iguacu\/\",\"url\":\"https:\/\/www.hoteldelreyfoz.com\/blog\/selo-de-ambiente-protegido-em-foz-do-iguacu\/\",\"name\":\"Selo de Ambiente Protegido em Foz do Igua\u00e7u - Del Rey Quality Hotel\",\"isPartOf\":{\"@id\":\"https:\/\/www.hoteldelreyfoz.com\/#website\"},\"datePublished\":\"2020-08-13T19:56:04+00:00\",\"dateModified\":\"2020-08-13T19:56:04+00:00\",\"description\":\"O Hotel Del Rey Quality, de Foz do Igua\u00e7u, recebeu nesta quinta-feira (13), a certifica\u00e7\u00e3o de responsabilidade sanit\u00e1ria e Selo de Ambiente Protegido.\",\"breadcrumb\":{\"@id\":\"https:\/\/www.hoteldelreyfoz.com\/blog\/selo-de-ambiente-protegido-em-foz-do-iguacu\/#breadcrumb\"},\"inLanguage\":\"pt-BR\",\"potentialAction\":[{\"@type\":\"ReadAction\",\"target\":[\"https:\/\/www.hoteldelreyfoz.com\/blog\/selo-de-ambiente-protegido-em-foz-do-iguacu\/\"]}]},{\"@type\":\"BreadcrumbList\",\"@id\":\"https:\/\/www.hoteldelreyfoz.com\/blog\/selo-de-ambiente-protegido-em-foz-do-iguacu\/#breadcrumb\",\"itemListElement\":[{\"@type\":\"ListItem\",\"position\":1,\"name\":\"In\u00edcio\",\"item\":\"https:\/\/www.hoteldelreyfoz.com\/en\/\"},{\"@type\":\"ListItem\",\"position\":2,\"name\":\"Selo de Ambiente Protegido em Foz do Igua\u00e7u\"}]},{\"@type\":\"WebSite\",\"@id\":\"https:\/\/www.hoteldelreyfoz.com\/#website\",\"url\":\"https:\/\/www.hoteldelreyfoz.com\/\",\"name\":\"Del Rey Quality Hotel\",\"description\":\"Hotel em Foz do Igua\u00e7u com pre\u00e7os acess\u00edveis, quartos amplos e localiza\u00e7\u00e3o no Centro, perto de tudo. Reserve pelo nosso site com desconto!\",\"publisher\":{\"@id\":\"https:\/\/www.hoteldelreyfoz.com\/#organization\"},\"potentialAction\":[{\"@type\":\"SearchAction\",\"target\":{\"@type\":\"EntryPoint\",\"urlTemplate\":\"https:\/\/www.hoteldelreyfoz.com\/?s={search_term_string}\"},\"query-input\":\"required name=search_term_string\"}],\"inLanguage\":\"pt-BR\"},{\"@type\":\"Organization\",\"@id\":\"https:\/\/www.hoteldelreyfoz.com\/#organization\",\"name\":\"Del Rey Quality Hotel\",\"url\":\"https:\/\/www.hoteldelreyfoz.com\/\",\"logo\":{\"@type\":\"ImageObject\",\"inLanguage\":\"pt-BR\",\"@id\":\"https:\/\/www.hoteldelreyfoz.com\/#\/schema\/logo\/image\/\",\"url\":\"https:\/\/www.hoteldelreyfoz.com.br\/wp-content\/uploads\/2021\/09\/delrey.png\",\"contentUrl\":\"https:\/\/www.hoteldelreyfoz.com.br\/wp-content\/uploads\/2021\/09\/delrey.png\",\"width\":225,\"height\":224,\"caption\":\"Del Rey Quality Hotel\"},\"image\":{\"@id\":\"https:\/\/www.hoteldelreyfoz.com\/#\/schema\/logo\/image\/\"},\"sameAs\":[\"https:\/\/www.facebook.com\/delreyfozhotel\",\"https:\/\/www.instagram.com\/delreyfoz\/\",\"https:\/\/www.youtube.com\/channel\/UCSBntO46TaFRFMvuxjJBS_w\"]},{\"@type\":\"Person\",\"@id\":\"https:\/\/www.hoteldelreyfoz.com\/#\/schema\/person\/7ea55b17cae3e4b8de28d979ce955c9b\",\"name\":\"Jaime Mendes\"}]}<\/script>\n<!-- \/ Yoast SEO plugin. -->",
    "yoast_head_json": {
        "title": "Selo de Ambiente Protegido em Foz do Igua\u00e7u - Del Rey Quality Hotel",
        "description": "O Hotel Del Rey Quality, de Foz do Igua\u00e7u, recebeu nesta quinta-feira (13), a certifica\u00e7\u00e3o de responsabilidade sanit\u00e1ria e Selo de Ambiente Protegido.",
        "robots": {
            "index": "index",
            "follow": "follow",
            "max-snippet": "max-snippet:-1",
            "max-image-preview": "max-image-preview:large",
            "max-video-preview": "max-video-preview:-1"
        },
        "canonical": "https:\/\/www.hoteldelreyfoz.com\/pt_br\/blog\/selo-de-ambiente-protegido-em-foz-do-iguacu\/",
        "og_locale": "pt_BR",
        "og_type": "article",
        "og_title": "Selo de Ambiente Protegido em Foz do Igua\u00e7u - Del Rey Quality Hotel",
        "og_description": "O Hotel Del Rey Quality, de Foz do Igua\u00e7u, recebeu nesta quinta-feira (13), a certifica\u00e7\u00e3o de responsabilidade sanit\u00e1ria e Selo de Ambiente Protegido.",
        "og_url": "https:\/\/www.hoteldelreyfoz.com\/pt_br\/blog\/selo-de-ambiente-protegido-em-foz-do-iguacu\/",
        "og_site_name": "Del Rey Quality Hotel",
        "article_publisher": "https:\/\/www.facebook.com\/delreyfozhotel",
        "article_published_time": "2020-08-13T19:56:04+00:00",
        "og_image": [
            {
                "width": 1280,
                "height": 853,
                "url": "https:\/\/www.hoteldelreyfoz.com\/wp-content\/uploads\/2020\/08\/prefeito-chico-brasileiro-jaime-mendes.jpeg",
                "type": "image\/jpeg"
            }
        ],
        "author": "Jaime Mendes",
        "twitter_card": "summary_large_image",
        "twitter_title": "Selo de Ambiente Protegido em Foz do Igua\u00e7u - Del Rey Quality Hotel",
        "twitter_description": "O Hotel Del Rey Quality, de Foz do Igua\u00e7u, recebeu nesta quinta-feira (13), a certifica\u00e7\u00e3o de responsabilidade sanit\u00e1ria e Selo de Ambiente Protegido.",
        "twitter_image": "https:\/\/www.hoteldelreyfoz.com\/wp-content\/uploads\/2020\/08\/prefeito-chico-brasileiro-jaime-mendes.jpeg",
        "twitter_misc": {
            "Escrito por": false,
            "Est. tempo de leitura": "3 minutos"
        },
        "schema": {
            "@context": "https:\/\/schema.org",
            "@graph": [
                {
                    "@type": "Article",
                    "@id": "https:\/\/www.hoteldelreyfoz.com\/blog\/selo-de-ambiente-protegido-em-foz-do-iguacu\/#article",
                    "isPartOf": {
                        "@id": "https:\/\/www.hoteldelreyfoz.com\/blog\/selo-de-ambiente-protegido-em-foz-do-iguacu\/"
                    },
                    "author": {
                        "name": "Jaime Mendes",
                        "@id": "https:\/\/www.hoteldelreyfoz.com\/#\/schema\/person\/7ea55b17cae3e4b8de28d979ce955c9b"
                    },
                    "headline": "Selo de Ambiente Protegido em Foz do Igua\u00e7u",
                    "datePublished": "2020-08-13T19:56:04+00:00",
                    "dateModified": "2020-08-13T19:56:04+00:00",
                    "mainEntityOfPage": {
                        "@id": "https:\/\/www.hoteldelreyfoz.com\/blog\/selo-de-ambiente-protegido-em-foz-do-iguacu\/"
                    },
                    "wordCount": 634,
                    "publisher": {
                        "@id": "https:\/\/www.hoteldelreyfoz.com\/#organization"
                    },
                    "keywords": [
                        "COVID-19",
                        "Hotel Qualificado",
                        "Pandemia",
                        "Selo de Ambiente Seguro"
                    ],
                    "articleSection": [
                        "O Hotel"
                    ],
                    "inLanguage": "pt-BR"
                },
                {
                    "@type": "WebPage",
                    "@id": "https:\/\/www.hoteldelreyfoz.com\/blog\/selo-de-ambiente-protegido-em-foz-do-iguacu\/",
                    "url": "https:\/\/www.hoteldelreyfoz.com\/blog\/selo-de-ambiente-protegido-em-foz-do-iguacu\/",
                    "name": "Selo de Ambiente Protegido em Foz do Igua\u00e7u - Del Rey Quality Hotel",
                    "isPartOf": {
                        "@id": "https:\/\/www.hoteldelreyfoz.com\/#website"
                    },
                    "datePublished": "2020-08-13T19:56:04+00:00",
                    "dateModified": "2020-08-13T19:56:04+00:00",
                    "description": "O Hotel Del Rey Quality, de Foz do Igua\u00e7u, recebeu nesta quinta-feira (13), a certifica\u00e7\u00e3o de responsabilidade sanit\u00e1ria e Selo de Ambiente Protegido.",
                    "breadcrumb": {
                        "@id": "https:\/\/www.hoteldelreyfoz.com\/blog\/selo-de-ambiente-protegido-em-foz-do-iguacu\/#breadcrumb"
                    },
                    "inLanguage": "pt-BR",
                    "potentialAction": [
                        {
                            "@type": "ReadAction",
                            "target": [
                                "https:\/\/www.hoteldelreyfoz.com\/blog\/selo-de-ambiente-protegido-em-foz-do-iguacu\/"
                            ]
                        }
                    ]
                },
                {
                    "@type": "BreadcrumbList",
                    "@id": "https:\/\/www.hoteldelreyfoz.com\/blog\/selo-de-ambiente-protegido-em-foz-do-iguacu\/#breadcrumb",
                    "itemListElement": [
                        {
                            "@type": "ListItem",
                            "position": 1,
                            "name": "In\u00edcio",
                            "item": "https:\/\/www.hoteldelreyfoz.com\/en\/"
                        },
                        {
                            "@type": "ListItem",
                            "position": 2,
                            "name": "Selo de Ambiente Protegido em Foz do Igua\u00e7u"
                        }
                    ]
                },
                {
                    "@type": "WebSite",
                    "@id": "https:\/\/www.hoteldelreyfoz.com\/#website",
                    "url": "https:\/\/www.hoteldelreyfoz.com\/",
                    "name": "Del Rey Quality Hotel",
                    "description": "Hotel em Foz do Igua\u00e7u com pre\u00e7os acess\u00edveis, quartos amplos e localiza\u00e7\u00e3o no Centro, perto de tudo. Reserve pelo nosso site com desconto!",
                    "publisher": {
                        "@id": "https:\/\/www.hoteldelreyfoz.com\/#organization"
                    },
                    "potentialAction": [
                        {
                            "@type": "SearchAction",
                            "target": {
                                "@type": "EntryPoint",
                                "urlTemplate": "https:\/\/www.hoteldelreyfoz.com\/?s={search_term_string}"
                            },
                            "query-input": "required name=search_term_string"
                        }
                    ],
                    "inLanguage": "pt-BR"
                },
                {
                    "@type": "Organization",
                    "@id": "https:\/\/www.hoteldelreyfoz.com\/#organization",
                    "name": "Del Rey Quality Hotel",
                    "url": "https:\/\/www.hoteldelreyfoz.com\/",
                    "logo": {
                        "@type": "ImageObject",
                        "inLanguage": "pt-BR",
                        "@id": "https:\/\/www.hoteldelreyfoz.com\/#\/schema\/logo\/image\/",
                        "url": "https:\/\/www.hoteldelreyfoz.com.br\/wp-content\/uploads\/2021\/09\/delrey.png",
                        "contentUrl": "https:\/\/www.hoteldelreyfoz.com.br\/wp-content\/uploads\/2021\/09\/delrey.png",
                        "width": 225,
                        "height": 224,
                        "caption": "Del Rey Quality Hotel"
                    },
                    "image": {
                        "@id": "https:\/\/www.hoteldelreyfoz.com\/#\/schema\/logo\/image\/"
                    },
                    "sameAs": [
                        "https:\/\/www.facebook.com\/delreyfozhotel",
                        "https:\/\/www.instagram.com\/delreyfoz\/",
                        "https:\/\/www.youtube.com\/channel\/UCSBntO46TaFRFMvuxjJBS_w"
                    ]
                },
                {
                    "@type": "Person",
                    "@id": "https:\/\/www.hoteldelreyfoz.com\/#\/schema\/person\/7ea55b17cae3e4b8de28d979ce955c9b",
                    "name": "Jaime Mendes"
                }
            ]
        }
    },
    "_links": {
        "self": [
            {
                "href": "https:\/\/www.hoteldelreyfoz.com\/pt_br\/wp-json\/wp\/v2\/posts\/12460"
            }
        ],
        "collection": [
            {
                "href": "https:\/\/www.hoteldelreyfoz.com\/pt_br\/wp-json\/wp\/v2\/posts"
            }
        ],
        "about": [
            {
                "href": "https:\/\/www.hoteldelreyfoz.com\/pt_br\/wp-json\/wp\/v2\/types\/post"
            }
        ],
        "author": [
            {
                "embeddable": true,
                "href": "https:\/\/www.hoteldelreyfoz.com\/pt_br\/wp-json\/wp\/v2\/users\/2"
            }
        ],
        "replies": [
            {
                "embeddable": true,
                "href": "https:\/\/www.hoteldelreyfoz.com\/pt_br\/wp-json\/wp\/v2\/comments?post=12460"
            }
        ],
        "version-history": [
            {
                "count": 0,
                "href": "https:\/\/www.hoteldelreyfoz.com\/pt_br\/wp-json\/wp\/v2\/posts\/12460\/revisions"
            }
        ],
        "wp:featuredmedia": [
            {
                "embeddable": true,
                "href": "https:\/\/www.hoteldelreyfoz.com\/pt_br\/wp-json\/wp\/v2\/media\/12463"
            }
        ],
        "wp:attachment": [
            {
                "href": "https:\/\/www.hoteldelreyfoz.com\/pt_br\/wp-json\/wp\/v2\/media?parent=12460"
            }
        ],
        "wp:term": [
            {
                "taxonomy": "category",
                "embeddable": true,
                "href": "https:\/\/www.hoteldelreyfoz.com\/pt_br\/wp-json\/wp\/v2\/categories?post=12460"
            },
            {
                "taxonomy": "post_tag",
                "embeddable": true,
                "href": "https:\/\/www.hoteldelreyfoz.com\/pt_br\/wp-json\/wp\/v2\/tags?post=12460"
            }
        ],
        "curies": [
            {
                "name": "wp",
                "href": "https:\/\/api.w.org\/{rel}",
                "templated": true
            }
        ]
    }
}