{
    "id": 19855,
    "date": "2022-02-21T15:21:39",
    "date_gmt": "2022-02-21T18:21:39",
    "guid": {
        "rendered": "https:\/\/www.hoteldelreyfoz.com\/?page_id=19855"
    },
    "modified": "2025-12-04T18:53:02",
    "modified_gmt": "2025-12-04T21:53:02",
    "slug": "experiencias-em-foz-do-iguacu",
    "status": "publish",
    "type": "page",
    "link": "https:\/\/www.hoteldelreyfoz.com\/pt_br\/experiencias-em-foz-do-iguacu\/",
    "title": {
        "rendered": "Experi\u00eancias em Foz do Igua\u00e7u"
    },
    "content": {
        "rendered": "<div data-elementor-type=\"wp-page\" data-elementor-id=\"19855\" class=\"elementor elementor-19855\">\n\t\t\t\t\t\t\t\t\t<section class=\"elementor-section elementor-top-section elementor-element elementor-element-8e9597b elementor-section-height-min-height elementor-section-boxed elementor-section-height-default elementor-section-items-middle\" data-id=\"8e9597b\" data-element_type=\"section\" data-settings=\"{&quot;background_background&quot;:&quot;classic&quot;}\">\n\t\t\t\t\t\t\t<div class=\"elementor-background-overlay\"><\/div>\n\t\t\t\t\t\t\t<div class=\"elementor-container elementor-column-gap-default\">\n\t\t\t\t\t<div class=\"elementor-column elementor-col-100 elementor-top-column elementor-element elementor-element-83efe1e\" data-id=\"83efe1e\" data-element_type=\"column\" data-settings=\"{&quot;background_background&quot;:&quot;classic&quot;}\">\n\t\t\t<div class=\"elementor-widget-wrap elementor-element-populated\">\n\t\t\t\t\t\t\t\t<div class=\"elementor-element elementor-element-ecc84c5 elementor-widget elementor-widget-heading\" data-id=\"ecc84c5\" data-element_type=\"widget\" data-widget_type=\"heading.default\">\n\t\t\t\t<div class=\"elementor-widget-container\">\n\t\t\t<h1 class=\"elementor-heading-title elementor-size-default\">Live <strong>extraordinary<\/strong> and <strong>unforgettable<\/strong> experiences in Foz do Igua\u00e7u<\/h1>\t\t<\/div>\n\t\t\t\t<\/div>\n\t\t\t\t\t<\/div>\n\t\t<\/div>\n\t\t\t\t\t\t\t<\/div>\n\t\t<\/section>\n\t\t\t\t<section class=\"elementor-section elementor-top-section elementor-element elementor-element-b8ef4a0 elementor-section-height-min-height elementor-section-boxed elementor-section-height-default elementor-section-items-middle elementor-invisible\" data-id=\"b8ef4a0\" data-element_type=\"section\" data-settings=\"{&quot;background_background&quot;:&quot;classic&quot;,&quot;animation&quot;:&quot;fadeInUp&quot;}\">\n\t\t\t\t\t\t<div class=\"elementor-container elementor-column-gap-default\">\n\t\t\t\t\t<div class=\"elementor-column elementor-col-100 elementor-top-column elementor-element elementor-element-77f814c\" data-id=\"77f814c\" data-element_type=\"column\">\n\t\t\t<div class=\"elementor-widget-wrap elementor-element-populated\">\n\t\t\t\t\t\t\t\t<div class=\"elementor-element elementor-element-6974d02 elementor-widget elementor-widget-heading\" data-id=\"6974d02\" data-element_type=\"widget\" data-widget_type=\"heading.default\">\n\t\t\t\t<div class=\"elementor-widget-container\">\n\t\t\t<h2 class=\"elementor-heading-title elementor-size-default\">Bem vindo \u00e0 exclusiva experi\u00eancia natural de Foz do Igua\u00e7u<\/h2>\t\t<\/div>\n\t\t\t\t<\/div>\n\t\t\t\t<div class=\"elementor-element elementor-element-7758a0e elementor-widget elementor-widget-text-editor\" data-id=\"7758a0e\" data-element_type=\"widget\" data-widget_type=\"text-editor.default\">\n\t\t\t\t<div class=\"elementor-widget-container\">\n\t\t\t\t\t\t\t<p>Prepare-se para embarcar em uma experi\u00eancia extraordin\u00e1ria e exclusiva, dentro e fora do Parque Nacional do Igua\u00e7u. A exuber\u00e2ncia da floresta tropical \u00e9 um convite para se conectar \u00e0s sensa\u00e7\u00f5es naturais e se aventurar pelas trilhas repletas de vida selvagem, uma oportunidade de conhecer melhor a fauna e a flora brasileira. Memor\u00e1vel tamb\u00e9m \u00e9 o passeio com barco pelas corredeiras do rio at\u00e9 as lindas quedas das Cataratas do Igua\u00e7u, eleita uma das 7 Maravilhas Naturais do Mundo. Tamb\u00e9m \u00e9 poss\u00edvel sobrevo\u00e1-las de um helic\u00f3ptero. Com certeza, a vista do c\u00e9u ficar\u00e1 para sempre em sua mem\u00f3ria!<\/p>\t\t\t\t\t\t<\/div>\n\t\t\t\t<\/div>\n\t\t\t\t\t<\/div>\n\t\t<\/div>\n\t\t\t\t\t\t\t<\/div>\n\t\t<\/section>\n\t\t\t\t<section class=\"elementor-section elementor-top-section elementor-element elementor-element-8e8fd0b elementor-section-full_width elementor-section-height-default elementor-section-height-default\" data-id=\"8e8fd0b\" data-element_type=\"section\">\n\t\t\t\t\t\t<div class=\"elementor-container elementor-column-gap-default\">\n\t\t\t\t\t<div class=\"elementor-column elementor-col-50 elementor-top-column elementor-element elementor-element-3d3a19d elementor-invisible\" data-id=\"3d3a19d\" data-element_type=\"column\" data-settings=\"{&quot;background_background&quot;:&quot;classic&quot;,&quot;animation&quot;:&quot;fadeInLeft&quot;}\">\n\t\t\t<div class=\"elementor-widget-wrap elementor-element-populated\">\n\t\t\t\t\t\t\t\t<div class=\"elementor-element elementor-element-84f6cc6 elementor-widget elementor-widget-heading\" data-id=\"84f6cc6\" data-element_type=\"widget\" data-widget_type=\"heading.default\">\n\t\t\t\t<div class=\"elementor-widget-container\">\n\t\t\t<h3 class=\"elementor-heading-title elementor-size-default\">Descubra as Cataratas do Igua\u00e7u!<\/h3>\t\t<\/div>\n\t\t\t\t<\/div>\n\t\t\t\t<div class=\"elementor-element elementor-element-b589301 elementor-widget elementor-widget-text-editor\" data-id=\"b589301\" data-element_type=\"widget\" data-widget_type=\"text-editor.default\">\n\t\t\t\t<div class=\"elementor-widget-container\">\n\t\t\t\t\t\t\tSinta a energia das Cataratas do Igua\u00e7u, contemplando suas grandes quedas de \u00e1gua e apreciando o efeito terap\u00eautico que elas nos trazem. Ao caminhar pela floresta, na Trilha das Cataratas, \u00e9 poss\u00edvel ouvir o som da \u00e1gua correndo pelas pedras. Cientificamente, isso faz um bem enorme para a sa\u00fade. A outra forma espetacular de sentir sua grandeza e magia  \u00e9 do c\u00e9u. De dentro de um helic\u00f3ptero, voc\u00ea ver\u00e1 o gigante Parque Nacional e recortes do Rio Igua\u00e7u trilhando a floresta at\u00e9 chegar \u00e0s lindas quedas. S\u00e3o 275 saltos e o maior deles, com 80 metros de altura, \u00e9 a Garganta do Diabo. O espet\u00e1culo, que re\u00fane cen\u00e1rios naturais em \u00e2ngulos incomuns aos nossos olhos, \u00e9 digno de cart\u00e3o postal.\t\t\t\t\t\t<\/div>\n\t\t\t\t<\/div>\n\t\t\t\t\t<\/div>\n\t\t<\/div>\n\t\t\t\t<div class=\"elementor-column elementor-col-50 elementor-top-column elementor-element elementor-element-542bb5d elementor-invisible\" data-id=\"542bb5d\" data-element_type=\"column\" data-settings=\"{&quot;background_background&quot;:&quot;classic&quot;,&quot;animation&quot;:&quot;fadeInRight&quot;}\">\n\t\t\t<div class=\"elementor-widget-wrap elementor-element-populated\">\n\t\t\t\t\t\t\t\t<div class=\"elementor-element elementor-element-133c3a9 elementor-widget elementor-widget-spacer\" data-id=\"133c3a9\" data-element_type=\"widget\" data-widget_type=\"spacer.default\">\n\t\t\t\t<div class=\"elementor-widget-container\">\n\t\t\t\t\t<div class=\"elementor-spacer\">\n\t\t\t<div class=\"elementor-spacer-inner\"><\/div>\n\t\t<\/div>\n\t\t\t\t<\/div>\n\t\t\t\t<\/div>\n\t\t\t\t\t<\/div>\n\t\t<\/div>\n\t\t\t\t\t\t\t<\/div>\n\t\t<\/section>\n\t\t\t\t<section class=\"elementor-section elementor-top-section elementor-element elementor-element-a76c821 elementor-section-full_width elementor-section-height-default elementor-section-height-default\" data-id=\"a76c821\" data-element_type=\"section\">\n\t\t\t\t\t\t<div class=\"elementor-container elementor-column-gap-default\">\n\t\t\t\t\t<div class=\"elementor-column elementor-col-50 elementor-top-column elementor-element elementor-element-a8801db elementor-invisible\" data-id=\"a8801db\" data-element_type=\"column\" data-settings=\"{&quot;background_background&quot;:&quot;classic&quot;,&quot;animation&quot;:&quot;fadeInLeft&quot;}\">\n\t\t\t<div class=\"elementor-widget-wrap elementor-element-populated\">\n\t\t\t\t\t\t\t\t<div class=\"elementor-element elementor-element-9c68ad2 elementor-widget elementor-widget-spacer\" data-id=\"9c68ad2\" data-element_type=\"widget\" data-widget_type=\"spacer.default\">\n\t\t\t\t<div class=\"elementor-widget-container\">\n\t\t\t\t\t<div class=\"elementor-spacer\">\n\t\t\t<div class=\"elementor-spacer-inner\"><\/div>\n\t\t<\/div>\n\t\t\t\t<\/div>\n\t\t\t\t<\/div>\n\t\t\t\t\t<\/div>\n\t\t<\/div>\n\t\t\t\t<div class=\"elementor-column elementor-col-50 elementor-top-column elementor-element elementor-element-10a3624 elementor-invisible\" data-id=\"10a3624\" data-element_type=\"column\" data-settings=\"{&quot;background_background&quot;:&quot;classic&quot;,&quot;animation&quot;:&quot;fadeInRight&quot;}\">\n\t\t\t<div class=\"elementor-widget-wrap elementor-element-populated\">\n\t\t\t\t\t\t\t\t<div class=\"elementor-element elementor-element-0c85db0 elementor-widget elementor-widget-heading\" data-id=\"0c85db0\" data-element_type=\"widget\" data-widget_type=\"heading.default\">\n\t\t\t\t<div class=\"elementor-widget-container\">\n\t\t\t<h3 class=\"elementor-heading-title elementor-size-default\">Viva seu lado mais Radical em Foz!<\/h3>\t\t<\/div>\n\t\t\t\t<\/div>\n\t\t\t\t<div class=\"elementor-element elementor-element-948b5f6 elementor-widget elementor-widget-text-editor\" data-id=\"948b5f6\" data-element_type=\"widget\" data-widget_type=\"text-editor.default\">\n\t\t\t\t<div class=\"elementor-widget-container\">\n\t\t\t\t\t\t\t<p><span style=\"font-weight: 400;\">Se voc\u00ea \u00e9 amante de aventura e quer ter ainda mais emo\u00e7\u00e3o ao explorar a natureza de Foz, arrisque-se no skydive ou nos tours de ecoesporte, \u00e0s margens do Rio Iguacu. D\u00e1 pra descer pelas corredeiras de rafting, caiaque, canoa ou stand up paddle. H\u00e1 trajetos <\/span><span style=\"font-weight: 400;\">do Aguaray que come\u00e7am com a Trilha Ecol\u00f3gica do \u00cdndio, com informa\u00e7\u00f5es sobre a Mata Atl\u00e2ntica e o bioma, at\u00e9 o in\u00edcio da remada<\/span><span style=\"font-weight: 400;\">. O barco bimotor Macuco Safari \u00e9 outra forma radical e diferente de contemplar as Cataratas. A aventura come\u00e7a com um jipe pela floresta, caminhadas por passarelas suspensas e ent\u00e3o a descida pelas corredeiras at\u00e9 as quedas.<\/span><\/p>\t\t\t\t\t\t<\/div>\n\t\t\t\t<\/div>\n\t\t\t\t\t<\/div>\n\t\t<\/div>\n\t\t\t\t\t\t\t<\/div>\n\t\t<\/section>\n\t\t\t\t<section class=\"elementor-section elementor-top-section elementor-element elementor-element-fa049ad elementor-section-full_width elementor-section-height-default elementor-section-height-default\" data-id=\"fa049ad\" data-element_type=\"section\">\n\t\t\t\t\t\t<div class=\"elementor-container elementor-column-gap-default\">\n\t\t\t\t\t<div class=\"elementor-column elementor-col-50 elementor-top-column elementor-element elementor-element-1072cad elementor-invisible\" data-id=\"1072cad\" data-element_type=\"column\" data-settings=\"{&quot;background_background&quot;:&quot;classic&quot;,&quot;animation&quot;:&quot;fadeInLeft&quot;}\">\n\t\t\t<div class=\"elementor-widget-wrap elementor-element-populated\">\n\t\t\t\t\t\t\t\t<div class=\"elementor-element elementor-element-adb20ed elementor-widget elementor-widget-heading\" data-id=\"adb20ed\" data-element_type=\"widget\" data-widget_type=\"heading.default\">\n\t\t\t\t<div class=\"elementor-widget-container\">\n\t\t\t<h3 class=\"elementor-heading-title elementor-size-default\">Conhe\u00e7a a hist\u00f3ria pela grandiosidade de Itaipu!<\/h3>\t\t<\/div>\n\t\t\t\t<\/div>\n\t\t\t\t<div class=\"elementor-element elementor-element-e088a8b elementor-widget elementor-widget-text-editor\" data-id=\"e088a8b\" data-element_type=\"widget\" data-widget_type=\"text-editor.default\">\n\t\t\t\t<div class=\"elementor-widget-container\">\n\t\t\t\t\t\t\t<p><span style=\"font-weight: 400;\">A Itaipu Binacional, constru\u00edda no Rio Paran\u00e1, entre Brasil e Paraguai, \u00e9 a maior usina hidrel\u00e9trica em gera\u00e7\u00e3o de energia do mundo. <\/span><span style=\"font-weight: 400;\">A Usina Itaipu oferece diversos passeios tur\u00edsticos e \u00e9 uma oportunidade incr\u00edvel de contemplar esta constru\u00e7\u00e3o t\u00e3o inusitada<\/span><span style=\"font-weight: 400;\">, com 14.000 MW de pot\u00eancia, para produ\u00e7\u00e3o de 95 milh\u00f5es de kilowatts\/hora por ano. A capacidade do vertedouro \u00e9 de 62 mil m2\/s, o que corresponde a 40 vezes mais que a vaz\u00e3o de \u00e1gua das Cataratas do Igua\u00e7u, que j\u00e1 \u00e9 gigante. Por sua grandiosidade e import\u00e2ncia hist\u00f3rica, foi eleita uma das Sete Maravilhas do Mundo Moderno.<\/span><\/p>\t\t\t\t\t\t<\/div>\n\t\t\t\t<\/div>\n\t\t\t\t\t<\/div>\n\t\t<\/div>\n\t\t\t\t<div class=\"elementor-column elementor-col-50 elementor-top-column elementor-element elementor-element-aca8d16 elementor-invisible\" data-id=\"aca8d16\" data-element_type=\"column\" data-settings=\"{&quot;background_background&quot;:&quot;classic&quot;,&quot;animation&quot;:&quot;fadeInRight&quot;}\">\n\t\t\t<div class=\"elementor-widget-wrap elementor-element-populated\">\n\t\t\t\t\t\t\t\t<div class=\"elementor-element elementor-element-d548ab0 elementor-widget elementor-widget-spacer\" data-id=\"d548ab0\" data-element_type=\"widget\" data-widget_type=\"spacer.default\">\n\t\t\t\t<div class=\"elementor-widget-container\">\n\t\t\t\t\t<div class=\"elementor-spacer\">\n\t\t\t<div class=\"elementor-spacer-inner\"><\/div>\n\t\t<\/div>\n\t\t\t\t<\/div>\n\t\t\t\t<\/div>\n\t\t\t\t\t<\/div>\n\t\t<\/div>\n\t\t\t\t\t\t\t<\/div>\n\t\t<\/section>\n\t\t\t\t<section class=\"elementor-section elementor-top-section elementor-element elementor-element-fbe56da elementor-section-full_width elementor-section-height-default elementor-section-height-default\" data-id=\"fbe56da\" data-element_type=\"section\">\n\t\t\t\t\t\t<div class=\"elementor-container elementor-column-gap-default\">\n\t\t\t\t\t<div class=\"elementor-column elementor-col-50 elementor-top-column elementor-element elementor-element-f74b4a5 elementor-invisible\" data-id=\"f74b4a5\" data-element_type=\"column\" data-settings=\"{&quot;background_background&quot;:&quot;classic&quot;,&quot;animation&quot;:&quot;fadeInLeft&quot;}\">\n\t\t\t<div class=\"elementor-widget-wrap elementor-element-populated\">\n\t\t\t\t\t\t\t\t<div class=\"elementor-element elementor-element-745e26f elementor-widget elementor-widget-spacer\" data-id=\"745e26f\" data-element_type=\"widget\" data-widget_type=\"spacer.default\">\n\t\t\t\t<div class=\"elementor-widget-container\">\n\t\t\t\t\t<div class=\"elementor-spacer\">\n\t\t\t<div class=\"elementor-spacer-inner\"><\/div>\n\t\t<\/div>\n\t\t\t\t<\/div>\n\t\t\t\t<\/div>\n\t\t\t\t\t<\/div>\n\t\t<\/div>\n\t\t\t\t<div class=\"elementor-column elementor-col-50 elementor-top-column elementor-element elementor-element-2099f74 elementor-invisible\" data-id=\"2099f74\" data-element_type=\"column\" data-settings=\"{&quot;background_background&quot;:&quot;classic&quot;,&quot;animation&quot;:&quot;fadeInRight&quot;}\">\n\t\t\t<div class=\"elementor-widget-wrap elementor-element-populated\">\n\t\t\t\t\t\t\t\t<div class=\"elementor-element elementor-element-e6416f6 elementor-widget elementor-widget-heading\" data-id=\"e6416f6\" data-element_type=\"widget\" data-widget_type=\"heading.default\">\n\t\t\t\t<div class=\"elementor-widget-container\">\n\t\t\t<h3 class=\"elementor-heading-title elementor-size-default\">Explore a raridade da fauna no Parque das Aves!<\/h3>\t\t<\/div>\n\t\t\t\t<\/div>\n\t\t\t\t<div class=\"elementor-element elementor-element-12a005a elementor-widget elementor-widget-text-editor\" data-id=\"12a005a\" data-element_type=\"widget\" data-widget_type=\"text-editor.default\">\n\t\t\t\t<div class=\"elementor-widget-container\">\n\t\t\t\t\t\t\tPreparado para sentir v\u00f4os rasantes na cabe\u00e7a? No Parque das Aves, esta cena \u00e9 bastante comum. Assim como se deparar com grupos de flamingos, revoada de mais de 300 periquitos resgatados do tr\u00e1fico de animais e alimentar os tucanos. \u00c9 considerado o mais importante centro de reprodu\u00e7\u00e3o de p\u00e1ssaros na Am\u00e9rica do Sul, com 900 aves raras, de 150 esp\u00e9cies, em sua maioria nativas, dos 5 hectares da floresta subtropical, dentro do Parque Nacional do Igua\u00e7u. O show de movimento e cores continua no borbolet\u00e1rio, com 41 esp\u00e9cies o ano todo. O espa\u00e7o encanta milh\u00f5es de visitantes do mundo, porque acolhe milhares de animais e ajuda na conserva\u00e7\u00e3o de um bioma \u00fanico: a Mata Atl\u00e2ntica.\t\t\t\t\t\t<\/div>\n\t\t\t\t<\/div>\n\t\t\t\t\t<\/div>\n\t\t<\/div>\n\t\t\t\t\t\t\t<\/div>\n\t\t<\/section>\n\t\t\t\t<section class=\"elementor-section elementor-top-section elementor-element elementor-element-7db3316 elementor-section-full_width elementor-section-height-default elementor-section-height-default\" data-id=\"7db3316\" data-element_type=\"section\">\n\t\t\t\t\t\t<div class=\"elementor-container elementor-column-gap-default\">\n\t\t\t\t\t<div class=\"elementor-column elementor-col-50 elementor-top-column elementor-element elementor-element-bebe1b2 elementor-invisible\" data-id=\"bebe1b2\" data-element_type=\"column\" data-settings=\"{&quot;background_background&quot;:&quot;classic&quot;,&quot;animation&quot;:&quot;fadeInLeft&quot;}\">\n\t\t\t<div class=\"elementor-widget-wrap elementor-element-populated\">\n\t\t\t\t\t\t\t\t<div class=\"elementor-element elementor-element-713f3f6 elementor-widget elementor-widget-heading\" data-id=\"713f3f6\" data-element_type=\"widget\" data-widget_type=\"heading.default\">\n\t\t\t\t<div class=\"elementor-widget-container\">\n\t\t\t<h3 class=\"elementor-heading-title elementor-size-default\">Vivencie os aplausos ao p\u00f4r do sol no Marco das Tr\u00eas Fronteiras!<\/h3>\t\t<\/div>\n\t\t\t\t<\/div>\n\t\t\t\t<div class=\"elementor-element elementor-element-61a1cf5 elementor-widget elementor-widget-text-editor\" data-id=\"61a1cf5\" data-element_type=\"widget\" data-widget_type=\"text-editor.default\">\n\t\t\t\t<div class=\"elementor-widget-container\">\n\t\t\t\t\t\t\t<p>Foz tamb\u00e9m oferece essa marcante experi\u00eancia compartilhada por viajantes do mundo todo: aplausos ao p\u00f4r do sol. E o endere\u00e7o \u00e9 o Marco das Tr\u00eas Fronteiras, que faz divisa entre Brasil, Argentina e Paraguai. O espet\u00e1culo natural \u00e9 precedido por show cultural, que conta muito sobre os 400 anos de hist\u00f3ria dos tr\u00eas pa\u00edses. O lugar vai al\u00e9m de ser apenas um obelisco da Tr\u00edplice Fronteira, mas re\u00fane lind\u00edssima paisagem e boa gastronomia, com restaurantes e bares. Fica tudo ali, numa grande pra\u00e7a ao ar livre.<\/p>\t\t\t\t\t\t<\/div>\n\t\t\t\t<\/div>\n\t\t\t\t\t<\/div>\n\t\t<\/div>\n\t\t\t\t<div class=\"elementor-column elementor-col-50 elementor-top-column elementor-element elementor-element-eacaeb3 elementor-invisible\" data-id=\"eacaeb3\" data-element_type=\"column\" data-settings=\"{&quot;background_background&quot;:&quot;classic&quot;,&quot;animation&quot;:&quot;fadeInRight&quot;}\">\n\t\t\t<div class=\"elementor-widget-wrap elementor-element-populated\">\n\t\t\t\t\t\t\t\t<div class=\"elementor-element elementor-element-016131f elementor-widget elementor-widget-spacer\" data-id=\"016131f\" data-element_type=\"widget\" data-widget_type=\"spacer.default\">\n\t\t\t\t<div class=\"elementor-widget-container\">\n\t\t\t\t\t<div class=\"elementor-spacer\">\n\t\t\t<div class=\"elementor-spacer-inner\"><\/div>\n\t\t<\/div>\n\t\t\t\t<\/div>\n\t\t\t\t<\/div>\n\t\t\t\t\t<\/div>\n\t\t<\/div>\n\t\t\t\t\t\t\t<\/div>\n\t\t<\/section>\n\t\t\t\t<section class=\"elementor-section elementor-top-section elementor-element elementor-element-dade216 elementor-section-full_width elementor-section-height-default elementor-section-height-default\" data-id=\"dade216\" data-element_type=\"section\">\n\t\t\t\t\t\t<div class=\"elementor-container elementor-column-gap-default\">\n\t\t\t\t\t<div class=\"elementor-column elementor-col-50 elementor-top-column elementor-element elementor-element-d50a08c elementor-invisible\" data-id=\"d50a08c\" data-element_type=\"column\" data-settings=\"{&quot;background_background&quot;:&quot;classic&quot;,&quot;animation&quot;:&quot;fadeInLeft&quot;}\">\n\t\t\t<div class=\"elementor-widget-wrap elementor-element-populated\">\n\t\t\t\t\t\t\t\t<div class=\"elementor-element elementor-element-2a73e64 elementor-widget elementor-widget-spacer\" data-id=\"2a73e64\" data-element_type=\"widget\" data-widget_type=\"spacer.default\">\n\t\t\t\t<div class=\"elementor-widget-container\">\n\t\t\t\t\t<div class=\"elementor-spacer\">\n\t\t\t<div class=\"elementor-spacer-inner\"><\/div>\n\t\t<\/div>\n\t\t\t\t<\/div>\n\t\t\t\t<\/div>\n\t\t\t\t\t<\/div>\n\t\t<\/div>\n\t\t\t\t<div class=\"elementor-column elementor-col-50 elementor-top-column elementor-element elementor-element-b1956e9 elementor-invisible\" data-id=\"b1956e9\" data-element_type=\"column\" data-settings=\"{&quot;background_background&quot;:&quot;classic&quot;,&quot;animation&quot;:&quot;fadeInRight&quot;}\">\n\t\t\t<div class=\"elementor-widget-wrap elementor-element-populated\">\n\t\t\t\t\t\t\t\t<div class=\"elementor-element elementor-element-0b225d2 elementor-widget elementor-widget-heading\" data-id=\"0b225d2\" data-element_type=\"widget\" data-widget_type=\"heading.default\">\n\t\t\t\t<div class=\"elementor-widget-container\">\n\t\t\t<h3 class=\"elementor-heading-title elementor-size-default\">Esteja em 3 pa\u00edses da roda gigante mais alta da Am\u00e9rica Latina!<\/h3>\t\t<\/div>\n\t\t\t\t<\/div>\n\t\t\t\t<div class=\"elementor-element elementor-element-7a50fb8 elementor-widget elementor-widget-text-editor\" data-id=\"7a50fb8\" data-element_type=\"widget\" data-widget_type=\"text-editor.default\">\n\t\t\t\t<div class=\"elementor-widget-container\">\n\t\t\t\t\t\t\tEm Foz, voc\u00ea pode estar em tr\u00eas pa\u00edses ao mesmo tempo e do c\u00e9u! A roda gigante mais alta do Brasil e da Am\u00e9rica Latina, com 88 metros de altura, foi instalada l\u00e1 e oferece uma paisagem de tirar o f\u00f4lego. Da Yup Star d\u00e1 para ver a cidade toda de Foz, al\u00e9m dos territ\u00f3rios argentino e paraguaio. Enxergar a Ponte da Amizade, a Usina de Itaipu e a ponte do Paraguai-Argentina, em Puerto Iguaz\u00fa. A vista noturna \u00e9 um espet\u00e1culo \u00e0 parte.\t\t\t\t\t\t<\/div>\n\t\t\t\t<\/div>\n\t\t\t\t\t<\/div>\n\t\t<\/div>\n\t\t\t\t\t\t\t<\/div>\n\t\t<\/section>\n\t\t\t\t<section class=\"elementor-section elementor-top-section elementor-element elementor-element-6557924 elementor-section-full_width elementor-section-height-default elementor-section-height-default\" data-id=\"6557924\" data-element_type=\"section\">\n\t\t\t\t\t\t<div class=\"elementor-container elementor-column-gap-default\">\n\t\t\t\t\t<div class=\"elementor-column elementor-col-50 elementor-top-column elementor-element elementor-element-0dde436 elementor-invisible\" data-id=\"0dde436\" data-element_type=\"column\" data-settings=\"{&quot;background_background&quot;:&quot;classic&quot;,&quot;animation&quot;:&quot;fadeInLeft&quot;}\">\n\t\t\t<div class=\"elementor-widget-wrap elementor-element-populated\">\n\t\t\t\t\t\t\t\t<div class=\"elementor-element elementor-element-70b6463 elementor-widget elementor-widget-heading\" data-id=\"70b6463\" data-element_type=\"widget\" data-widget_type=\"heading.default\">\n\t\t\t\t<div class=\"elementor-widget-container\">\n\t\t\t<h3 class=\"elementor-heading-title elementor-size-default\">Relaxe e medite no templo budista Chen Tien de Foz!<\/h3>\t\t<\/div>\n\t\t\t\t<\/div>\n\t\t\t\t<div class=\"elementor-element elementor-element-96cbd1d elementor-widget elementor-widget-text-editor\" data-id=\"96cbd1d\" data-element_type=\"widget\" data-widget_type=\"text-editor.default\">\n\t\t\t\t<div class=\"elementor-widget-container\">\n\t\t\t\t\t\t\tFoz \u00e9 tamb\u00e9m destino para relaxar e ficar zen, oferecendo terapia florestal em meio \u00e0 biodiversidade da Mata Atl\u00e2ntica, para o equil\u00edbrio e sa\u00fade dos seus visitantes. No Templo Budista Chen Tien, que tem uma est\u00e1tua do Buda de 7 metros de altura, \u00e9 poss\u00edvel meditar do alto de uma paisagem incr\u00edvel, com vista do centro de Foz de Igua\u00e7u e tamb\u00e9m de Ciudad del Este, no Paraguai. A beleza do local permite um contato mais pr\u00f3ximo com a filosofia budista e propicia caminhadas silenciosas pelo templo, enquanto s\u00e3o contempladas est\u00e1tuas e jardins grandiosos.\t\t\t\t\t\t<\/div>\n\t\t\t\t<\/div>\n\t\t\t\t\t<\/div>\n\t\t<\/div>\n\t\t\t\t<div class=\"elementor-column elementor-col-50 elementor-top-column elementor-element elementor-element-f9bdafb elementor-invisible\" data-id=\"f9bdafb\" data-element_type=\"column\" data-settings=\"{&quot;background_background&quot;:&quot;classic&quot;,&quot;animation&quot;:&quot;fadeInRight&quot;}\">\n\t\t\t<div class=\"elementor-widget-wrap elementor-element-populated\">\n\t\t\t\t\t\t\t\t<div class=\"elementor-element elementor-element-d3ef0bb elementor-widget elementor-widget-spacer\" data-id=\"d3ef0bb\" data-element_type=\"widget\" data-widget_type=\"spacer.default\">\n\t\t\t\t<div class=\"elementor-widget-container\">\n\t\t\t\t\t<div class=\"elementor-spacer\">\n\t\t\t<div class=\"elementor-spacer-inner\"><\/div>\n\t\t<\/div>\n\t\t\t\t<\/div>\n\t\t\t\t<\/div>\n\t\t\t\t\t<\/div>\n\t\t<\/div>\n\t\t\t\t\t\t\t<\/div>\n\t\t<\/section>\n\t\t\t\t<section class=\"elementor-section elementor-top-section elementor-element elementor-element-2b43e5b elementor-section-full_width elementor-section-height-default elementor-section-height-default\" data-id=\"2b43e5b\" data-element_type=\"section\">\n\t\t\t\t\t\t<div class=\"elementor-container elementor-column-gap-default\">\n\t\t\t\t\t<div class=\"elementor-column elementor-col-50 elementor-top-column elementor-element elementor-element-e53de65 elementor-invisible\" data-id=\"e53de65\" data-element_type=\"column\" data-settings=\"{&quot;background_background&quot;:&quot;classic&quot;,&quot;animation&quot;:&quot;fadeInLeft&quot;}\">\n\t\t\t<div class=\"elementor-widget-wrap elementor-element-populated\">\n\t\t\t\t\t\t\t\t<div class=\"elementor-element elementor-element-f77be27 elementor-widget elementor-widget-spacer\" data-id=\"f77be27\" data-element_type=\"widget\" data-widget_type=\"spacer.default\">\n\t\t\t\t<div class=\"elementor-widget-container\">\n\t\t\t\t\t<div class=\"elementor-spacer\">\n\t\t\t<div class=\"elementor-spacer-inner\"><\/div>\n\t\t<\/div>\n\t\t\t\t<\/div>\n\t\t\t\t<\/div>\n\t\t\t\t\t<\/div>\n\t\t<\/div>\n\t\t\t\t<div class=\"elementor-column elementor-col-50 elementor-top-column elementor-element elementor-element-60213ce elementor-invisible\" data-id=\"60213ce\" data-element_type=\"column\" data-settings=\"{&quot;background_background&quot;:&quot;classic&quot;,&quot;animation&quot;:&quot;fadeInRight&quot;}\">\n\t\t\t<div class=\"elementor-widget-wrap elementor-element-populated\">\n\t\t\t\t\t\t\t\t<div class=\"elementor-element elementor-element-1b4dcd1 elementor-widget elementor-widget-heading\" data-id=\"1b4dcd1\" data-element_type=\"widget\" data-widget_type=\"heading.default\">\n\t\t\t\t<div class=\"elementor-widget-container\">\n\t\t\t<h3 class=\"elementor-heading-title elementor-size-default\">Aproveite a rica gastronomia internacional de Foz!<\/h3>\t\t<\/div>\n\t\t\t\t<\/div>\n\t\t\t\t<div class=\"elementor-element elementor-element-f4f40f1 elementor-widget elementor-widget-text-editor\" data-id=\"f4f40f1\" data-element_type=\"widget\" data-widget_type=\"text-editor.default\">\n\t\t\t\t<div class=\"elementor-widget-container\">\n\t\t\t\t\t\t\tImagine ter acesso a mais de 80 etnias de culin\u00e1rias numa \u00fanica cidade, com uma popula\u00e7\u00e3o estimada de 260 mil habitantes. Apesar de pequena, Foz oferece uma gastronomia internacional de dar inveja para muitas capitais brasileiras e mundiais. As culin\u00e1rias italiana, \u00e1rabe, japonesa, al\u00e9m de pizzarias e cafeterias podem ser apreciadas juntamente com os famosos vinhos da Tr\u00edplice Fronteira ou mesmo os vinhos argentinos. Existem lojas especializadas e degusta\u00e7\u00f5es diversas.\t\t\t\t\t\t<\/div>\n\t\t\t\t<\/div>\n\t\t\t\t\t<\/div>\n\t\t<\/div>\n\t\t\t\t\t\t\t<\/div>\n\t\t<\/section>\n\t\t\t\t<section class=\"elementor-section elementor-top-section elementor-element elementor-element-8aa0643 elementor-section-full_width elementor-section-height-default elementor-section-height-default\" data-id=\"8aa0643\" data-element_type=\"section\">\n\t\t\t\t\t\t<div class=\"elementor-container elementor-column-gap-default\">\n\t\t\t\t\t<div class=\"elementor-column elementor-col-50 elementor-top-column elementor-element elementor-element-4bd401a elementor-invisible\" data-id=\"4bd401a\" data-element_type=\"column\" data-settings=\"{&quot;background_background&quot;:&quot;classic&quot;,&quot;animation&quot;:&quot;fadeInLeft&quot;}\">\n\t\t\t<div class=\"elementor-widget-wrap elementor-element-populated\">\n\t\t\t\t\t\t\t\t<div class=\"elementor-element elementor-element-ad8418d elementor-widget elementor-widget-heading\" data-id=\"ad8418d\" data-element_type=\"widget\" data-widget_type=\"heading.default\">\n\t\t\t\t<div class=\"elementor-widget-container\">\n\t\t\t<h3 class=\"elementor-heading-title elementor-size-default\">Explore a experi\u00eancia de compras no Paraguai e Argentina!<\/h3>\t\t<\/div>\n\t\t\t\t<\/div>\n\t\t\t\t<div class=\"elementor-element elementor-element-bf03bcb elementor-widget elementor-widget-text-editor\" data-id=\"bf03bcb\" data-element_type=\"widget\" data-widget_type=\"text-editor.default\">\n\t\t\t\t<div class=\"elementor-widget-container\">\n\t\t\t\t\t\t\tQue tal acordar e tomar um bom caf\u00e9 da manh\u00e3 no Del Rey Quality Hotel, fazer \u00f3timas compras na Ciudad del Este com almo\u00e7o t\u00edpico do Paraguai, visitar um museu, feira de artesanato e esticar para um jantar na Argentina regado a um bom vinho? Em Foz, esta \u00e9 uma experi\u00eancia poss\u00edvel, devido a sua localiza\u00e7\u00e3o na Tr\u00edplice Fronteira. Por isso, o roteiro dos viajantes fica t\u00e3o rico e diversificado em Foz. \u00c9 poss\u00edvel ainda escolher fazer um tour de degusta\u00e7\u00e3o harmonizado em 3 diferentes vin\u00edcolas. Tudo isso em apenas alguns dias na cidade.\t\t\t\t\t\t<\/div>\n\t\t\t\t<\/div>\n\t\t\t\t\t<\/div>\n\t\t<\/div>\n\t\t\t\t<div class=\"elementor-column elementor-col-50 elementor-top-column elementor-element elementor-element-37faff5 elementor-invisible\" data-id=\"37faff5\" data-element_type=\"column\" data-settings=\"{&quot;background_background&quot;:&quot;classic&quot;,&quot;animation&quot;:&quot;fadeInRight&quot;}\">\n\t\t\t<div class=\"elementor-widget-wrap elementor-element-populated\">\n\t\t\t\t\t\t\t\t<div class=\"elementor-element elementor-element-9c2e411 elementor-widget elementor-widget-spacer\" data-id=\"9c2e411\" data-element_type=\"widget\" data-widget_type=\"spacer.default\">\n\t\t\t\t<div class=\"elementor-widget-container\">\n\t\t\t\t\t<div class=\"elementor-spacer\">\n\t\t\t<div class=\"elementor-spacer-inner\"><\/div>\n\t\t<\/div>\n\t\t\t\t<\/div>\n\t\t\t\t<\/div>\n\t\t\t\t\t<\/div>\n\t\t<\/div>\n\t\t\t\t\t\t\t<\/div>\n\t\t<\/section>\n\t\t\t\t<section class=\"elementor-section elementor-top-section elementor-element elementor-element-f878641 elementor-section-full_width elementor-section-height-default elementor-section-height-default\" data-id=\"f878641\" data-element_type=\"section\" data-settings=\"{&quot;background_background&quot;:&quot;classic&quot;}\">\n\t\t\t\t\t\t<div class=\"elementor-container elementor-column-gap-default\">\n\t\t\t\t\t<div class=\"elementor-column elementor-col-50 elementor-top-column elementor-element elementor-element-f177353 elementor-invisible\" data-id=\"f177353\" data-element_type=\"column\" data-settings=\"{&quot;background_background&quot;:&quot;slideshow&quot;,&quot;background_slideshow_gallery&quot;:[{&quot;id&quot;:16689,&quot;url&quot;:&quot;https:\\\/\\\/www.hoteldelreyfoz.com.br\\\/wp-content\\\/uploads\\\/2021\\\/07\\\/cafe-da-manha-22.jpg&quot;},{&quot;id&quot;:18412,&quot;url&quot;:&quot;https:\\\/\\\/www.hoteldelreyfoz.com.br\\\/wp-content\\\/uploads\\\/2021\\\/09\\\/41759f346243d3a6b5391ef059cd7ba0.piscina-home-1.jpg&quot;}],&quot;animation&quot;:&quot;fadeInLeft&quot;,&quot;background_slideshow_loop&quot;:&quot;yes&quot;,&quot;background_slideshow_slide_duration&quot;:5000,&quot;background_slideshow_slide_transition&quot;:&quot;fade&quot;,&quot;background_slideshow_transition_duration&quot;:500}\">\n\t\t\t<div class=\"elementor-widget-wrap elementor-element-populated\">\n\t\t\t\t\t\t\t\t<div class=\"elementor-element elementor-element-6dcfd6c elementor-widget elementor-widget-spacer\" data-id=\"6dcfd6c\" data-element_type=\"widget\" data-widget_type=\"spacer.default\">\n\t\t\t\t<div class=\"elementor-widget-container\">\n\t\t\t\t\t<div class=\"elementor-spacer\">\n\t\t\t<div class=\"elementor-spacer-inner\"><\/div>\n\t\t<\/div>\n\t\t\t\t<\/div>\n\t\t\t\t<\/div>\n\t\t\t\t\t<\/div>\n\t\t<\/div>\n\t\t\t\t<div class=\"elementor-column elementor-col-50 elementor-top-column elementor-element elementor-element-3b65894 elementor-invisible\" data-id=\"3b65894\" data-element_type=\"column\" data-settings=\"{&quot;background_background&quot;:&quot;classic&quot;,&quot;animation&quot;:&quot;fadeInRight&quot;}\">\n\t\t\t<div class=\"elementor-widget-wrap elementor-element-populated\">\n\t\t\t\t\t\t\t\t<div class=\"elementor-element elementor-element-d2e7630 elementor-widget elementor-widget-text-editor\" data-id=\"d2e7630\" data-element_type=\"widget\" data-widget_type=\"text-editor.default\">\n\t\t\t\t<div class=\"elementor-widget-container\">\n\t\t\t\t\t\t\t<p><span style=\"font-weight: 400;\">Come enjoy our <strong>special breakfast<\/strong> before starting your tour, and relax by the <strong>pool on our terrace<\/strong> until 9 PM<\/span><\/p><p>Nossos canais de atendimento s\u00e3o:<\/p>\t\t\t\t\t\t<\/div>\n\t\t\t\t<\/div>\n\t\t\t\t<div class=\"elementor-element elementor-element-3f45bb2 elementor-align-left elementor-mobile-align-left elementor-icon-list--layout-traditional elementor-list-item-link-full_width elementor-widget elementor-widget-icon-list\" data-id=\"3f45bb2\" data-element_type=\"widget\" data-widget_type=\"icon-list.default\">\n\t\t\t\t<div class=\"elementor-widget-container\">\n\t\t\t\t\t<ul class=\"elementor-icon-list-items\">\n\t\t\t\t\t\t\t<li class=\"elementor-icon-list-item\">\n\t\t\t\t\t\t\t\t\t\t\t<a href=\"https:\/\/api.whatsapp.com\/send?phone=554588341873\" target=\"_blank\" rel=\"nofollow\">\n\n\t\t\t\t\t\t\t\t\t\t\t\t<span class=\"elementor-icon-list-icon\">\n\t\t\t\t\t\t\t<svg xmlns=\"http:\/\/www.w3.org\/2000\/svg\" viewbox=\"0 0 52 52\"><g fill=\"#fff\"><path d=\"M26 0C11.7 0 0 11.7 0 26c0 4.9 1.4 9.6 3.9 13.8C2.9 43.4 1 50.2 1 50.3c-.1.4 0 .7.3 1s.6.3 1 .2l10.3-3.2c4 2.4 8.7 3.7 13.4 3.7 14.3 0 26-11.7 26-26S40.3 0 26 0zm0 50c-4.5 0-8.9-1.3-12.7-3.7-.2-.1-.3-.2-.5-.2h-.3l-9 2.8c.7-2.4 1.8-6.7 2.5-9.1.1-.3 0-.6-.1-.8C3.3 35.2 2 30.7 2 26 2 12.8 12.8 2 26 2s24 10.8 24 24-10.8 24-24 24z\"><\/path><path d=\"M43 32.1c-1.8-1-3.4-2.1-4.6-2.8-.9-.6-1.5-1-2-1.2-1.3-.6-2.3-.2-2.7.2 0 0-.1.1-.1.2-1.3 2-3.1 4-3.6 4.1-.6-.1-3.4-1.7-6.1-4-2.8-2.4-4.6-4.6-4.9-6.1 1.8-1.9 2.5-3 2.5-4.4 0-1.4-3.2-7.1-3.8-7.7-.6-.6-1.9-.7-3.9-.3-.2 0-.4.1-.5.3-.2.2-5.9 6-3.2 13.1 3 7.7 10.6 16.7 20.3 18.1 1.1.2 2.1.2 3.1.2 5.7 0 9.1-2.9 10-8.6.1-.5-.1-.9-.5-1.1zm-12.4 7.4C20.4 38 13.9 27.8 11.9 22.6c-2-5.1 1.7-9.7 2.6-10.7.7-.1 1.5-.2 1.8-.1.7.9 3 5.4 3.1 6.2 0 .5-.2 1.3-2.2 3.3-.1.2-.2.4-.2.7 0 5.2 11 12.5 13 12.5 1.7 0 3.9-2.9 5.2-4.7.1 0 .2 0 .4.1.4.2 1 .6 1.8 1.1 1 .7 2.4 1.6 4.1 2.5-.9 3.6-2.9 7.2-10.9 6z\"><\/path><\/g><\/svg>\t\t\t\t\t\t<\/span>\n\t\t\t\t\t\t\t\t\t\t<span class=\"elementor-icon-list-text\">+55 (45) 8834-1873<\/span>\n\t\t\t\t\t\t\t\t\t\t\t<\/a>\n\t\t\t\t\t\t\t\t\t<\/li>\n\t\t\t\t\t\t<\/ul>\n\t\t\t\t<\/div>\n\t\t\t\t<\/div>\n\t\t\t\t<div class=\"elementor-element elementor-element-a0e5f3f elementor-align-left elementor-mobile-align-left elementor-icon-list--layout-traditional elementor-list-item-link-full_width elementor-widget elementor-widget-icon-list\" data-id=\"a0e5f3f\" data-element_type=\"widget\" data-widget_type=\"icon-list.default\">\n\t\t\t\t<div class=\"elementor-widget-container\">\n\t\t\t\t\t<ul class=\"elementor-icon-list-items\">\n\t\t\t\t\t\t\t<li class=\"elementor-icon-list-item\">\n\t\t\t\t\t\t\t\t\t\t\t<a href=\"tel:+554521057500\" target=\"_blank\" rel=\"nofollow\">\n\n\t\t\t\t\t\t\t\t\t\t\t\t<span class=\"elementor-icon-list-icon\">\n\t\t\t\t\t\t\t<svg xmlns=\"http:\/\/www.w3.org\/2000\/svg\" viewbox=\"0 0 482.6 482.6\"><path d=\"M98.34 320.8c47.6 56.9 104.9 101.7 170.3 133.4 24.9 11.8 58.2 25.8 95.3 28.2 2.3.1 4.5.2 6.8.2 24.9 0 44.9-8.6 61.2-26.3.1-.1.3-.3.4-.5 5.8-7 12.4-13.3 19.3-20 4.7-4.5 9.5-9.2 14.1-14 21.3-22.2 21.3-50.4-.2-71.9l-60.1-60.1c-10.2-10.6-22.4-16.2-35.2-16.2-12.8 0-25.1 5.6-35.6 16.1l-35.8 35.8c-3.3-1.9-6.7-3.6-9.9-5.2-4-2-7.7-3.9-11-6-32.6-20.7-62.2-47.7-90.5-82.4-14.3-18.1-23.9-33.3-30.6-48.8 9.4-8.5 18.2-17.4 26.7-26.1 3-3.1 6.1-6.2 9.2-9.3 10.8-10.8 16.6-23.3 16.6-36s-5.7-25.2-16.6-36l-29.8-29.8c-3.5-3.5-6.8-6.9-10.2-10.4-6.6-6.8-13.5-13.8-20.3-20.1C122.14 5.3 110.04 0 97.24 0c-12.7 0-24.9 5.3-35.6 15.5l-37.4 37.4C10.64 66.5 2.94 83 1.34 102.1c-1.9 23.9 2.5 49.3 13.9 80 17.5 47.5 43.9 91.6 83.1 138.7zm-72.6-216.6c1.2-13.3 6.3-24.4 15.9-34L78.84 33c5.8-5.6 12.2-8.5 18.4-8.5 6.1 0 12.3 2.9 18 8.7 6.7 6.2 13 12.7 19.8 19.6 3.4 3.5 6.9 7 10.4 10.6l29.8 29.8c6.2 6.2 9.4 12.5 9.4 18.7s-3.2 12.5-9.4 18.7c-3.1 3.1-6.2 6.3-9.3 9.4-9.3 9.4-18 18.3-27.6 26.8l-.5.5c-8.3 8.3-7 16.2-5 22.2.1.3.2.5.3.8 7.7 18.5 18.4 36.1 35.1 57.1 30 37 61.6 65.7 96.4 87.8 4.3 2.8 8.9 5 13.2 7.2 4 2 7.7 3.9 11 6 .4.2.7.4 1.1.6 3.3 1.7 6.5 2.5 9.7 2.5 8 0 13.2-5.1 14.9-6.8l37.4-37.4c5.8-5.8 12.1-8.9 18.3-8.9 7.6 0 13.8 4.7 17.7 8.9l60.3 60.2c12 12 11.9 25-.3 37.7-4.2 4.5-8.6 8.8-13.3 13.3-7 6.8-14.3 13.8-20.9 21.7-11.5 12.4-25.2 18.2-42.9 18.2-1.7 0-3.5-.1-5.2-.2-32.8-2.1-63.3-14.9-86.2-25.8-62.2-30.1-116.8-72.8-162.1-127-37.3-44.9-62.4-86.7-79-131.5-10.3-27.5-14.2-49.6-12.6-69.7z\" fill=\"#fff\"><\/path><\/svg>\t\t\t\t\t\t<\/span>\n\t\t\t\t\t\t\t\t\t\t<span class=\"elementor-icon-list-text\">+55 (45) 2105-7500<\/span>\n\t\t\t\t\t\t\t\t\t\t\t<\/a>\n\t\t\t\t\t\t\t\t\t<\/li>\n\t\t\t\t\t\t<\/ul>\n\t\t\t\t<\/div>\n\t\t\t\t<\/div>\n\t\t\t\t<div class=\"elementor-element elementor-element-35b7956 elementor-widget elementor-widget-text-editor\" data-id=\"35b7956\" data-element_type=\"widget\" data-widget_type=\"text-editor.default\">\n\t\t\t\t<div class=\"elementor-widget-container\">\n\t\t\t\t\t\t\t<p><strong>Nossa recep\u00e7\u00e3o funciona 24h.<\/strong><\/p>\t\t\t\t\t\t<\/div>\n\t\t\t\t<\/div>\n\t\t\t\t<div class=\"elementor-element elementor-element-2ccc72f elementor-align-left elementor-mobile-align-left elementor-icon-list--layout-traditional elementor-list-item-link-full_width elementor-widget elementor-widget-icon-list\" data-id=\"2ccc72f\" data-element_type=\"widget\" data-widget_type=\"icon-list.default\">\n\t\t\t\t<div class=\"elementor-widget-container\">\n\t\t\t\t\t<ul class=\"elementor-icon-list-items\">\n\t\t\t\t\t\t\t<li class=\"elementor-icon-list-item\">\n\t\t\t\t\t\t\t\t\t\t\t<a href=\"https:\/\/api.whatsapp.com\/send?phone=554588341873\" target=\"_blank\" rel=\"nofollow\">\n\n\t\t\t\t\t\t\t\t\t\t\t\t<span class=\"elementor-icon-list-icon\">\n\t\t\t\t\t\t\t<svg xmlns=\"http:\/\/www.w3.org\/2000\/svg\" viewbox=\"0 0 500 500\"><path d=\"M248.7 492.3c-64 0-124.2-24.9-169.5-70.2C33.9 376.9 9 316.7 9 252.7S33.9 128.5 79.2 83.2C124.5 37.9 184.6 13 248.7 13c64 0 124.2 24.9 169.5 70.2 45.3 45.3 70.2 105.5 70.2 169.5s-24.9 124.2-70.2 169.5-105.5 70.1-169.5 70.1zm0-467.3C123.1 25 21 127.1 21 252.7c0 125.5 102.1 227.7 227.7 227.7s227.7-102.1 227.7-227.7C476.3 127.1 374.2 25 248.7 25z\" fill=\"#fff\"><\/path><path fill=\"#fff\" d=\"M242.7 63.5h12v33.4h-12zM148.852 91.853l10.392-6 16.7 28.925-10.392 6zM81.808 163.268l6-10.392 28.924 16.7-6 10.392zM59.5 246.7h33.4v12H59.5zM81.838 342.045l28.925-16.7 6 10.392-28.925 16.7zM148.835 413.514l16.7-28.925 10.392 6-16.7 28.925zM242.7 408.4h12v33.4h-12zM321.33 390.535l10.392-6 16.7 28.925-10.392 6zM380.541 335.778l6-10.392 28.925 16.7-6 10.392zM404.4 246.7h33.4v12h-33.4zM380.514 169.563l28.925-16.7 6 10.392-28.925 16.7zM321.35 114.777l16.7-28.925 10.392 6-16.7 28.925zM247.7 283.5l-81.7-105 9.5-7.4 74.1 95.2 62-51.6 7.7 9.2z\"><\/path><\/svg>\t\t\t\t\t\t<\/span>\n\t\t\t\t\t\t\t\t\t\t<span class=\"elementor-icon-list-text\">Atendimento e reservas por e-mail e telefone funciona de segunda a sexta-feira, das 8h \u00e0s 18h e s\u00e1bado, das 8h \u00e0s 12h.<\/span>\n\t\t\t\t\t\t\t\t\t\t\t<\/a>\n\t\t\t\t\t\t\t\t\t<\/li>\n\t\t\t\t\t\t<\/ul>\n\t\t\t\t<\/div>\n\t\t\t\t<\/div>\n\t\t\t\t<div class=\"elementor-element elementor-element-a8314a9 elementor-mobile-align-left elementor-align-left elementor-widget elementor-widget-button\" data-id=\"a8314a9\" data-element_type=\"widget\" data-widget_type=\"button.default\">\n\t\t\t\t<div class=\"elementor-widget-container\">\n\t\t\t\t\t<div class=\"elementor-button-wrapper\">\n\t\t\t<a class=\"elementor-button elementor-button-link elementor-size-sm elementor-animation-float\" href=\"https:\/\/api.whatsapp.com\/send?phone=554588341873\" target=\"_blank\" rel=\"nofollow\">\n\t\t\t\t\t\t<span class=\"elementor-button-content-wrapper\">\n\t\t\t\t\t\t<span class=\"elementor-button-text\">Fa\u00e7a j\u00e1 sua reserva e ganhe 10% de desconto: \u2192<\/span>\n\t\t<\/span>\n\t\t\t\t\t<\/a>\n\t\t<\/div>\n\t\t\t\t<\/div>\n\t\t\t\t<\/div>\n\t\t\t\t\t<\/div>\n\t\t<\/div>\n\t\t\t\t\t\t\t<\/div>\n\t\t<\/section>\n\t\t\t\t\t\t\t<\/div>",
        "protected": false
    },
    "excerpt": {
        "rendered": "<p>Live extraordinary and unforgettable experiences in Foz do Igua\u00e7u Bem vindo \u00e0 exclusiva experi\u00eancia natural de Foz do Igua\u00e7u Prepare-se para embarcar em uma experi\u00eancia extraordin\u00e1ria e exclusiva, dentro e fora do Parque Nacional do Igua\u00e7u. A exuber\u00e2ncia da floresta tropical \u00e9 um convite para se conectar \u00e0s sensa\u00e7\u00f5es naturais e se aventurar pelas trilhas [&hellip;]<\/p>",
        "protected": false
    },
    "author": 1,
    "featured_media": 0,
    "parent": 0,
    "menu_order": 0,
    "comment_status": "closed",
    "ping_status": "closed",
    "template": "elementor_header_footer",
    "meta": {
        "footnotes": ""
    },
    "categories": [],
    "tags": [],
    "yoast_head": "<!-- This site is optimized with the Yoast SEO plugin v20.12 - https:\/\/yoast.com\/wordpress\/plugins\/seo\/ -->\n<title>Experi\u00eancias em Foz do Igua\u00e7u - Del Rey Quality Hotel<\/title>\n<meta name=\"description\" content=\"Venha descobrir a vasta gama de experi\u00eancias que Foz do Igua\u00e7u oferece. Belezas naturais incr\u00edveis esperam por voc\u00ea!\" \/>\n<meta name=\"robots\" content=\"index, follow, max-snippet:-1, max-image-preview:large, max-video-preview:-1\" \/>\n<link rel=\"canonical\" href=\"https:\/\/www.hoteldelreyfoz.com\/pt_br\/experiencias-em-foz-do-iguacu\/\" \/>\n<meta property=\"og:locale\" content=\"pt_BR\" \/>\n<meta property=\"og:type\" content=\"article\" \/>\n<meta property=\"og:title\" content=\"Experi\u00eancias em Foz do Igua\u00e7u - Del Rey Quality Hotel\" \/>\n<meta property=\"og:description\" content=\"Venha descobrir a vasta gama de experi\u00eancias que Foz do Igua\u00e7u oferece. Belezas naturais incr\u00edveis esperam por voc\u00ea!\" \/>\n<meta property=\"og:url\" content=\"https:\/\/www.hoteldelreyfoz.com\/pt_br\/experiencias-em-foz-do-iguacu\/\" \/>\n<meta property=\"og:site_name\" content=\"Del Rey Quality Hotel\" \/>\n<meta property=\"article:publisher\" content=\"https:\/\/www.facebook.com\/delreyfozhotel\" \/>\n<meta property=\"article:modified_time\" content=\"2025-12-04T21:53:02+00:00\" \/>\n<meta name=\"twitter:card\" content=\"summary_large_image\" \/>\n<meta name=\"twitter:label1\" content=\"Est. tempo de leitura\" \/>\n\t<meta name=\"twitter:data1\" content=\"7 minutos\" \/>\n<script type=\"application\/ld+json\" class=\"yoast-schema-graph\">{\"@context\":\"https:\/\/schema.org\",\"@graph\":[{\"@type\":\"WebPage\",\"@id\":\"https:\/\/www.hoteldelreyfoz.com\/experiencias-em-foz-do-iguacu\/\",\"url\":\"https:\/\/www.hoteldelreyfoz.com\/experiencias-em-foz-do-iguacu\/\",\"name\":\"Experi\u00eancias em Foz do Igua\u00e7u - Del Rey Quality Hotel\",\"isPartOf\":{\"@id\":\"https:\/\/www.hoteldelreyfoz.com\/#website\"},\"datePublished\":\"2022-02-21T18:21:39+00:00\",\"dateModified\":\"2025-12-04T21:53:02+00:00\",\"description\":\"Venha descobrir a vasta gama de experi\u00eancias que Foz do Igua\u00e7u oferece. Belezas naturais incr\u00edveis esperam por voc\u00ea!\",\"breadcrumb\":{\"@id\":\"https:\/\/www.hoteldelreyfoz.com\/experiencias-em-foz-do-iguacu\/#breadcrumb\"},\"inLanguage\":\"pt-BR\",\"potentialAction\":[{\"@type\":\"ReadAction\",\"target\":[\"https:\/\/www.hoteldelreyfoz.com\/experiencias-em-foz-do-iguacu\/\"]}]},{\"@type\":\"BreadcrumbList\",\"@id\":\"https:\/\/www.hoteldelreyfoz.com\/experiencias-em-foz-do-iguacu\/#breadcrumb\",\"itemListElement\":[{\"@type\":\"ListItem\",\"position\":1,\"name\":\"In\u00edcio\",\"item\":\"https:\/\/www.hoteldelreyfoz.com\/en\/\"},{\"@type\":\"ListItem\",\"position\":2,\"name\":\"Experi\u00eancias em Foz do Igua\u00e7u\"}]},{\"@type\":\"WebSite\",\"@id\":\"https:\/\/www.hoteldelreyfoz.com\/#website\",\"url\":\"https:\/\/www.hoteldelreyfoz.com\/\",\"name\":\"Del Rey Quality Hotel\",\"description\":\"Hotel em Foz do Igua\u00e7u com pre\u00e7os acess\u00edveis, quartos amplos e localiza\u00e7\u00e3o no Centro, perto de tudo. Reserve pelo nosso site com desconto!\",\"publisher\":{\"@id\":\"https:\/\/www.hoteldelreyfoz.com\/#organization\"},\"potentialAction\":[{\"@type\":\"SearchAction\",\"target\":{\"@type\":\"EntryPoint\",\"urlTemplate\":\"https:\/\/www.hoteldelreyfoz.com\/?s={search_term_string}\"},\"query-input\":\"required name=search_term_string\"}],\"inLanguage\":\"pt-BR\"},{\"@type\":\"Organization\",\"@id\":\"https:\/\/www.hoteldelreyfoz.com\/#organization\",\"name\":\"Del Rey Quality Hotel\",\"url\":\"https:\/\/www.hoteldelreyfoz.com\/\",\"logo\":{\"@type\":\"ImageObject\",\"inLanguage\":\"pt-BR\",\"@id\":\"https:\/\/www.hoteldelreyfoz.com\/#\/schema\/logo\/image\/\",\"url\":\"https:\/\/www.hoteldelreyfoz.com.br\/wp-content\/uploads\/2021\/09\/delrey.png\",\"contentUrl\":\"https:\/\/www.hoteldelreyfoz.com.br\/wp-content\/uploads\/2021\/09\/delrey.png\",\"width\":225,\"height\":224,\"caption\":\"Del Rey Quality Hotel\"},\"image\":{\"@id\":\"https:\/\/www.hoteldelreyfoz.com\/#\/schema\/logo\/image\/\"},\"sameAs\":[\"https:\/\/www.facebook.com\/delreyfozhotel\",\"https:\/\/www.instagram.com\/delreyfoz\/\",\"https:\/\/www.youtube.com\/channel\/UCSBntO46TaFRFMvuxjJBS_w\"]}]}<\/script>\n<!-- \/ Yoast SEO plugin. -->",
    "yoast_head_json": {
        "title": "Experi\u00eancias em Foz do Igua\u00e7u - Del Rey Quality Hotel",
        "description": "Venha descobrir a vasta gama de experi\u00eancias que Foz do Igua\u00e7u oferece. Belezas naturais incr\u00edveis esperam por voc\u00ea!",
        "robots": {
            "index": "index",
            "follow": "follow",
            "max-snippet": "max-snippet:-1",
            "max-image-preview": "max-image-preview:large",
            "max-video-preview": "max-video-preview:-1"
        },
        "canonical": "https:\/\/www.hoteldelreyfoz.com\/pt_br\/experiencias-em-foz-do-iguacu\/",
        "og_locale": "pt_BR",
        "og_type": "article",
        "og_title": "Experi\u00eancias em Foz do Igua\u00e7u - Del Rey Quality Hotel",
        "og_description": "Venha descobrir a vasta gama de experi\u00eancias que Foz do Igua\u00e7u oferece. Belezas naturais incr\u00edveis esperam por voc\u00ea!",
        "og_url": "https:\/\/www.hoteldelreyfoz.com\/pt_br\/experiencias-em-foz-do-iguacu\/",
        "og_site_name": "Del Rey Quality Hotel",
        "article_publisher": "https:\/\/www.facebook.com\/delreyfozhotel",
        "article_modified_time": "2025-12-04T21:53:02+00:00",
        "twitter_card": "summary_large_image",
        "twitter_misc": {
            "Est. tempo de leitura": "7 minutos"
        },
        "schema": {
            "@context": "https:\/\/schema.org",
            "@graph": [
                {
                    "@type": "WebPage",
                    "@id": "https:\/\/www.hoteldelreyfoz.com\/experiencias-em-foz-do-iguacu\/",
                    "url": "https:\/\/www.hoteldelreyfoz.com\/experiencias-em-foz-do-iguacu\/",
                    "name": "Experi\u00eancias em Foz do Igua\u00e7u - Del Rey Quality Hotel",
                    "isPartOf": {
                        "@id": "https:\/\/www.hoteldelreyfoz.com\/#website"
                    },
                    "datePublished": "2022-02-21T18:21:39+00:00",
                    "dateModified": "2025-12-04T21:53:02+00:00",
                    "description": "Venha descobrir a vasta gama de experi\u00eancias que Foz do Igua\u00e7u oferece. Belezas naturais incr\u00edveis esperam por voc\u00ea!",
                    "breadcrumb": {
                        "@id": "https:\/\/www.hoteldelreyfoz.com\/experiencias-em-foz-do-iguacu\/#breadcrumb"
                    },
                    "inLanguage": "pt-BR",
                    "potentialAction": [
                        {
                            "@type": "ReadAction",
                            "target": [
                                "https:\/\/www.hoteldelreyfoz.com\/experiencias-em-foz-do-iguacu\/"
                            ]
                        }
                    ]
                },
                {
                    "@type": "BreadcrumbList",
                    "@id": "https:\/\/www.hoteldelreyfoz.com\/experiencias-em-foz-do-iguacu\/#breadcrumb",
                    "itemListElement": [
                        {
                            "@type": "ListItem",
                            "position": 1,
                            "name": "In\u00edcio",
                            "item": "https:\/\/www.hoteldelreyfoz.com\/en\/"
                        },
                        {
                            "@type": "ListItem",
                            "position": 2,
                            "name": "Experi\u00eancias em Foz do Igua\u00e7u"
                        }
                    ]
                },
                {
                    "@type": "WebSite",
                    "@id": "https:\/\/www.hoteldelreyfoz.com\/#website",
                    "url": "https:\/\/www.hoteldelreyfoz.com\/",
                    "name": "Del Rey Quality Hotel",
                    "description": "Hotel em Foz do Igua\u00e7u com pre\u00e7os acess\u00edveis, quartos amplos e localiza\u00e7\u00e3o no Centro, perto de tudo. Reserve pelo nosso site com desconto!",
                    "publisher": {
                        "@id": "https:\/\/www.hoteldelreyfoz.com\/#organization"
                    },
                    "potentialAction": [
                        {
                            "@type": "SearchAction",
                            "target": {
                                "@type": "EntryPoint",
                                "urlTemplate": "https:\/\/www.hoteldelreyfoz.com\/?s={search_term_string}"
                            },
                            "query-input": "required name=search_term_string"
                        }
                    ],
                    "inLanguage": "pt-BR"
                },
                {
                    "@type": "Organization",
                    "@id": "https:\/\/www.hoteldelreyfoz.com\/#organization",
                    "name": "Del Rey Quality Hotel",
                    "url": "https:\/\/www.hoteldelreyfoz.com\/",
                    "logo": {
                        "@type": "ImageObject",
                        "inLanguage": "pt-BR",
                        "@id": "https:\/\/www.hoteldelreyfoz.com\/#\/schema\/logo\/image\/",
                        "url": "https:\/\/www.hoteldelreyfoz.com.br\/wp-content\/uploads\/2021\/09\/delrey.png",
                        "contentUrl": "https:\/\/www.hoteldelreyfoz.com.br\/wp-content\/uploads\/2021\/09\/delrey.png",
                        "width": 225,
                        "height": 224,
                        "caption": "Del Rey Quality Hotel"
                    },
                    "image": {
                        "@id": "https:\/\/www.hoteldelreyfoz.com\/#\/schema\/logo\/image\/"
                    },
                    "sameAs": [
                        "https:\/\/www.facebook.com\/delreyfozhotel",
                        "https:\/\/www.instagram.com\/delreyfoz\/",
                        "https:\/\/www.youtube.com\/channel\/UCSBntO46TaFRFMvuxjJBS_w"
                    ]
                }
            ]
        }
    },
    "_links": {
        "self": [
            {
                "href": "https:\/\/www.hoteldelreyfoz.com\/pt_br\/wp-json\/wp\/v2\/pages\/19855"
            }
        ],
        "collection": [
            {
                "href": "https:\/\/www.hoteldelreyfoz.com\/pt_br\/wp-json\/wp\/v2\/pages"
            }
        ],
        "about": [
            {
                "href": "https:\/\/www.hoteldelreyfoz.com\/pt_br\/wp-json\/wp\/v2\/types\/page"
            }
        ],
        "author": [
            {
                "embeddable": true,
                "href": "https:\/\/www.hoteldelreyfoz.com\/pt_br\/wp-json\/wp\/v2\/users\/1"
            }
        ],
        "replies": [
            {
                "embeddable": true,
                "href": "https:\/\/www.hoteldelreyfoz.com\/pt_br\/wp-json\/wp\/v2\/comments?post=19855"
            }
        ],
        "version-history": [
            {
                "count": 9,
                "href": "https:\/\/www.hoteldelreyfoz.com\/pt_br\/wp-json\/wp\/v2\/pages\/19855\/revisions"
            }
        ],
        "predecessor-version": [
            {
                "id": 23427,
                "href": "https:\/\/www.hoteldelreyfoz.com\/pt_br\/wp-json\/wp\/v2\/pages\/19855\/revisions\/23427"
            }
        ],
        "wp:attachment": [
            {
                "href": "https:\/\/www.hoteldelreyfoz.com\/pt_br\/wp-json\/wp\/v2\/media?parent=19855"
            }
        ],
        "wp:term": [
            {
                "taxonomy": "category",
                "embeddable": true,
                "href": "https:\/\/www.hoteldelreyfoz.com\/pt_br\/wp-json\/wp\/v2\/categories?post=19855"
            },
            {
                "taxonomy": "post_tag",
                "embeddable": true,
                "href": "https:\/\/www.hoteldelreyfoz.com\/pt_br\/wp-json\/wp\/v2\/tags?post=19855"
            }
        ],
        "curies": [
            {
                "name": "wp",
                "href": "https:\/\/api.w.org\/{rel}",
                "templated": true
            }
        ]
    }
}