{
    "id": 19713,
    "date": "2022-02-04T11:35:49",
    "date_gmt": "2022-02-04T14:35:49",
    "guid": {
        "rendered": "https:\/\/www.hoteldelreyfoz.com\/?page_id=19713"
    },
    "modified": "2022-12-27T09:17:57",
    "modified_gmt": "2022-12-27T12:17:57",
    "slug": "termos-e-condicoes",
    "status": "publish",
    "type": "page",
    "link": "https:\/\/www.hoteldelreyfoz.com\/pt_br\/del-rey-quality-hotel-em-foz-do-iguacu\/termos-e-condicoes\/",
    "title": {
        "rendered": "Termos e condi\u00e7\u00f5es"
    },
    "content": {
        "rendered": "<div data-elementor-type=\"wp-page\" data-elementor-id=\"19713\" class=\"elementor elementor-19713\">\n\t\t\t\t\t\t\t\t\t<section class=\"elementor-section elementor-top-section elementor-element elementor-element-8e9597b elementor-section-height-min-height elementor-section-boxed elementor-section-height-default elementor-section-items-middle\" data-id=\"8e9597b\" data-element_type=\"section\" data-settings=\"{&quot;background_background&quot;:&quot;classic&quot;}\">\n\t\t\t\t\t\t<div class=\"elementor-container elementor-column-gap-default\">\n\t\t\t\t\t<div class=\"elementor-column elementor-col-100 elementor-top-column elementor-element elementor-element-83efe1e\" data-id=\"83efe1e\" data-element_type=\"column\">\n\t\t\t<div class=\"elementor-widget-wrap\">\n\t\t\t\t\t\t\t\t\t<\/div>\n\t\t<\/div>\n\t\t\t\t\t\t\t<\/div>\n\t\t<\/section>\n\t\t\t\t<section class=\"elementor-section elementor-top-section elementor-element elementor-element-b8ef4a0 elementor-section-height-min-height elementor-section-boxed elementor-section-height-default elementor-section-items-middle\" data-id=\"b8ef4a0\" data-element_type=\"section\" data-settings=\"{&quot;background_background&quot;:&quot;classic&quot;}\">\n\t\t\t\t\t\t<div class=\"elementor-container elementor-column-gap-default\">\n\t\t\t\t\t<div class=\"elementor-column elementor-col-50 elementor-top-column elementor-element elementor-element-77f814c\" data-id=\"77f814c\" data-element_type=\"column\">\n\t\t\t<div class=\"elementor-widget-wrap elementor-element-populated\">\n\t\t\t\t\t\t\t\t<div class=\"elementor-element elementor-element-ecc84c5 elementor-widget elementor-widget-heading\" data-id=\"ecc84c5\" data-element_type=\"widget\" data-widget_type=\"heading.default\">\n\t\t\t\t<div class=\"elementor-widget-container\">\n\t\t\t<h1 class=\"elementor-heading-title elementor-size-default\">Termos e Condi\u00e7\u00f5es<\/h1>\t\t<\/div>\n\t\t\t\t<\/div>\n\t\t\t\t\t<\/div>\n\t\t<\/div>\n\t\t\t\t<div class=\"elementor-column elementor-col-50 elementor-top-column elementor-element elementor-element-9f7c4ce\" data-id=\"9f7c4ce\" data-element_type=\"column\">\n\t\t\t<div class=\"elementor-widget-wrap elementor-element-populated\">\n\t\t\t\t\t\t\t\t<div class=\"elementor-element elementor-element-daecd03 elementor-align-right elementor-mobile-align-center elementor-widget elementor-widget-breadcrumbs\" data-id=\"daecd03\" data-element_type=\"widget\" data-widget_type=\"breadcrumbs.default\">\n\t\t\t\t<div class=\"elementor-widget-container\">\n\t\t\t<p id=\"breadcrumbs\"><span><span><a href=\"https:\/\/www.hoteldelreyfoz.com\/en\/\">In\u00edcio<\/a><\/span><\/span><\/p>\t\t<\/div>\n\t\t\t\t<\/div>\n\t\t\t\t\t<\/div>\n\t\t<\/div>\n\t\t\t\t\t\t\t<\/div>\n\t\t<\/section>\n\t\t\t\t<section class=\"elementor-section elementor-top-section elementor-element elementor-element-a76c821 elementor-section-boxed elementor-section-height-default elementor-section-height-default\" data-id=\"a76c821\" data-element_type=\"section\">\n\t\t\t\t\t\t<div class=\"elementor-container elementor-column-gap-default\">\n\t\t\t\t\t<div class=\"elementor-column elementor-col-100 elementor-top-column elementor-element elementor-element-10a3624\" data-id=\"10a3624\" data-element_type=\"column\" data-settings=\"{&quot;background_background&quot;:&quot;classic&quot;}\">\n\t\t\t<div class=\"elementor-widget-wrap elementor-element-populated\">\n\t\t\t\t\t\t\t\t<div class=\"elementor-element elementor-element-fcc8205 elementor-widget elementor-widget-text-editor\" data-id=\"fcc8205\" data-element_type=\"widget\" data-widget_type=\"text-editor.default\">\n\t\t\t\t<div class=\"elementor-widget-container\">\n\t\t\t\t\t\t\t<ul><li style=\"font-weight: 400;\" aria-level=\"1\"><span style=\"font-weight: 400;\">As di\u00e1rias incluem caf\u00e9 da manh\u00e3, inclusive em hor\u00e1rio especial, servido no restaurante do hotel, das 3h \u00e0s 10h.<\/span><\/li><li style=\"font-weight: 400;\" aria-level=\"1\"><span style=\"font-weight: 400;\">Wifi (inclu\u00eddo no valor da di\u00e1ria).<\/span><\/li><li style=\"font-weight: 400;\" aria-level=\"1\"><span style=\"font-weight: 400;\">As di\u00e1rias tem acr\u00e9scimo de taxa de turismo R$ 2,90 por pessoa, por dia.<\/span><\/li><li style=\"font-weight: 400;\" aria-level=\"1\"><span style=\"font-weight: 400;\">O hotel cobra 10% de taxa de servi\u00e7o sobre di\u00e1rias e extras, sendo totalmente revertida aos colaboradores.<\/span><\/li><li style=\"font-weight: 400;\" aria-level=\"1\"><span style=\"font-weight: 400;\">Valores e disponibilidade, sujeito a altera\u00e7\u00f5es.<\/span><\/li><li style=\"font-weight: 400;\" aria-level=\"1\"><span style=\"font-weight: 400;\">Crian\u00e7a de at\u00e9 5 anos \u00e9 cortesia, sendo acomodada na mesma cama dos pais. \u00c9 necess\u00e1rio apresentar comprovante (certid\u00e3o de nascimento, RG ou passaporte) da idade da crian\u00e7a e adolescente at\u00e9 18 anos.<\/span><\/li><li style=\"font-weight: 400;\" aria-level=\"1\"><span style=\"font-weight: 400;\">N\u00e3o \u00e9 permitido animal de nenhum porte nas depend\u00eancias do hotel.<\/span><\/li><li style=\"font-weight: 400;\" aria-level=\"1\"><span style=\"font-weight: 400;\">De acordo com a Lei 12.546 (chamada Lei Antifumo) n\u00e3o \u00e9 permitido fumar em ambientes fechados p\u00fablicos e privados. Por determina\u00e7\u00e3o do Corpo de Bombeiros, h\u00e1 sensor de fuma\u00e7a dentro dos apartamentos e na \u00e1rea comum do hotel.<\/span><\/li><li style=\"font-weight: 400;\" aria-level=\"1\"><span style=\"font-weight: 400;\">Reservas sem garantia de \u201cno show\u201d estar\u00e3o ativas at\u00e9 \u00e0s 16h. Ap\u00f3s este hor\u00e1rio, o cancelamento ser\u00e1 autom\u00e1tico.<\/span><\/li><li style=\"font-weight: 400;\" aria-level=\"1\"><span style=\"font-weight: 400;\">Cancelamentos e\/ou altera\u00e7\u00f5es devem ser feitos diretamente com a central de reservas, antes do check in, com anteced\u00eancia de at\u00e9 72h, em hor\u00e1rio comercial<\/span><\/li><li style=\"font-weight: 400;\" aria-level=\"1\"><span style=\"font-weight: 400;\">Valores pr\u00e9-pagos n\u00e3o s\u00e3o reembols\u00e1veis e nem podem virar cr\u00e9ditos para futuras reservas.<\/span><\/li><li style=\"font-weight: 400;\" aria-level=\"1\"><span style=\"font-weight: 400;\">Estacionamento incluso no valor da di\u00e1ria.<\/span><\/li><li style=\"font-weight: 400;\" aria-level=\"1\"><span style=\"font-weight: 400;\">Prefer\u00eancias, como: andar, localiza\u00e7\u00e3o do apartamento e tipo de cama n\u00e3o s\u00e3o garantidos na confirma\u00e7\u00e3o da reserva, e sim mediante disponibilidade no check in.<\/span><\/li><li style=\"font-weight: 400;\" aria-level=\"1\"><span style=\"font-weight: 400;\">Check-in a partir das 14h e check-out at\u00e9 \u00e0s 11h.<\/span><\/li><li style=\"font-weight: 400;\" aria-level=\"1\"><span style=\"font-weight: 400;\">Pol\u00edticas de early check in e late check out (valores a consultar de acordo com o per\u00edodo da reserva, conforme disponibilidade, n\u00e3o sendo v\u00e1lido para per\u00edodos de feriados em geral, r\u00e9veillon ou per\u00edodos de alta ocupa\u00e7\u00e3o).<\/span><\/li><li style=\"font-weight: 400;\" aria-level=\"1\"><span style=\"font-weight: 400;\">Oferecemos, mediante disponibilidade do hotel, carrinho de beb\u00ea e banheira, para empr\u00e9stimo. Favor solicitar com anteced\u00eancia<\/span><\/li><li style=\"font-weight: 400;\" aria-level=\"1\"><span style=\"font-weight: 400;\">Para reservas efetuadas diretamente com o hotel, parcelamos as di\u00e1rias em at\u00e9 6 x sem juros, no cart\u00e3o de cr\u00e9dito, para valores acima de R$900,00 (consulte nossa pol\u00edtica de parcelamento). N\u00e3o \u00e9 poss\u00edvel o parcelamento no check-in. N\u00e3o aceitamos cheques.<\/span><\/li><li style=\"font-weight: 400;\" aria-level=\"1\"><span style=\"font-weight: 400;\">No momento do check in ser\u00e1 solicitado o cart\u00e3o de cr\u00e9dito para garantia de despesas\u00a0 (independente do canal de venda de sua reserva)<\/span><\/li><li style=\"font-weight: 400;\" aria-level=\"1\"><span style=\"font-weight: 400;\">Servi\u00e7o de guarda volumes sem custo adicional, por\u00e9m, sujeito \u00e0 disponibilidade.<\/span><\/li><li style=\"font-weight: 400;\" aria-level=\"1\"><span style=\"font-weight: 400;\">Informamos que temos colch\u00f5es ortop\u00e9dicos de casal. Caso necessite, favor informar por e-mail ao departamento de reservas do hotel com anteced\u00eancia, para que possamos providenciar e fazer a reserva do mesmo (mediante a disponibilidade).<\/span><\/li><li style=\"font-weight: 400;\" aria-level=\"1\"><span style=\"font-weight: 400;\">\u00c9 poss\u00edvel utilizar os banheiros do hotel antes do check-in ou ap\u00f3s o check-out para tomar banho a um custo de R$10,00 por pessoa, com empr\u00e9stimo de toalha de banho.<\/span><\/li><li style=\"font-weight: 400;\" aria-level=\"1\"><span style=\"font-weight: 400;\">\u00c9 obrigat\u00f3rio a apresenta\u00e7\u00e3o de documento dos menores de 18 anos, os quais devem estar acompanhados dos pais ou de respons\u00e1vel legal ou portar termo de autoriza\u00e7\u00e3o do juizado de menores, para o caso de viagem com terceiros. O termo deve ser feito em cart\u00f3rio, com firma reconhecida. (Artigo 82 &#8211; Estatuto da Crian\u00e7a e do Adolescente Lei N\u00ba 8069\/90).<\/span><\/li><li style=\"font-weight: 400;\" aria-level=\"1\"><span style=\"font-weight: 400;\">Hor\u00e1rio de atendimento da Central de Reservas: segunda a sexta-feira, das 8h \u00e0s 18h e plant\u00e3o aos s\u00e1bados, das 8h \u00e0s 12h.<\/span><\/li><\/ul>\t\t\t\t\t\t<\/div>\n\t\t\t\t<\/div>\n\t\t\t\t\t<\/div>\n\t\t<\/div>\n\t\t\t\t\t\t\t<\/div>\n\t\t<\/section>\n\t\t\t\t\t\t\t<\/div>",
        "protected": false
    },
    "excerpt": {
        "rendered": "<p>Termos e Condi\u00e7\u00f5es As di\u00e1rias incluem caf\u00e9 da manh\u00e3, inclusive em hor\u00e1rio especial, servido no restaurante do hotel, das 3h \u00e0s 10h. Wifi (inclu\u00eddo no valor da di\u00e1ria). As di\u00e1rias tem acr\u00e9scimo de taxa de turismo R$ 2,90 por pessoa, por dia. O hotel cobra 10% de taxa de servi\u00e7o sobre di\u00e1rias e extras, sendo [&hellip;]<\/p>",
        "protected": false
    },
    "author": 1,
    "featured_media": 0,
    "parent": 16543,
    "menu_order": 0,
    "comment_status": "closed",
    "ping_status": "closed",
    "template": "elementor_header_footer",
    "meta": {
        "footnotes": ""
    },
    "categories": [
        320
    ],
    "tags": [],
    "yoast_head": "<!-- This site is optimized with the Yoast SEO plugin v20.12 - https:\/\/yoast.com\/wordpress\/plugins\/seo\/ -->\n<title>Termos e condi\u00e7\u00f5es - Del Rey Quality Hotel<\/title>\n<meta name=\"description\" content=\"Conhe\u00e7a termos e condi\u00e7\u00f5es do Hotel Del Rey, que conta com \u00e1reas de lazer como piscina com vista panor\u00e2mica e sal\u00e3o de jogos. Divirta-se!\" \/>\n<meta name=\"robots\" content=\"index, nofollow, max-snippet:-1, max-image-preview:large, max-video-preview:-1\" \/>\n<link rel=\"canonical\" href=\"https:\/\/www.hoteldelreyfoz.com\/pt_br\/del-rey-quality-hotel-em-foz-do-iguacu\/terms-and-conditions\/\" \/>\n<meta property=\"og:locale\" content=\"pt_BR\" \/>\n<meta property=\"og:type\" content=\"article\" \/>\n<meta property=\"og:title\" content=\"Termos e condi\u00e7\u00f5es - Del Rey Quality Hotel\" \/>\n<meta property=\"og:description\" content=\"Conhe\u00e7a termos e condi\u00e7\u00f5es do Hotel Del Rey, que conta com \u00e1reas de lazer como piscina com vista panor\u00e2mica e sal\u00e3o de jogos. Divirta-se!\" \/>\n<meta property=\"og:url\" content=\"https:\/\/www.hoteldelreyfoz.com\/pt_br\/del-rey-quality-hotel-em-foz-do-iguacu\/terms-and-conditions\/\" \/>\n<meta property=\"og:site_name\" content=\"Del Rey Quality Hotel\" \/>\n<meta property=\"article:publisher\" content=\"https:\/\/www.facebook.com\/delreyfozhotel\" \/>\n<meta property=\"article:modified_time\" content=\"2022-12-27T12:17:57+00:00\" \/>\n<meta name=\"twitter:card\" content=\"summary_large_image\" \/>\n<meta name=\"twitter:label1\" content=\"Est. tempo de leitura\" \/>\n\t<meta name=\"twitter:data1\" content=\"3 minutos\" \/>\n<script type=\"application\/ld+json\" class=\"yoast-schema-graph\">{\"@context\":\"https:\/\/schema.org\",\"@graph\":[{\"@type\":\"WebPage\",\"@id\":\"https:\/\/www.hoteldelreyfoz.com\/en\/del-rey-quality-hotel-in-foz-do-iguacu\/terms-and-conditions\/\",\"url\":\"https:\/\/www.hoteldelreyfoz.com\/en\/del-rey-quality-hotel-in-foz-do-iguacu\/terms-and-conditions\/\",\"name\":\"Termos e condi\u00e7\u00f5es - Del Rey Quality Hotel\",\"isPartOf\":{\"@id\":\"https:\/\/www.hoteldelreyfoz.com\/#website\"},\"datePublished\":\"2022-02-04T14:35:49+00:00\",\"dateModified\":\"2022-12-27T12:17:57+00:00\",\"description\":\"Conhe\u00e7a termos e condi\u00e7\u00f5es do Hotel Del Rey, que conta com \u00e1reas de lazer como piscina com vista panor\u00e2mica e sal\u00e3o de jogos. Divirta-se!\",\"breadcrumb\":{\"@id\":\"https:\/\/www.hoteldelreyfoz.com\/en\/del-rey-quality-hotel-in-foz-do-iguacu\/terms-and-conditions\/#breadcrumb\"},\"inLanguage\":\"pt-BR\",\"potentialAction\":[{\"@type\":\"ReadAction\",\"target\":[\"https:\/\/www.hoteldelreyfoz.com\/en\/del-rey-quality-hotel-in-foz-do-iguacu\/terms-and-conditions\/\"]}]},{\"@type\":\"BreadcrumbList\",\"@id\":\"https:\/\/www.hoteldelreyfoz.com\/en\/del-rey-quality-hotel-in-foz-do-iguacu\/terms-and-conditions\/#breadcrumb\",\"itemListElement\":[{\"@type\":\"ListItem\",\"position\":1,\"name\":\"In\u00edcio\",\"item\":\"https:\/\/www.hoteldelreyfoz.com\/en\/\"},{\"@type\":\"ListItem\",\"position\":2,\"name\":\"Del Rey Quality Hotel\",\"item\":\"https:\/\/www.hoteldelreyfoz.com\/en\/del-rey-quality-hotel-in-foz-do-iguacu\/\"},{\"@type\":\"ListItem\",\"position\":3,\"name\":\"Termos e condi\u00e7\u00f5es\"}]},{\"@type\":\"WebSite\",\"@id\":\"https:\/\/www.hoteldelreyfoz.com\/#website\",\"url\":\"https:\/\/www.hoteldelreyfoz.com\/\",\"name\":\"Del Rey Quality Hotel\",\"description\":\"Hotel em Foz do Igua\u00e7u com pre\u00e7os acess\u00edveis, quartos amplos e localiza\u00e7\u00e3o no Centro, perto de tudo. Reserve pelo nosso site com desconto!\",\"publisher\":{\"@id\":\"https:\/\/www.hoteldelreyfoz.com\/#organization\"},\"potentialAction\":[{\"@type\":\"SearchAction\",\"target\":{\"@type\":\"EntryPoint\",\"urlTemplate\":\"https:\/\/www.hoteldelreyfoz.com\/?s={search_term_string}\"},\"query-input\":\"required name=search_term_string\"}],\"inLanguage\":\"pt-BR\"},{\"@type\":\"Organization\",\"@id\":\"https:\/\/www.hoteldelreyfoz.com\/#organization\",\"name\":\"Del Rey Quality Hotel\",\"url\":\"https:\/\/www.hoteldelreyfoz.com\/\",\"logo\":{\"@type\":\"ImageObject\",\"inLanguage\":\"pt-BR\",\"@id\":\"https:\/\/www.hoteldelreyfoz.com\/#\/schema\/logo\/image\/\",\"url\":\"https:\/\/www.hoteldelreyfoz.com.br\/wp-content\/uploads\/2021\/09\/delrey.png\",\"contentUrl\":\"https:\/\/www.hoteldelreyfoz.com.br\/wp-content\/uploads\/2021\/09\/delrey.png\",\"width\":225,\"height\":224,\"caption\":\"Del Rey Quality Hotel\"},\"image\":{\"@id\":\"https:\/\/www.hoteldelreyfoz.com\/#\/schema\/logo\/image\/\"},\"sameAs\":[\"https:\/\/www.facebook.com\/delreyfozhotel\",\"https:\/\/www.instagram.com\/delreyfoz\/\",\"https:\/\/www.youtube.com\/channel\/UCSBntO46TaFRFMvuxjJBS_w\"]}]}<\/script>\n<!-- \/ Yoast SEO plugin. -->",
    "yoast_head_json": {
        "title": "Termos e condi\u00e7\u00f5es - Del Rey Quality Hotel",
        "description": "Conhe\u00e7a termos e condi\u00e7\u00f5es do Hotel Del Rey, que conta com \u00e1reas de lazer como piscina com vista panor\u00e2mica e sal\u00e3o de jogos. Divirta-se!",
        "robots": {
            "index": "index",
            "follow": "nofollow",
            "max-snippet": "max-snippet:-1",
            "max-image-preview": "max-image-preview:large",
            "max-video-preview": "max-video-preview:-1"
        },
        "canonical": "https:\/\/www.hoteldelreyfoz.com\/pt_br\/del-rey-quality-hotel-em-foz-do-iguacu\/terms-and-conditions\/",
        "og_locale": "pt_BR",
        "og_type": "article",
        "og_title": "Termos e condi\u00e7\u00f5es - Del Rey Quality Hotel",
        "og_description": "Conhe\u00e7a termos e condi\u00e7\u00f5es do Hotel Del Rey, que conta com \u00e1reas de lazer como piscina com vista panor\u00e2mica e sal\u00e3o de jogos. Divirta-se!",
        "og_url": "https:\/\/www.hoteldelreyfoz.com\/pt_br\/del-rey-quality-hotel-em-foz-do-iguacu\/terms-and-conditions\/",
        "og_site_name": "Del Rey Quality Hotel",
        "article_publisher": "https:\/\/www.facebook.com\/delreyfozhotel",
        "article_modified_time": "2022-12-27T12:17:57+00:00",
        "twitter_card": "summary_large_image",
        "twitter_misc": {
            "Est. tempo de leitura": "3 minutos"
        },
        "schema": {
            "@context": "https:\/\/schema.org",
            "@graph": [
                {
                    "@type": "WebPage",
                    "@id": "https:\/\/www.hoteldelreyfoz.com\/en\/del-rey-quality-hotel-in-foz-do-iguacu\/terms-and-conditions\/",
                    "url": "https:\/\/www.hoteldelreyfoz.com\/en\/del-rey-quality-hotel-in-foz-do-iguacu\/terms-and-conditions\/",
                    "name": "Termos e condi\u00e7\u00f5es - Del Rey Quality Hotel",
                    "isPartOf": {
                        "@id": "https:\/\/www.hoteldelreyfoz.com\/#website"
                    },
                    "datePublished": "2022-02-04T14:35:49+00:00",
                    "dateModified": "2022-12-27T12:17:57+00:00",
                    "description": "Conhe\u00e7a termos e condi\u00e7\u00f5es do Hotel Del Rey, que conta com \u00e1reas de lazer como piscina com vista panor\u00e2mica e sal\u00e3o de jogos. Divirta-se!",
                    "breadcrumb": {
                        "@id": "https:\/\/www.hoteldelreyfoz.com\/en\/del-rey-quality-hotel-in-foz-do-iguacu\/terms-and-conditions\/#breadcrumb"
                    },
                    "inLanguage": "pt-BR",
                    "potentialAction": [
                        {
                            "@type": "ReadAction",
                            "target": [
                                "https:\/\/www.hoteldelreyfoz.com\/en\/del-rey-quality-hotel-in-foz-do-iguacu\/terms-and-conditions\/"
                            ]
                        }
                    ]
                },
                {
                    "@type": "BreadcrumbList",
                    "@id": "https:\/\/www.hoteldelreyfoz.com\/en\/del-rey-quality-hotel-in-foz-do-iguacu\/terms-and-conditions\/#breadcrumb",
                    "itemListElement": [
                        {
                            "@type": "ListItem",
                            "position": 1,
                            "name": "In\u00edcio",
                            "item": "https:\/\/www.hoteldelreyfoz.com\/en\/"
                        },
                        {
                            "@type": "ListItem",
                            "position": 2,
                            "name": "Del Rey Quality Hotel",
                            "item": "https:\/\/www.hoteldelreyfoz.com\/en\/del-rey-quality-hotel-in-foz-do-iguacu\/"
                        },
                        {
                            "@type": "ListItem",
                            "position": 3,
                            "name": "Termos e condi\u00e7\u00f5es"
                        }
                    ]
                },
                {
                    "@type": "WebSite",
                    "@id": "https:\/\/www.hoteldelreyfoz.com\/#website",
                    "url": "https:\/\/www.hoteldelreyfoz.com\/",
                    "name": "Del Rey Quality Hotel",
                    "description": "Hotel em Foz do Igua\u00e7u com pre\u00e7os acess\u00edveis, quartos amplos e localiza\u00e7\u00e3o no Centro, perto de tudo. Reserve pelo nosso site com desconto!",
                    "publisher": {
                        "@id": "https:\/\/www.hoteldelreyfoz.com\/#organization"
                    },
                    "potentialAction": [
                        {
                            "@type": "SearchAction",
                            "target": {
                                "@type": "EntryPoint",
                                "urlTemplate": "https:\/\/www.hoteldelreyfoz.com\/?s={search_term_string}"
                            },
                            "query-input": "required name=search_term_string"
                        }
                    ],
                    "inLanguage": "pt-BR"
                },
                {
                    "@type": "Organization",
                    "@id": "https:\/\/www.hoteldelreyfoz.com\/#organization",
                    "name": "Del Rey Quality Hotel",
                    "url": "https:\/\/www.hoteldelreyfoz.com\/",
                    "logo": {
                        "@type": "ImageObject",
                        "inLanguage": "pt-BR",
                        "@id": "https:\/\/www.hoteldelreyfoz.com\/#\/schema\/logo\/image\/",
                        "url": "https:\/\/www.hoteldelreyfoz.com.br\/wp-content\/uploads\/2021\/09\/delrey.png",
                        "contentUrl": "https:\/\/www.hoteldelreyfoz.com.br\/wp-content\/uploads\/2021\/09\/delrey.png",
                        "width": 225,
                        "height": 224,
                        "caption": "Del Rey Quality Hotel"
                    },
                    "image": {
                        "@id": "https:\/\/www.hoteldelreyfoz.com\/#\/schema\/logo\/image\/"
                    },
                    "sameAs": [
                        "https:\/\/www.facebook.com\/delreyfozhotel",
                        "https:\/\/www.instagram.com\/delreyfoz\/",
                        "https:\/\/www.youtube.com\/channel\/UCSBntO46TaFRFMvuxjJBS_w"
                    ]
                }
            ]
        }
    },
    "_links": {
        "self": [
            {
                "href": "https:\/\/www.hoteldelreyfoz.com\/pt_br\/wp-json\/wp\/v2\/pages\/19713"
            }
        ],
        "collection": [
            {
                "href": "https:\/\/www.hoteldelreyfoz.com\/pt_br\/wp-json\/wp\/v2\/pages"
            }
        ],
        "about": [
            {
                "href": "https:\/\/www.hoteldelreyfoz.com\/pt_br\/wp-json\/wp\/v2\/types\/page"
            }
        ],
        "author": [
            {
                "embeddable": true,
                "href": "https:\/\/www.hoteldelreyfoz.com\/pt_br\/wp-json\/wp\/v2\/users\/1"
            }
        ],
        "replies": [
            {
                "embeddable": true,
                "href": "https:\/\/www.hoteldelreyfoz.com\/pt_br\/wp-json\/wp\/v2\/comments?post=19713"
            }
        ],
        "version-history": [
            {
                "count": 0,
                "href": "https:\/\/www.hoteldelreyfoz.com\/pt_br\/wp-json\/wp\/v2\/pages\/19713\/revisions"
            }
        ],
        "up": [
            {
                "embeddable": true,
                "href": "https:\/\/www.hoteldelreyfoz.com\/pt_br\/wp-json\/wp\/v2\/pages\/16543"
            }
        ],
        "wp:attachment": [
            {
                "href": "https:\/\/www.hoteldelreyfoz.com\/pt_br\/wp-json\/wp\/v2\/media?parent=19713"
            }
        ],
        "wp:term": [
            {
                "taxonomy": "category",
                "embeddable": true,
                "href": "https:\/\/www.hoteldelreyfoz.com\/pt_br\/wp-json\/wp\/v2\/categories?post=19713"
            },
            {
                "taxonomy": "post_tag",
                "embeddable": true,
                "href": "https:\/\/www.hoteldelreyfoz.com\/pt_br\/wp-json\/wp\/v2\/tags?post=19713"
            }
        ],
        "curies": [
            {
                "name": "wp",
                "href": "https:\/\/api.w.org\/{rel}",
                "templated": true
            }
        ]
    }
}