{"id":19965,"date":"2022-08-26T16:07:46","date_gmt":"2022-08-26T19:07:46","guid":{"rendered":"https:\/\/www.hoteldelreyfoz.com\/?p=19965"},"modified":"2022-12-27T17:44:22","modified_gmt":"2022-12-27T20:44:22","slug":"check-out-the-main-events-of-2022-in-foz-do-iguacu-2","status":"publish","type":"post","link":"https:\/\/www.hoteldelreyfoz.com\/en\/blog\/check-out-the-main-events-of-2022-in-foz-do-iguacu-2\/","title":{"rendered":"Check out the main events of 2022 in Foz do Igua\u00e7u!"},"content":{"rendered":"<p><span style=\"font-weight: 400;\">Foz do Igua\u00e7u, with its charms, is a destination for lovers of nature, wine and international cuisine. In addition, it is also a destination for those who do business, and can be a great choice for your <\/span><a href=\"https:\/\/www.hoteldelreyfoz.com\/en\/blog\/foz-do-iguacu-the-perfect-destination-for-your-bleisure-trip\/\"><span style=\"font-weight: 400;\">bleisure trip<\/span><\/a><span style=\"font-weight: 400;\">, which mixes work and leisure. And why not? Check out!<\/span><\/p>\n<p><span style=\"font-weight: 400;\">One of the most beloved cities of travelers from all over the world, it was also discovered by Brazilians in recent years. And it&#039;s not for little, right, there&#039;s one of the <\/span><a href=\"https:\/\/www.hoteltarobafoz.com.br\/principais-pontos-turisticos-do-brasil\/\"><span style=\"font-weight: 400;\">most attractive beauties of our country<\/span><\/a><span style=\"font-weight: 400;\">!<\/span><\/p>\n<p><span style=\"font-weight: 400;\">According to research carried out by the International Congress and Convention Association (ICCA), the city of Foz do Igua\u00e7u is one of the three cities in Brazil that receive the most events, congresses, fairs and international conventions.<\/span><\/p>\n<p><span style=\"font-weight: 400;\">At first glance, it seems that the experience ends there, but we already guarantee that the search for Foz as a travel itinerary, consequently, motivated more than the tourist tours, but also the business segment.<\/span><\/p>\n<p>The city has several incredible events, in different segments, such as the\u00a0<b><\/b><b><a href=\"https:\/\/www.hoteldelreyfoz.com\/en\/blog\/30-days-until-the-start-of-the-sertao-rally-in-foz-do-iguacu\/\">Rally dos Sert\u00f5es 2022<\/a>, which will start in Foz do Igua\u00e7u on August 27th.<\/b><\/p>\n<h4><strong>Biggest Rally in the World will be in Foz<\/strong><\/h4>\n<p>For the first time in history, one of the most famous rallies in the world will leave Foz! The city was chosen to be the commemorative venue for the 30th year of the event and also honors the bicentennial of the Independence of Brazil.<\/p>\n<p>Certainly, due to the size of the route, it is already considered the biggest rally in the world. Participants will travel practically all regions of Brazil. There are more than 7200 km of route.<\/p>\n<p>In addition, it passes through eight Brazilian states. The race starts in the city of Foz do Igua\u00e7u, in Paran\u00e1, and goes through Presidente Prudente, in S\u00e3o Paulo, Campo Grande in Mato Grosso do Sul and Barra do Gar\u00e7as in Mato Grosso.<\/p>\n<h4>Event attracts audiences from all over Brazil<\/h4>\n<p>It is estimated that approximately 2 thousand people, including pilots, mechanics and technicians, in addition to spectators, will be attracted to the city of Foz on this date for the occasion of the start of the race. The stands will seat 5,000 people.<\/p>\n<p><img decoding=\"async\" loading=\"lazy\" class=\"aligncenter wp-image-20541 size-full\" src=\"https:\/\/www.hoteldelreyfoz.com\/wp-content\/uploads\/2022\/07\/315_marcelomaragni_014067_34124-scaled.jpg\" alt=\"events in foz do igua\u00e7u\" width=\"2560\" height=\"1706\" srcset=\"https:\/\/www.hoteldelreyfoz.com\/wp-content\/uploads\/2022\/07\/315_marcelomaragni_014067_34124-scaled.jpg 2048w, https:\/\/www.hoteldelreyfoz.com\/wp-content\/uploads\/2022\/07\/315_marcelomaragni_014067_34124-300x200.jpg 300w, https:\/\/www.hoteldelreyfoz.com\/wp-content\/uploads\/2022\/07\/315_marcelomaragni_014067_34124-1024x683.jpg 1024w, https:\/\/www.hoteldelreyfoz.com\/wp-content\/uploads\/2022\/07\/315_marcelomaragni_014067_34124-768x512.jpg 768w, https:\/\/www.hoteldelreyfoz.com\/wp-content\/uploads\/2022\/07\/315_marcelomaragni_014067_34124-1536x1024.jpg 1536w\" sizes=\"(max-width: 2560px) 100vw, 2560px\" \/><\/p>\n<p>See some materials about the event Rally dos Sert\u00f5es edition 2022<\/p>\n<p><a href=\"https:\/\/www.hoteldelreyfoz.com\/wp-content\/uploads\/2022\/07\/Guia-Programacao_S22.pdf\">Programming Guide_S22<\/a> <a href=\"https:\/\/www.hoteldelreyfoz.com\/wp-content\/uploads\/2022\/07\/GUIA_FOZ_PR.pdf\">GUIA_FOZ_PR<\/a><\/p>\n<p><a href=\"https:\/\/www.hoteldelreyfoz.com\/wp-content\/uploads\/2022\/07\/GUIA_FOZ_PR.pdf\">GUIA_FOZ_PR<\/a><\/p>\n<p><a href=\"https:\/\/www.hoteldelreyfoz.com\/wp-content\/uploads\/2022\/07\/Dados-Fatos-S22.pdf\">Data &amp; Facts S22<\/a><\/p>\n<p><b>In September, <\/b><b>Puerto Iguaz\u00fa will gather m<\/b><b style=\"font-size: 16px;\">More than 90 Argentine wineries\u00a0<\/b><\/p>\n<p>The traditional wine fair, which has been taking place for six years in the Argentine city that borders Foz do Igua\u00e7u, will have the participation of the best Wineries in the country.<\/p>\n<p><span style=\"font-weight: 400;\">With a date set for the 9th and 10th of September, the 6th edition of Oda Al Vino 2022 returns in a new format and with many activities to delight any wine lover. The event is a milestone for the city of <\/span><a href=\"https:\/\/www.daytours4u.com\/pt\/destinos\/argentina\/iguazu-misiones.html\/?affiliate_code=9pk6ykMgAs&amp;referring_service=link\"><span style=\"font-weight: 400;\">puerto iguazu<\/span><\/a><span style=\"font-weight: 400;\"> in Argentina and also for the entire trinational region, because it attracts people from all over the country and also from Brazil and Paraguay. <\/span><\/p>\n<p><span style=\"font-weight: 400;\">More than 90 wineries are confirmed, as well as the Laur olive oil companies, considered the best in the world, and the renowned La Puerta and Zuccardi. It will be two days to know, enjoy and explore the best of viticulture <\/span><a href=\"https:\/\/www.daytours4u.com\/pt\/destinos\/argentina.html\/?affiliate_code=9pk6ykMgAs&amp;referring_service=link\"><span style=\"font-weight: 400;\">Argentina<\/span><\/a><span style=\"font-weight: 400;\"> offers to the world. A unique opportunity to live a complete experience and discover wines from all Argentine regions, through the stands, conversation with enologists, sommeliers and winery owners.<\/span><\/p>\n<p><span style=\"font-weight: 400;\">Gastronomy and regional crafts are other important highlights of the event. Private tastings with high-end wineries are also among the attractions, as well as companies linked to products and services aimed at the universe of wines and their public.<\/span><\/p>\n<h3><strong><span style=\"font-size: 12pt; font-family: Arial; color: #000000; background-color: transparent; font-style: italic; font-variant-numeric: normal; font-variant-east-asian: normal; vertical-align: baseline; white-space: pre-wrap;\">Check out the events for each month of 2022:<\/span><\/strong><\/h3>\n<h5 style=\"padding-left: 40px;\"><a href=\"#janeiro\"><strong>January<\/strong><\/a><\/h5>\n<h5 style=\"padding-left: 40px;\"><a href=\"#fevereiro\"><strong>February<\/strong><\/a><\/h5>\n<h5 style=\"padding-left: 40px;\"><a href=\"#marco\"><strong>March<\/strong><\/a><\/h5>\n<h5 style=\"padding-left: 40px;\"><a href=\"#abril\"><strong>April<\/strong><\/a><\/h5>\n<h5 style=\"padding-left: 40px;\"><a href=\"#maio\"><strong>May<\/strong><\/a><\/h5>\n<h5 style=\"padding-left: 40px;\"><a href=\"#junho\"><strong>June<\/strong><\/a><\/h5>\n<h5 style=\"padding-left: 40px;\"><a href=\"#julho\"><strong>July<\/strong><\/a><\/h5>\n<h5 style=\"padding-left: 40px;\"><a href=\"#agosto\"><strong>August<\/strong><\/a><\/h5>\n<h5 style=\"padding-left: 40px;\"><a href=\"#setembro\"><strong>September<\/strong><\/a><\/h5>\n<h5 style=\"padding-left: 40px;\"><a href=\"#outubro\"><strong>October<\/strong><\/a><\/h5>\n<h5 style=\"padding-left: 40px;\"><a href=\"#novembro\"><strong>November<\/strong><\/a><\/h5>\n<h5 style=\"padding-left: 40px;\"><a href=\"#dezembro\"><strong>December<\/strong><\/a><\/h5>\n<p><img decoding=\"async\" loading=\"lazy\" class=\"wp-image-19665 size-full\" title=\"mouth events\" src=\"https:\/\/www.hoteldelreyfoz.com\/wp-content\/uploads\/2022\/02\/churrascaria-rafain-show-foz-do-iguacu.jpeg\" alt=\"Events\" width=\"1798\" height=\"1199\" srcset=\"https:\/\/www.hoteldelreyfoz.com\/wp-content\/uploads\/2022\/02\/churrascaria-rafain-show-foz-do-iguacu.jpeg 1798w, https:\/\/www.hoteldelreyfoz.com\/wp-content\/uploads\/2022\/02\/churrascaria-rafain-show-foz-do-iguacu-300x200.jpeg 300w, https:\/\/www.hoteldelreyfoz.com\/wp-content\/uploads\/2022\/02\/churrascaria-rafain-show-foz-do-iguacu-1024x683.jpeg 1024w, https:\/\/www.hoteldelreyfoz.com\/wp-content\/uploads\/2022\/02\/churrascaria-rafain-show-foz-do-iguacu-768x512.jpeg 768w, https:\/\/www.hoteldelreyfoz.com\/wp-content\/uploads\/2022\/02\/churrascaria-rafain-show-foz-do-iguacu-1536x1024.jpeg 1536w\" sizes=\"(max-width: 1798px) 100vw, 1798px\" \/><\/p>\n<p><span style=\"font-weight: 400;\">Foz is ready to receive, more and more, events from all sectors, from beer, motorcycling, through psychoanalysis to large conventions in the medical field.<\/span><\/p>\n<p><span style=\"font-weight: 400;\">\u00a0The city&#039;s hotels promote many of them and most of the public can stay in other hotels in the vicinity, especially in <\/span><a href=\"https:\/\/www.hoteldelreyfoz.com\/en\/?gclid=Cj0KCQiA0eOPBhCGARIsAFIwTs52JykvlUuMaQsufqB5m_l-32DIdI7OzjaT6RSfWjaWmBwD5fGjdEQaApx4EALw_wcB\"><span style=\"font-weight: 400;\">Central region<\/span><\/a><span style=\"font-weight: 400;\">. This is due to easy access and good value for money.<\/span><\/p>\n<p><span style=\"font-weight: 400;\">Foz is undoubtedly a good destination option for young adventurers, in addition to all fans of extreme sports and adventure. However, it also offers attractions for young couples and families of all ages.\u00a0<\/span><\/p>\n<p><span style=\"font-weight: 400;\">Above all, Foz is always full of news, as is the case with <\/span><a href=\"https:\/\/www.hoteldelreyfoz.com\/en\/blog\/the-largest-ferris-wheel-in-brazil-and-latin-america-is-in-foz-do-iguacu\/\"><span style=\"font-weight: 400;\">newly opened ferris wheel<\/span><\/a><span style=\"font-weight: 400;\">, thinking about the summer of 2021 and the entire year of 2022.\u00a0<\/span><\/p>\n<p><span style=\"font-weight: 400;\">the ferris wheel <\/span><a href=\"https:\/\/yupstar.com.br\/?gclid=Cj0KCQiAubmPBhCyARIsAJWNpiPvwQkfa2ItmL1h2kASe4e_oTZYxxSxpd0uzxgKvRdDGCRuygUU5kgaAm2OEALw_wcB\"><span style=\"font-weight: 400;\">Yupi Star<\/span><\/a><span style=\"font-weight: 400;\"> it is considered the largest in Brazil and Latin America, with 88 meters high, 36 air-conditioned cabins for eight people in each one of them and approximately 20 minutes of walking. The only one in the world where you can see the landscape of three countries: Brazil, Argentina and Paraguay.<\/span><\/p>\n<p><span style=\"font-weight: 400;\">Are you thinking of<\/span><a href=\"https:\/\/www.hoteldelreyfoz.com\/en\/blog\/foz-do-iguacu-the-perfect-destination-for-your-bleisure-trip\/\"><span style=\"font-weight: 400;\"> go to foz for work<\/span><\/a><span style=\"font-weight: 400;\">, courses or events and take advantage of the reason to <\/span><a href=\"https:\/\/www.hoteldelreyfoz.com\/en\/blog\/3-documentos-necessarios-para-atravessar-a-divisa-de-foz-do-iguacu-2022\/\"><span style=\"font-weight: 400;\">cross the border into Paraguay and Argentina<\/span><\/a><span style=\"font-weight: 400;\">? We give the tips of the documents and everything that is needed for that.<\/span><\/p>\n<p>&nbsp;<\/p>\n<p><img decoding=\"async\" loading=\"lazy\" class=\"alignnone wp-image-19671 size-full\" title=\"events \" src=\"https:\/\/www.hoteldelreyfoz.com\/wp-content\/uploads\/2022\/02\/yupi-star-roda-gigante-e1647450164547.jpg\" alt=\"events\" width=\"960\" height=\"838\" srcset=\"https:\/\/www.hoteldelreyfoz.com\/wp-content\/uploads\/2022\/02\/yupi-star-roda-gigante-e1647450164547.jpg 960w, https:\/\/www.hoteldelreyfoz.com\/wp-content\/uploads\/2022\/02\/yupi-star-roda-gigante-e1647450164547-300x262.jpg 300w, https:\/\/www.hoteldelreyfoz.com\/wp-content\/uploads\/2022\/02\/yupi-star-roda-gigante-e1647450164547-768x670.jpg 768w\" sizes=\"(max-width: 960px) 100vw, 960px\" \/><\/p>\n<h2><b>Check out the main events for 2022 in Foz do Igua\u00e7u<\/b><\/h2>\n<p><span style=\"font-weight: 400;\">Thinking about so much market and how wonderful it can be to take a course or hold an event in Foz, reconciling so many attractions and <\/span><a href=\"https:\/\/www.hoteldelreyfoz.com\/en\/blog\/logbook-memorable-experiences-in-foz-do-iguacu\/\"><span style=\"font-weight: 400;\">fantastic experiences <\/span><\/a><span style=\"font-weight: 400;\">over there. Meanwhile, we carried out a survey of the various events already confirmed for this year 2022.<\/span><\/p>\n<p><span style=\"font-weight: 400;\">This post is for you to closely follow and participate in everything that is going on in Foz. You can even start, right now, thinking about and looking at airline tickets. After all, is there anything better than planning a trip? Even if it happens for the period of 3 to 5 days. Even, who knows, you can&#039;t even go by car? If you are in the South or even in the State of S\u00e3o Paulo, it is possible to consider this option.\u00a0<\/span><\/p>\n<p><img decoding=\"async\" loading=\"lazy\" class=\"aligncenter wp-image-19667 size-full\" title=\"events\" src=\"https:\/\/www.hoteldelreyfoz.com\/wp-content\/uploads\/2022\/02\/evento-em-foz-do-iguacu.jpg\" alt=\"events \" width=\"800\" height=\"534\" srcset=\"https:\/\/www.hoteldelreyfoz.com\/wp-content\/uploads\/2022\/02\/evento-em-foz-do-iguacu.jpg 800w, https:\/\/www.hoteldelreyfoz.com\/wp-content\/uploads\/2022\/02\/evento-em-foz-do-iguacu-300x200.jpg 300w, https:\/\/www.hoteldelreyfoz.com\/wp-content\/uploads\/2022\/02\/evento-em-foz-do-iguacu-768x513.jpg 768w\" sizes=\"(max-width: 800px) 100vw, 800px\" \/><\/p>\n<p><span style=\"font-weight: 400;\">First of all, check out the events and attractions that we recommend.<\/span><\/p>\n<p><span style=\"font-weight: 400;\">In addition to being informed about all upcoming events in Foz do Igua\u00e7u and the region, you can also take advantage of these tips to create an itinerary during your stay here. We appreciate the preference.<\/span><\/p>\n<p>In Foz, there are incredible places for lunches, dinners, ballads, happy hour, as well as shows with different nationalities. As for example is the case of <a href=\"https:\/\/rafainchurrascaria.com.br\/\">Rafael Show<\/a>, museums, exhibitions, fairs and lectures. That is, it is possible to merge events with all this and much more.<\/p>\n<h3><b><\/b><b>Check out what has been confirmed so far in the Foz calendar for 2022:<\/b><\/h3>\n<p><span style=\"font-weight: 400;\">According to one of <\/span><a href=\"https:\/\/www.destino.foz.br\/calendario-de-eventos\/\" class=\"broken_link\"><span style=\"font-weight: 400;\">event calendars <\/span><\/a><span style=\"font-weight: 400;\">released in Foz and verified by the <\/span><a href=\"https:\/\/www.hoteldelreyfoz.com\/en\/\"><span style=\"font-weight: 400;\">Del Rey Quality Hotel<\/span><\/a><span style=\"font-weight: 400;\">, every month there is an event. Many of them are carried out and organized within the city&#039;s own hotels, something very convenient.<\/span><\/p>\n<p><span style=\"font-weight: 400;\">Despite this, nothing prevents you from staying in a more affordable hotel, with a better cost-benefit ratio, so that you have more money in your budget to go out for a little while. And, who knows, maybe extend your stay to 3 or 4 days to enjoy Foz. At Del Rey, for example, <\/span><a href=\"https:\/\/www.hoteldelreyfoz.com\/en\/contact\/\"><span style=\"font-weight: 400;\">if the reservation is made directly through the website<\/span><\/a><span style=\"font-weight: 400;\"> or WhatsApp, you get 10% discount.<\/span><\/p>\n<p><img decoding=\"async\" loading=\"lazy\" class=\"aligncenter wp-image-19668 size-full\" title=\"events\" src=\"https:\/\/www.hoteldelreyfoz.com\/wp-content\/uploads\/2022\/02\/hotel-del-rey-foz-piscina-noturna.jpg\" alt=\"events \" width=\"1080\" height=\"720\" srcset=\"https:\/\/www.hoteldelreyfoz.com\/wp-content\/uploads\/2022\/02\/hotel-del-rey-foz-piscina-noturna.jpg 1080w, https:\/\/www.hoteldelreyfoz.com\/wp-content\/uploads\/2022\/02\/hotel-del-rey-foz-piscina-noturna-300x200.jpg 300w, https:\/\/www.hoteldelreyfoz.com\/wp-content\/uploads\/2022\/02\/hotel-del-rey-foz-piscina-noturna-1024x683.jpg 1024w, https:\/\/www.hoteldelreyfoz.com\/wp-content\/uploads\/2022\/02\/hotel-del-rey-foz-piscina-noturna-768x512.jpg 768w\" sizes=\"(max-width: 1080px) 100vw, 1080px\" \/><\/p>\n<p><b>Now, check out the main events planned for 2022 in Foz do Igua\u00e7u, held in hotels and public spaces in the city.<\/b><\/p>\n<p><span style=\"font-weight: 400;\">Here is the monthly calendar:<\/span><\/p>\n<ul>\n<li>\n<h3><b><a name=\"janeiro\"><\/a>January 2022<\/b><\/h3>\n<\/li>\n<\/ul>\n<h4><strong>Fair<\/strong><strong> International Crafts and Decoration<\/strong><\/h4>\n<p><span style=\"font-weight: 400;\"><strong>Period:<\/strong> 01\/08 to 02\/12\/2022<\/span><\/p>\n<p><span style=\"font-weight: 400;\"><strong>Local:<\/strong> Shopping Catua\u00ed Palladium.<\/span><\/p>\n<p><strong>Information: <\/strong><a href=\"https:\/\/www.catuaipalladium.com.br\/\" target=\"_blank\" rel=\"noopener\"><span style=\"font-weight: 400;\">https:\/\/www.catuaipalladium.com.br\/<\/span><\/a><\/p>\n<p>&nbsp;<\/p>\n<h4><strong>Atlas Sales Convention 2022\u00a0<\/strong><\/h4>\n<p><span style=\"font-weight: 400;\"><strong>Period:<\/strong> 01\/27 to 02\/29\/2022<\/span><\/p>\n<p><span style=\"font-weight: 400;\"><strong>Local:<\/strong> Mabu Thermas Grand Resort.<\/span><\/p>\n<p>&nbsp;<\/p>\n<h4><strong>Nisei Challenge 2022<\/strong><\/h4>\n<p><span style=\"font-weight: 400;\"><strong>Period:<\/strong> 01\/30 to 02\/01\/2022<\/span><\/p>\n<p><span style=\"font-weight: 400;\"><strong>Local:<\/strong> Hotel Bourbon Cataratas Convention &amp; Resort.<br \/>\n<\/span><\/p>\n<p>&nbsp;<\/p>\n<ul>\n<li>\n<h3><b><a name=\"fevereiro\"><\/a>\u00a0February 2022<\/b><\/h3>\n<\/li>\n<\/ul>\n<h4><strong>Pastry Course in Foz do Igua\u00e7u<\/strong><\/h4>\n<p><span style=\"font-weight: 400;\"><strong>Period:<\/strong> 07\/02\/2022<\/span><\/p>\n<p><strong>Local: <\/strong><span style=\"font-weight: 400;\">Shopping Catua\u00ed Palladium.<\/span><\/p>\n<p><strong>Information: <\/strong><a href=\"https:\/\/sites.google.com\/view\/confeytaria\" target=\"_blank\" rel=\"noopener\"><span style=\"font-weight: 400;\">https:\/\/sites.google.com\/view\/confeytaria<\/span><\/a><\/p>\n<p>&nbsp;<\/p>\n<h4><strong>18th International Meeting of Jurists<\/strong><\/h4>\n<p><span style=\"font-weight: 400;\"><strong>Period:<\/strong> 02\/11 to 02\/14\/2022<\/span><\/p>\n<p><span style=\"font-weight: 400;\"><strong>Local:<\/strong> Hotel Golden Park International.<\/span><\/p>\n<p>&nbsp;<\/p>\n<h4><strong>Abba Experience in Concert<\/strong><\/h4>\n<p><span style=\"font-weight: 400;\"><strong>Period:<\/strong> 12\/02\/2022<\/span><\/p>\n<p><span style=\"font-weight: 400;\"><strong>Local:<\/strong> Hotel Bourbon Cataratas Convention &amp; Resort.<\/span><\/p>\n<p>&nbsp;<\/p>\n<h4><strong>IoPT Method Foz do Igua\u00e7u<\/strong><\/h4>\n<p><span style=\"font-weight: 400;\"><strong>Period:<\/strong> 02\/18 to 02\/20\/2022<\/span><\/p>\n<p><span style=\"font-weight: 400;\"><strong>Local:<\/strong> Hotel Carim\u00e3 &amp; Convention Foz do Igua\u00e7u.<\/span><\/p>\n<p>&nbsp;<\/p>\n<ul>\n<li>\n<h3><b><a name=\"marco\"><\/a>March 2022<\/b><\/h3>\n<\/li>\n<\/ul>\n<h4><strong>VI International Symposium on Current Law \u2013 6th SINDA<\/strong><\/h4>\n<p><span style=\"font-weight: 400;\"><strong>Period:<\/strong> 03\/01 and 03\/02\/2022<\/span><\/p>\n<p><span style=\"font-weight: 400;\"><strong>Local:<\/strong> Shopping Catua\u00ed Palladium.<\/span><\/p>\n<p>&nbsp;<\/p>\n<h4><strong>Atacama Desert Expedition with Santiago<\/strong><\/h4>\n<p><span style=\"font-weight: 400;\"><strong>Period:<\/strong> 03\/02 to 03\/20\/2022<\/span><\/p>\n<p><span style=\"font-weight: 400;\"><strong>Local:<\/strong> Shopping Catua\u00ed Palladium.<\/span><\/p>\n<p><span style=\"font-weight: 400;\"><strong>Information:<\/strong> <\/span><a href=\"https:\/\/mototour.com.br\/expedicao-deserto-do-atacama-com-santiago\" target=\"_blank\" rel=\"noopener\"><span style=\"font-weight: 400;\">https:\/\/mototour.com.br\/expedicao-deserto-do-atacama-com-santiago<\/span><\/a><\/p>\n<p>&nbsp;<\/p>\n<h4><strong>Women&#039;s Event<\/strong><\/h4>\n<p><span style=\"font-weight: 400;\"><strong>Period:<\/strong> 03\/06 and 03\/07\/2022<\/span><\/p>\n<p><span style=\"font-weight: 400;\"><strong>Local:<\/strong> SESC Foz do Iguacu.<\/span><\/p>\n<p><strong>Information: <\/strong><a href=\"https:\/\/www.sescpr.com.br\/unidade\/sesc-foz-do-iguacu\/\" target=\"_blank\" rel=\"noopener\"><span style=\"font-weight: 400;\">https:\/\/www.sescpr.com.br\/unidade\/sesc-foz-do-iguacu\/<\/span><\/a><\/p>\n<p>&nbsp;<\/p>\n<h4><strong>XV Symposium of Specialists in Planning the Operation and Expansion of Electric Energy Systems<\/strong><\/h4>\n<p><span style=\"font-weight: 400;\"><strong>Period:<\/strong> 03\/15 to 03\/18\/2022<\/span><\/p>\n<p><strong>Local: <\/strong><span style=\"font-weight: 400;\">Hotel Bourbon Cataratas Convention &amp; Resort.<\/span><\/p>\n<p><strong>Information: <\/strong><a href=\"https:\/\/www.sepope.com.br\/\" target=\"_blank\" rel=\"noopener\"><span style=\"font-weight: 400;\">https:\/\/www.sepope.com.br\/<\/span><\/a><\/p>\n<p>&nbsp;<\/p>\n<h4><strong>ibusiness 2022<\/strong><\/h4>\n<p><span style=\"font-weight: 400;\"><strong>Period:<\/strong> 03\/17 and 03\/18\/2022<\/span><\/p>\n<p><strong>Local: <\/strong><span style=\"font-weight: 400;\">Rafain Palace Hotel &amp; Convention.<\/span><\/p>\n<p><strong>Information: <\/strong><a href=\"https:\/\/redetelesul.com.br\/ibusiness\" target=\"_blank\" rel=\"noopener\"><span style=\"font-weight: 400;\">https:\/\/redetelesul.com.br\/ibusiness<\/span><\/a><\/p>\n<p>&nbsp;<\/p>\n<h4><strong>Fun Colors Festival of Colors \u2013 Foz do Igua\u00e7u<\/strong><\/h4>\n<p><span style=\"font-weight: 400;\"><strong>Period:<\/strong> 13\/03\/2022<\/span><\/p>\n<p><strong>Information: <\/strong><a href=\"https:\/\/www.facebook.com\/FunColorsBrasil\" target=\"_blank\" rel=\"noopener\"><span style=\"font-weight: 400;\">https:\/\/www.facebook.com\/FunColorsBrasil<\/span><\/a><\/p>\n<p>&nbsp;<\/p>\n<h4><strong>Falls Half Marathon<\/strong><\/h4>\n<p><span style=\"font-weight: 400;\"><strong>Period:<\/strong> 20\/03\/2022<\/span><\/p>\n<p><strong>Information: <\/strong><a href=\"https:\/\/marathons.ahotu.com\/event\/meia-maratona-das-cataratas\" target=\"_blank\" rel=\"noopener\"><span style=\"font-weight: 400;\">https:\/\/marathons.ahotu.com\/event\/meia-maratona-das-cataratas<\/span><\/a><\/p>\n<figure id=\"attachment_19669\" aria-describedby=\"caption-attachment-19669\" style=\"width: 2048px\" class=\"wp-caption aligncenter\"><img decoding=\"async\" loading=\"lazy\" class=\"wp-image-19669 size-full\" title=\"Events\" src=\"https:\/\/www.hoteldelreyfoz.com\/wp-content\/uploads\/2022\/02\/meia-maratona-das-cataratas.jpeg\" alt=\"Event\" width=\"2048\" height=\"1250\" srcset=\"https:\/\/www.hoteldelreyfoz.com\/wp-content\/uploads\/2022\/02\/meia-maratona-das-cataratas.jpeg 2048w, https:\/\/www.hoteldelreyfoz.com\/wp-content\/uploads\/2022\/02\/meia-maratona-das-cataratas-300x183.jpeg 300w, https:\/\/www.hoteldelreyfoz.com\/wp-content\/uploads\/2022\/02\/meia-maratona-das-cataratas-1024x625.jpeg 1024w, https:\/\/www.hoteldelreyfoz.com\/wp-content\/uploads\/2022\/02\/meia-maratona-das-cataratas-768x469.jpeg 768w, https:\/\/www.hoteldelreyfoz.com\/wp-content\/uploads\/2022\/02\/meia-maratona-das-cataratas-1536x938.jpeg 1536w\" sizes=\"(max-width: 2048px) 100vw, 2048px\" \/><figcaption id=\"caption-attachment-19669\" class=\"wp-caption-text\">Falls Half Marathon<\/figcaption><\/figure>\n<h3 style=\"padding-left: 40px;\"><b><a name=\"abril\"><\/a>April 2022<\/b><\/h3>\n<h4><strong>Live Fish Fair 2022<\/strong><\/h4>\n<p><span style=\"font-weight: 400;\"><strong>Period:<\/strong> 04\/12 to 04\/14\/2022<\/span><\/p>\n<p><span style=\"font-weight: 400;\"><strong>Local:<\/strong> <\/span><span style=\"font-weight: 400;\">CTG plow <\/span><span style=\"font-weight: 400;\">Exhibition and Event Park.<\/span><\/p>\n<p>&nbsp;<\/p>\n<p><b>TPIE - Theory and Practice of Existential Inversion\u00a0 <\/b><b>\u00a0\u00a0\u00a0\u00a0\u00a0\u00a0\u00a0\u00a0\u00a0\u00a0\u00a0\u00a0<\/b><\/p>\n<p><span style=\"font-weight: 400;\">Period: 03\/29 to 03\/30<\/span><\/p>\n<p><span style=\"font-weight: 400;\">Information: <\/span><a href=\"https:\/\/assinvexis.org\/\"><span style=\"font-weight: 400;\">https:\/\/assinvexis.org\/<\/span><\/a><\/p>\n<p>&nbsp;<\/p>\n<h4><strong>IAAPA Meeting: Latin America, Caribbean<\/strong><\/h4>\n<p><span style=\"font-weight: 400;\"><strong>Period:<\/strong> 04\/25 to 04\/27\/2022<\/span><\/p>\n<p><strong>Local: <\/strong><span style=\"font-weight: 400;\">Mabu Thermas Grand Resort.<\/span><\/p>\n<p><strong>Information: <\/strong><a href=\"https:\/\/www.iaapa.org\/pt\/encuentro2022\" target=\"_blank\" rel=\"noopener\" class=\"broken_link\"><span style=\"font-weight: 400;\">https:\/\/www.iaapa.org\/pt\/encuentro2022<\/span><\/a><\/p>\n<p>&nbsp;<\/p>\n<h4><strong>X Latin American Congress and XVI Brazilian Congress of Food Hygienists<\/strong><\/h4>\n<p><span style=\"font-weight: 400;\"><strong>Period:<\/strong> 04\/26 to 04\/29\/2022<\/span><\/p>\n<p><span style=\"font-weight: 400;\"><strong>Local:<\/strong> Mabu Thermas Grand Resort.<\/span><\/p>\n<p>&nbsp;<\/p>\n<p><b>17th Brazilian Congress of Brokers \u00a0 \u00a0 <\/b><span style=\"font-weight: 400;\">\u00a0\u00a0\u00a0\u00a0\u00a0\u00a0\u00a0<\/span><\/p>\n<p><span style=\"font-weight: 400;\"><strong>Period<\/strong>: 03\/29 to 04\/03<\/span><\/p>\n<p><span style=\"font-weight: 400;\"><strong>Local<\/strong>: Mabu Thermas Grand Resort<\/span> <span style=\"font-weight: 400;\">\u00a0 \u00a0 \u00a0 \u00a0 \u00a0 \u00a0 \u00a0 \u00a0<\/span><\/p>\n<p>&nbsp;<\/p>\n<h3 style=\"padding-left: 40px;\"><b><a name=\"maio\"><\/a>May 2022<\/b><\/h3>\n<h4><strong>Imobitech Iguassu<\/strong><\/h4>\n<p><span style=\"font-weight: 400;\"><strong>Period:<\/strong> 06\/05 to 07\/05\/2022<\/span><\/p>\n<p><span style=\"font-weight: 400;\"><strong>Local:<\/strong> <\/span><span style=\"font-weight: 400;\">Rafain Palace Hotel &amp; Convention.<\/span><\/p>\n<p>&nbsp;<\/p>\n<h4><strong>IX Brazilian Congress of Soy and Mercosoja 2022<\/strong><\/h4>\n<p><span style=\"font-weight: 400;\"><strong>Period:<\/strong> 05\/16 to 05\/19\/2022<\/span><\/p>\n<p><span style=\"font-weight: 400;\"><strong>Local:<\/strong> Rafain Palace Hotel &amp; Convention.<\/span><\/p>\n<p>&nbsp;<\/p>\n<h4><strong>Congress of the Elderly 2022<\/strong><\/h4>\n<p><span style=\"font-weight: 400;\"><strong>Period:<\/strong> 05\/17 to 05\/22\/2022<\/span><\/p>\n<p><span style=\"font-weight: 400;\"><strong>Local:<\/strong> SESC Foz do Iguacu.<\/span><\/p>\n<p><strong>Information: <\/strong><a href=\"https:\/\/www.sescpr.com.br\/unidade\/sesc-foz-do-iguacu\/\" target=\"_blank\" rel=\"noopener\"><span style=\"font-weight: 400;\">https:\/\/www.sescpr.com.br\/unidade\/sesc-foz-do-iguacu\/<\/span><\/a><\/p>\n<p>&nbsp;<\/p>\n<h4><strong>Brasesul 2022 (South Brazilian Congress of Insurance Brokers)<\/strong><\/h4>\n<p><span style=\"font-weight: 400;\"><strong>Period:<\/strong> 05\/26 and 05\/27\/2022<\/span><\/p>\n<p><strong>Local: <\/strong><span style=\"font-weight: 400;\">Rafain Palace Hotel &amp; Convention.<\/span><\/p>\n<p><strong>Information: <\/strong><a href=\"https:\/\/www.sincor-pr.org.br\/brasesul-e-transferido-para-maio-de-2022\/\" target=\"_blank\" rel=\"noopener\"><span style=\"font-weight: 400;\">https:\/\/www.sincor-pr.org.br\/brasesul-e-transferido-para-maio-de-2022\/<\/span><\/a><\/p>\n<p>&nbsp;<\/p>\n<h3 style=\"padding-left: 40px;\"><b><a name=\"junho\"><\/a>June 2022<\/b><\/h3>\n<h4><strong>Paran\u00e1 Junino<\/strong><\/h4>\n<p><span style=\"font-weight: 400;\"><strong>Period:<\/strong> 04\/06\/2022<\/span><\/p>\n<p><span style=\"font-weight: 400;\"><strong>Local:<\/strong> SESC Foz do Iguacu.<\/span><\/p>\n<p><strong>Information: <\/strong><a href=\"https:\/\/www.sescpr.com.br\/unidade\/sesc-foz-do-iguacu\/\" target=\"_blank\" rel=\"noopener\"><span style=\"font-weight: 400;\">https:\/\/www.sescpr.com.br\/unidade\/sesc-foz-do-iguacu\/<\/span><\/a><\/p>\n<p>&nbsp;<\/p>\n<h4><strong>45th grade<\/p>","protected":false},"excerpt":{"rendered":"<p>Foz do Igua\u00e7u, with its charms, is a destination for lovers of nature, wine and international cuisine. In addition, it is also a destination for those who do business, and can be a great choice for your bleisure trip, which mixes work and leisure. And why not? Check out! One of the most beloved cities of travelers from all over the world, [\u2026]<\/p>","protected":false},"author":1,"featured_media":20539,"comment_status":"closed","ping_status":"closed","sticky":false,"template":"","format":"standard","meta":{"footnotes":""},"categories":[350,52,2,40],"tags":[342,292],"yoast_head":"<!-- This site is optimized with the Yoast SEO plugin v20.12 - https:\/\/yoast.com\/wordpress\/plugins\/seo\/ -->\n<title>Confira os principais eventos de 2022 em Foz do Igua\u00e7u!<\/title>\n<meta name=\"description\" content=\"Confira os principais eventos previstos para 2022 em Foz do Igua\u00e7u, realizados nos hot\u00e9is e espa\u00e7os p\u00fablicos da cidade.\" \/>\n<meta name=\"robots\" content=\"index, follow, max-snippet:-1, max-image-preview:large, max-video-preview:-1\" \/>\n<link rel=\"canonical\" href=\"https:\/\/www.hoteldelreyfoz.com\/en\/blog\/check-the-main-events-of-2022-in-foz-do-iguacu-2\/\" \/>\n<meta property=\"og:locale\" content=\"en_US\" \/>\n<meta property=\"og:type\" content=\"article\" \/>\n<meta property=\"og:title\" content=\"Confira os principais eventos de 2022 em Foz do Igua\u00e7u!\" \/>\n<meta property=\"og:description\" content=\"Confira os principais eventos previstos para 2022 em Foz do Igua\u00e7u, realizados nos hot\u00e9is e espa\u00e7os p\u00fablicos da cidade.\" \/>\n<meta property=\"og:url\" content=\"https:\/\/www.hoteldelreyfoz.com\/en\/blog\/check-the-main-events-of-2022-in-foz-do-iguacu-2\/\" \/>\n<meta property=\"og:site_name\" content=\"Del Rey Quality Hotel\" \/>\n<meta property=\"article:publisher\" content=\"https:\/\/www.facebook.com\/delreyfozhotel\" \/>\n<meta property=\"article:published_time\" content=\"2022-08-26T19:07:46+00:00\" \/>\n<meta property=\"article:modified_time\" content=\"2022-12-27T20:44:22+00:00\" \/>\n<meta property=\"og:image\" content=\"https:\/\/www.hoteldelreyfoz.com\/wp-content\/uploads\/2022\/07\/224_rodrigobarreto_0405934_34124-1-scaled.jpg\" \/>\n\t<meta property=\"og:image:width\" content=\"2048\" \/>\n\t<meta property=\"og:image:height\" content=\"1366\" \/>\n\t<meta property=\"og:image:type\" content=\"image\/jpeg\" \/>\n<meta name=\"author\" content=\"c3dwebadmin\" \/>\n<meta name=\"twitter:card\" content=\"summary_large_image\" \/>\n<meta name=\"twitter:label1\" content=\"Written by\" \/>\n\t<meta name=\"twitter:data1\" content=\"\" \/>\n\t<meta name=\"twitter:label2\" content=\"Est. reading time\" \/>\n\t<meta name=\"twitter:data2\" content=\"22 minutes\" \/>\n<script type=\"application\/ld+json\" class=\"yoast-schema-graph\">{\"@context\":\"https:\/\/schema.org\",\"@graph\":[{\"@type\":\"Article\",\"@id\":\"https:\/\/www.hoteldelreyfoz.com\/blog\/check-the-main-events-of-2022-in-foz-do-iguacu-2\/#article\",\"isPartOf\":{\"@id\":\"https:\/\/www.hoteldelreyfoz.com\/blog\/check-the-main-events-of-2022-in-foz-do-iguacu-2\/\"},\"author\":{\"name\":\"c3dwebadmin\",\"@id\":\"https:\/\/www.hoteldelreyfoz.com\/#\/schema\/person\/2773cc4553fc7dd09ac645b4d7499c90\"},\"headline\":\"Confira os principais eventos de 2022 em Foz do Igua\u00e7u!\",\"datePublished\":\"2022-08-26T19:07:46+00:00\",\"dateModified\":\"2022-12-27T20:44:22+00:00\",\"mainEntityOfPage\":{\"@id\":\"https:\/\/www.hoteldelreyfoz.com\/blog\/check-the-main-events-of-2022-in-foz-do-iguacu-2\/\"},\"wordCount\":1723,\"publisher\":{\"@id\":\"https:\/\/www.hoteldelreyfoz.com\/#organization\"},\"keywords\":[\"eventos\",\"eventos em Foz do Igua\u00e7u\"],\"articleSection\":[\"Eventos\",\"Geral\",\"O que fazer\",\"Planejamento\"],\"inLanguage\":\"en-US\"},{\"@type\":\"WebPage\",\"@id\":\"https:\/\/www.hoteldelreyfoz.com\/blog\/check-the-main-events-of-2022-in-foz-do-iguacu-2\/\",\"url\":\"https:\/\/www.hoteldelreyfoz.com\/blog\/check-the-main-events-of-2022-in-foz-do-iguacu-2\/\",\"name\":\"Confira os principais eventos de 2022 em Foz do Igua\u00e7u!\",\"isPartOf\":{\"@id\":\"https:\/\/www.hoteldelreyfoz.com\/#website\"},\"datePublished\":\"2022-08-26T19:07:46+00:00\",\"dateModified\":\"2022-12-27T20:44:22+00:00\",\"description\":\"Confira os principais eventos previstos para 2022 em Foz do Igua\u00e7u, realizados nos hot\u00e9is e espa\u00e7os p\u00fablicos da cidade.\",\"breadcrumb\":{\"@id\":\"https:\/\/www.hoteldelreyfoz.com\/blog\/check-the-main-events-of-2022-in-foz-do-iguacu-2\/#breadcrumb\"},\"inLanguage\":\"en-US\",\"potentialAction\":[{\"@type\":\"ReadAction\",\"target\":[\"https:\/\/www.hoteldelreyfoz.com\/blog\/check-the-main-events-of-2022-in-foz-do-iguacu-2\/\"]}]},{\"@type\":\"BreadcrumbList\",\"@id\":\"https:\/\/www.hoteldelreyfoz.com\/blog\/check-the-main-events-of-2022-in-foz-do-iguacu-2\/#breadcrumb\",\"itemListElement\":[{\"@type\":\"ListItem\",\"position\":1,\"name\":\"In\u00edcio\",\"item\":\"https:\/\/www.hoteldelreyfoz.com\/en\/\"},{\"@type\":\"ListItem\",\"position\":2,\"name\":\"Confira os principais eventos de 2022 em Foz do Igua\u00e7u!\"}]},{\"@type\":\"WebSite\",\"@id\":\"https:\/\/www.hoteldelreyfoz.com\/#website\",\"url\":\"https:\/\/www.hoteldelreyfoz.com\/\",\"name\":\"Del Rey Quality Hotel\",\"description\":\"Hotel em Foz do Igua\u00e7u com pre\u00e7os acess\u00edveis, quartos amplos e localiza\u00e7\u00e3o no Centro, perto de tudo. Reserve pelo nosso site com desconto!\",\"publisher\":{\"@id\":\"https:\/\/www.hoteldelreyfoz.com\/#organization\"},\"potentialAction\":[{\"@type\":\"SearchAction\",\"target\":{\"@type\":\"EntryPoint\",\"urlTemplate\":\"https:\/\/www.hoteldelreyfoz.com\/?s={search_term_string}\"},\"query-input\":\"required name=search_term_string\"}],\"inLanguage\":\"en-US\"},{\"@type\":\"Organization\",\"@id\":\"https:\/\/www.hoteldelreyfoz.com\/#organization\",\"name\":\"Del Rey Quality Hotel\",\"url\":\"https:\/\/www.hoteldelreyfoz.com\/\",\"logo\":{\"@type\":\"ImageObject\",\"inLanguage\":\"en-US\",\"@id\":\"https:\/\/www.hoteldelreyfoz.com\/#\/schema\/logo\/image\/\",\"url\":\"https:\/\/www.hoteldelreyfoz.com.br\/wp-content\/uploads\/2021\/09\/delrey.png\",\"contentUrl\":\"https:\/\/www.hoteldelreyfoz.com.br\/wp-content\/uploads\/2021\/09\/delrey.png\",\"width\":225,\"height\":224,\"caption\":\"Del Rey Quality Hotel\"},\"image\":{\"@id\":\"https:\/\/www.hoteldelreyfoz.com\/#\/schema\/logo\/image\/\"},\"sameAs\":[\"https:\/\/www.facebook.com\/delreyfozhotel\",\"https:\/\/www.instagram.com\/delreyfoz\/\",\"https:\/\/www.youtube.com\/channel\/UCSBntO46TaFRFMvuxjJBS_w\"]},{\"@type\":\"Person\",\"@id\":\"https:\/\/www.hoteldelreyfoz.com\/#\/schema\/person\/2773cc4553fc7dd09ac645b4d7499c90\",\"name\":\"c3dwebadmin\",\"sameAs\":[\"https:\/\/www.hoteldelreyfoz.com.br\"]}]}<\/script>\n<!-- \/ Yoast SEO plugin. -->","yoast_head_json":{"title":"Check out the main events of 2022 in Foz do Igua\u00e7u!","description":"Check out the main events scheduled for 2022 in Foz do Igua\u00e7u, held in hotels and public spaces in the city.","robots":{"index":"index","follow":"follow","max-snippet":"max-snippet:-1","max-image-preview":"max-image-preview:large","max-video-preview":"max-video-preview:-1"},"canonical":"https:\/\/www.hoteldelreyfoz.com\/en\/blog\/check-the-main-events-of-2022-in-foz-do-iguacu-2\/","og_locale":"en_US","og_type":"article","og_title":"Confira os principais eventos de 2022 em Foz do Igua\u00e7u!","og_description":"Confira os principais eventos previstos para 2022 em Foz do Igua\u00e7u, realizados nos hot\u00e9is e espa\u00e7os p\u00fablicos da cidade.","og_url":"https:\/\/www.hoteldelreyfoz.com\/en\/blog\/check-the-main-events-of-2022-in-foz-do-iguacu-2\/","og_site_name":"Del Rey Quality Hotel","article_publisher":"https:\/\/www.facebook.com\/delreyfozhotel","article_published_time":"2022-08-26T19:07:46+00:00","article_modified_time":"2022-12-27T20:44:22+00:00","og_image":[{"width":2048,"height":1366,"url":"https:\/\/www.hoteldelreyfoz.com\/wp-content\/uploads\/2022\/07\/224_rodrigobarreto_0405934_34124-1-scaled.jpg","type":"image\/jpeg"}],"author":"c3dwebadmin","twitter_card":"summary_large_image","twitter_misc":{"Written by":false,"Est. reading time":"22 minutes"},"schema":{"@context":"https:\/\/schema.org","@graph":[{"@type":"Article","@id":"https:\/\/www.hoteldelreyfoz.com\/blog\/check-the-main-events-of-2022-in-foz-do-iguacu-2\/#article","isPartOf":{"@id":"https:\/\/www.hoteldelreyfoz.com\/blog\/check-the-main-events-of-2022-in-foz-do-iguacu-2\/"},"author":{"name":"c3dwebadmin","@id":"https:\/\/www.hoteldelreyfoz.com\/#\/schema\/person\/2773cc4553fc7dd09ac645b4d7499c90"},"headline":"Confira os principais eventos de 2022 em Foz do Igua\u00e7u!","datePublished":"2022-08-26T19:07:46+00:00","dateModified":"2022-12-27T20:44:22+00:00","mainEntityOfPage":{"@id":"https:\/\/www.hoteldelreyfoz.com\/blog\/check-the-main-events-of-2022-in-foz-do-iguacu-2\/"},"wordCount":1723,"publisher":{"@id":"https:\/\/www.hoteldelreyfoz.com\/#organization"},"keywords":["eventos","eventos em Foz do Igua\u00e7u"],"articleSection":["Eventos","Geral","O que fazer","Planejamento"],"inLanguage":"en-US"},{"@type":"WebPage","@id":"https:\/\/www.hoteldelreyfoz.com\/blog\/check-the-main-events-of-2022-in-foz-do-iguacu-2\/","url":"https:\/\/www.hoteldelreyfoz.com\/blog\/check-the-main-events-of-2022-in-foz-do-iguacu-2\/","name":"Check out the main events of 2022 in Foz do Igua\u00e7u!","isPartOf":{"@id":"https:\/\/www.hoteldelreyfoz.com\/#website"},"datePublished":"2022-08-26T19:07:46+00:00","dateModified":"2022-12-27T20:44:22+00:00","description":"Check out the main events scheduled for 2022 in Foz do Igua\u00e7u, held in hotels and public spaces in the city.","breadcrumb":{"@id":"https:\/\/www.hoteldelreyfoz.com\/blog\/check-the-main-events-of-2022-in-foz-do-iguacu-2\/#breadcrumb"},"inLanguage":"en-US","potentialAction":[{"@type":"ReadAction","target":["https:\/\/www.hoteldelreyfoz.com\/blog\/check-the-main-events-of-2022-in-foz-do-iguacu-2\/"]}]},{"@type":"BreadcrumbList","@id":"https:\/\/www.hoteldelreyfoz.com\/blog\/check-the-main-events-of-2022-in-foz-do-iguacu-2\/#breadcrumb","itemListElement":[{"@type":"ListItem","position":1,"name":"In\u00edcio","item":"https:\/\/www.hoteldelreyfoz.com\/en\/"},{"@type":"ListItem","position":2,"name":"Confira os principais eventos de 2022 em Foz do Igua\u00e7u!"}]},{"@type":"WebSite","@id":"https:\/\/www.hoteldelreyfoz.com\/#website","url":"https:\/\/www.hoteldelreyfoz.com\/","name":"Del Rey Quality Hotel","description":"Hotel in Foz do Igua\u00e7u with affordable prices, spacious rooms and central location, close to everything. Book through our website with a discount!","publisher":{"@id":"https:\/\/www.hoteldelreyfoz.com\/#organization"},"potentialAction":[{"@type":"SearchAction","target":{"@type":"EntryPoint","urlTemplate":"https:\/\/www.hoteldelreyfoz.com\/?s={search_term_string}"},"query-input":"required name=search_term_string"}],"inLanguage":"en-US"},{"@type":"Organization","@id":"https:\/\/www.hoteldelreyfoz.com\/#organization","name":"Del Rey Quality Hotel","url":"https:\/\/www.hoteldelreyfoz.com\/","logo":{"@type":"ImageObject","inLanguage":"en-US","@id":"https:\/\/www.hoteldelreyfoz.com\/#\/schema\/logo\/image\/","url":"https:\/\/www.hoteldelreyfoz.com.br\/wp-content\/uploads\/2021\/09\/delrey.png","contentUrl":"https:\/\/www.hoteldelreyfoz.com.br\/wp-content\/uploads\/2021\/09\/delrey.png","width":225,"height":224,"caption":"Del Rey Quality Hotel"},"image":{"@id":"https:\/\/www.hoteldelreyfoz.com\/#\/schema\/logo\/image\/"},"sameAs":["https:\/\/www.facebook.com\/delreyfozhotel","https:\/\/www.instagram.com\/delreyfoz\/","https:\/\/www.youtube.com\/channel\/UCSBntO46TaFRFMvuxjJBS_w"]},{"@type":"Person","@id":"https:\/\/www.hoteldelreyfoz.com\/#\/schema\/person\/2773cc4553fc7dd09ac645b4d7499c90","name":"c3dwebadmin","sameAs":["https:\/\/www.hoteldelreyfoz.com.br"]}]}},"_links":{"self":[{"href":"https:\/\/www.hoteldelreyfoz.com\/en\/wp-json\/wp\/v2\/posts\/19965"}],"collection":[{"href":"https:\/\/www.hoteldelreyfoz.com\/en\/wp-json\/wp\/v2\/posts"}],"about":[{"href":"https:\/\/www.hoteldelreyfoz.com\/en\/wp-json\/wp\/v2\/types\/post"}],"author":[{"embeddable":true,"href":"https:\/\/www.hoteldelreyfoz.com\/en\/wp-json\/wp\/v2\/users\/1"}],"replies":[{"embeddable":true,"href":"https:\/\/www.hoteldelreyfoz.com\/en\/wp-json\/wp\/v2\/comments?post=19965"}],"version-history":[{"count":0,"href":"https:\/\/www.hoteldelreyfoz.com\/en\/wp-json\/wp\/v2\/posts\/19965\/revisions"}],"wp:featuredmedia":[{"embeddable":true,"href":"https:\/\/www.hoteldelreyfoz.com\/en\/wp-json\/wp\/v2\/media\/20539"}],"wp:attachment":[{"href":"https:\/\/www.hoteldelreyfoz.com\/en\/wp-json\/wp\/v2\/media?parent=19965"}],"wp:term":[{"taxonomy":"category","embeddable":true,"href":"https:\/\/www.hoteldelreyfoz.com\/en\/wp-json\/wp\/v2\/categories?post=19965"},{"taxonomy":"post_tag","embeddable":true,"href":"https:\/\/www.hoteldelreyfoz.com\/en\/wp-json\/wp\/v2\/tags?post=19965"}],"curies":[{"name":"wp","href":"https:\/\/api.w.org\/{rel}","templated":true}]}}