{"id":14742,"date":"2020-09-25T15:15:16","date_gmt":"2020-09-25T18:15:16","guid":{"rendered":"https:\/\/www.hoteldelreyfoz.com\/?p=12554"},"modified":"2024-10-09T22:18:06","modified_gmt":"2024-10-10T01:18:06","slug":"christmas-light-2020-foz-cathedral-projection","status":"publish","type":"post","link":"https:\/\/www.hoteldelreyfoz.com\/en\/blog\/christmas-light-2020-foz-cathedral-projection\/","title":{"rendered":"Natal de Luz 2020 will have a projection in the Vila A Cathedral building in Foz do Igua\u00e7u"},"content":{"rendered":"<p><em>This year&#039;s Christmas of Light 2020 program promises to delight residents and tourists in the Land of Falls<\/em><\/p>\n<p>Itaipu Binacional is preparing a surprise for the population and tourists who intend to visit Foz do Igua\u00e7u. As? Simply with the most innovative and sustainable Christmas party ever hosted by the largest hydroelectric plant in the world.<\/p>\n<p>The grounds of the Nossa Senhora de Guadalupe Cathedral will be the focus of the Christmas of Lights programme, which includes a mapped-type projection, daily, always from 8 pm to midnight, mixing the history of Foz with the famous attractions, diversity that inhabits the city and the magic of Christmas festivities.<\/p>\n<p>The change of address, from Gramad\u00e3o da Vila A to the Cathedral facilities, is due to works in that space. It is worth remembering that the schedule is scheduled for December 5th until the 21st.<\/p>\n<p>Then check out this post that we do <strong>Del Rey Quality Hotel<\/strong> We are prepared to say that Foz is your destination for the end of the year!<\/p>\n<figure id=\"attachment_12556\" aria-describedby=\"caption-attachment-12556\" style=\"width: 1280px\" class=\"wp-caption alignnone\"><img decoding=\"async\" loading=\"lazy\" class=\"wp-image-12556 size-full\" src=\"https:\/\/www.hoteldelreyfoz.com\/wp-content\/uploads\/2020\/10\/catedral-no-natal-rubens-fraulini.jpeg\" alt=\"Cathedral of Foz do Igua\u00e7u - Vila A\" width=\"1280\" height=\"853\" \/><figcaption id=\"caption-attachment-12556\" class=\"wp-caption-text\">Photo: Rubens Fraulini<\/figcaption><\/figure>\n<h3>A show apart!<\/h3>\n<p>The great protagonist of this event, the mapped projection technique, allows you to launch images in a three-dimensional structure, which is previously mapped by software. While the flat projection does not allow the manipulation of light, the mapped - or <em>video mapping<\/em> \u2013 allows the light to be directed exactly to the area that will receive the visual content, that is, creating the illusion that the video fits into the structure.<\/p>\n<p>At the Cathedral, the projection is scheduled to be made on three sides - front and two sides -, in different angles and perspectives, so it will be possible to see the show from different points of Foz do Igua\u00e7u, including the venue itself.<\/p>\n<p>In addition to the mapping, the area of the Cathedral of Vila A will receive a themed decoration of lights, with the right to Santa Claus, a giant colored ball and other toys, in addition to craft stalls for the entire public.<\/p>\n<p><strong>Important!<\/strong> Event production ensures that all health protocols are being adopted to avoid agglomeration and health risk. So rest assured: <strong><em>Foz do Igua\u00e7u is ready to welcome you and your family.<\/em><\/strong><\/p>\n<p>So don&#039;t miss Natal de Luz 2020 with your family in the land of the falls staying at our hotel.<\/p>\n<h3>And if you come to Foz do Igua\u00e7u, stay at the Del Rey Quality Hotel!<\/h3>\n<p>At the end of the year you have an appointment with the beauties of the city of Foz do Igua\u00e7u! So, don&#039;t waste time and make your reservation at the hotel that will provide you with a unique experience in Foz. <strong>Del Rey Quality<\/strong> <strong>Hotel<\/strong> it has 91 modern and comfortable apartments, with room options for up to four people, in addition to cribs (when necessary), perfect for visiting the Land of Falls with the family.<\/p>\n<p>The location is also impressive. In the center of Foz do Igua\u00e7u, next to the Urban Transport Terminal and close to restaurants, market, bakery, pharmacies and banks, the <strong>Del Rey Quality<\/strong> has a quality team to assist you in any tour.<\/p>\n<p>O <strong>Del Rey Quality <\/strong>brings tips for you to have the best stay in Foz do Igua\u00e7u. To do this, just follow our social networks, through Instagram <a href=\"https:\/\/www.instagram.com\/delreyfoz\/\" target=\"_blank\" rel=\"noopener noreferrer\" class=\"broken_link\"><strong>@delreyfoz<\/strong><\/a>, Facebook <a href=\"https:\/\/www.facebook.com\/delreyfozhotel\" target=\"_blank\" rel=\"noopener noreferrer\"><strong>Del Rey Foz<\/strong><\/a> and through the website <a href=\"https:\/\/myreservations.omnibees.com\/default.aspx?q=2694&amp;lang=pt-BR&amp;CheckIn=&amp;CheckOut=&amp;ad=1&amp;ch=0\" target=\"_blank\" rel=\"noopener noreferrer\"><strong>www.hoteldelreyfoz.com.br<\/strong><\/a>, where <strong><em>you guarantee your reservation with 10% discount!<\/em><\/strong><\/p>","protected":false},"excerpt":{"rendered":"<p>This year&#039;s Light Christmas Program 2020 promises to delight residents and tourists in the Land of the Falls Itaipu Binacional is preparing a surprise to present to the population and tourists who intend to visit Foz do Igua\u00e7u. As? Simply with the most innovative and sustainable Christmas party ever hosted by the largest hydroelectric plant in the world. O [\u2026]<\/p>","protected":false},"author":2,"featured_media":14724,"comment_status":"closed","ping_status":"closed","sticky":false,"template":"","format":"standard","meta":{"footnotes":""},"categories":[52],"tags":[304,305,306,307,308],"yoast_head":"<!-- This site is optimized with the Yoast SEO plugin v20.12 - https:\/\/yoast.com\/wordpress\/plugins\/seo\/ -->\n<title>Natal de Luz 2020 na Catedral em Foz do Igua\u00e7u - Del Rey Quality Hotel<\/title>\n<meta name=\"description\" content=\"O final do ano est\u00e1 quase chegando e a Itaipu Binacional est\u00e1 preparando uma supresa para o Natal de Luz 2020 para turistas e moradores\" \/>\n<meta name=\"robots\" content=\"index, follow, max-snippet:-1, max-image-preview:large, max-video-preview:-1\" \/>\n<link rel=\"canonical\" href=\"https:\/\/www.hoteldelreyfoz.com\/en\/blog\/christmas-de-luz-2020-will-count-with-projection-in-the-building-of-the-cathedral-of-the-village-in-foz-do-iguacu\/\" \/>\n<meta property=\"og:locale\" content=\"en_US\" \/>\n<meta property=\"og:type\" content=\"article\" \/>\n<meta property=\"og:title\" content=\"Natal de Luz 2020 na Catedral em Foz do Igua\u00e7u - Del Rey Quality Hotel\" \/>\n<meta property=\"og:description\" content=\"O final do ano est\u00e1 quase chegando e a Itaipu Binacional est\u00e1 preparando uma supresa para o Natal de Luz 2020 para turistas e moradores\" \/>\n<meta property=\"og:url\" content=\"https:\/\/www.hoteldelreyfoz.com\/en\/blog\/christmas-de-luz-2020-will-count-with-projection-in-the-building-of-the-cathedral-of-the-village-in-foz-do-iguacu\/\" \/>\n<meta property=\"og:site_name\" content=\"Del Rey Quality Hotel\" \/>\n<meta property=\"article:publisher\" content=\"https:\/\/www.facebook.com\/delreyfozhotel\" \/>\n<meta property=\"article:published_time\" content=\"2020-09-25T18:15:16+00:00\" \/>\n<meta property=\"article:modified_time\" content=\"2024-10-10T01:18:06+00:00\" \/>\n<meta property=\"og:image\" content=\"https:\/\/www.hoteldelreyfoz.com\/wp-content\/uploads\/2020\/10\/catedral-rubens-fraulini.jpeg\" \/>\n\t<meta property=\"og:image:width\" content=\"1280\" \/>\n\t<meta property=\"og:image:height\" content=\"853\" \/>\n\t<meta property=\"og:image:type\" content=\"image\/jpeg\" \/>\n<meta name=\"author\" content=\"Jaime Mendes\" \/>\n<meta name=\"twitter:card\" content=\"summary_large_image\" \/>\n<meta name=\"twitter:label1\" content=\"Written by\" \/>\n\t<meta name=\"twitter:data1\" content=\"\" \/>\n\t<meta name=\"twitter:label2\" content=\"Est. reading time\" \/>\n\t<meta name=\"twitter:data2\" content=\"4 minutes\" \/>\n<script type=\"application\/ld+json\" class=\"yoast-schema-graph\">{\"@context\":\"https:\/\/schema.org\",\"@graph\":[{\"@type\":\"Article\",\"@id\":\"https:\/\/www.hoteldelreyfoz.com\/blog\/christmas-de-luz-2020-will-count-with-projection-in-the-building-of-the-cathedral-of-the-village-in-foz-do-iguacu\/#article\",\"isPartOf\":{\"@id\":\"https:\/\/www.hoteldelreyfoz.com\/blog\/christmas-de-luz-2020-will-count-with-projection-in-the-building-of-the-cathedral-of-the-village-in-foz-do-iguacu\/\"},\"author\":{\"name\":\"Jaime Mendes\",\"@id\":\"https:\/\/www.hoteldelreyfoz.com\/#\/schema\/person\/7ea55b17cae3e4b8de28d979ce955c9b\"},\"headline\":\"Natal de Luz 2020 contar\u00e1 com proje\u00e7\u00e3o no pr\u00e9dio da Catedral da Vila A em Foz do Igua\u00e7u\",\"datePublished\":\"2020-09-25T18:15:16+00:00\",\"dateModified\":\"2024-10-10T01:18:06+00:00\",\"mainEntityOfPage\":{\"@id\":\"https:\/\/www.hoteldelreyfoz.com\/blog\/christmas-de-luz-2020-will-count-with-projection-in-the-building-of-the-cathedral-of-the-village-in-foz-do-iguacu\/\"},\"wordCount\":636,\"publisher\":{\"@id\":\"https:\/\/www.hoteldelreyfoz.com\/#organization\"},\"keywords\":[\"Decora\u00e7\u00e3o de Natal em Foz\",\"Foz do Igua\u00e7u Natal 2020\",\"Natal 2020\",\"Natal em Foz\",\"Natal nas Cataratas\"],\"articleSection\":[\"Geral\"],\"inLanguage\":\"en-US\"},{\"@type\":\"WebPage\",\"@id\":\"https:\/\/www.hoteldelreyfoz.com\/blog\/christmas-de-luz-2020-will-count-with-projection-in-the-building-of-the-cathedral-of-the-village-in-foz-do-iguacu\/\",\"url\":\"https:\/\/www.hoteldelreyfoz.com\/blog\/christmas-de-luz-2020-will-count-with-projection-in-the-building-of-the-cathedral-of-the-village-in-foz-do-iguacu\/\",\"name\":\"Natal de Luz 2020 na Catedral em Foz do Igua\u00e7u - Del Rey Quality Hotel\",\"isPartOf\":{\"@id\":\"https:\/\/www.hoteldelreyfoz.com\/#website\"},\"datePublished\":\"2020-09-25T18:15:16+00:00\",\"dateModified\":\"2024-10-10T01:18:06+00:00\",\"description\":\"O final do ano est\u00e1 quase chegando e a Itaipu Binacional est\u00e1 preparando uma supresa para o Natal de Luz 2020 para turistas e moradores\",\"breadcrumb\":{\"@id\":\"https:\/\/www.hoteldelreyfoz.com\/blog\/christmas-de-luz-2020-will-count-with-projection-in-the-building-of-the-cathedral-of-the-village-in-foz-do-iguacu\/#breadcrumb\"},\"inLanguage\":\"en-US\",\"potentialAction\":[{\"@type\":\"ReadAction\",\"target\":[\"https:\/\/www.hoteldelreyfoz.com\/blog\/christmas-de-luz-2020-will-count-with-projection-in-the-building-of-the-cathedral-of-the-village-in-foz-do-iguacu\/\"]}]},{\"@type\":\"BreadcrumbList\",\"@id\":\"https:\/\/www.hoteldelreyfoz.com\/blog\/christmas-de-luz-2020-will-count-with-projection-in-the-building-of-the-cathedral-of-the-village-in-foz-do-iguacu\/#breadcrumb\",\"itemListElement\":[{\"@type\":\"ListItem\",\"position\":1,\"name\":\"In\u00edcio\",\"item\":\"https:\/\/www.hoteldelreyfoz.com\/en\/\"},{\"@type\":\"ListItem\",\"position\":2,\"name\":\"Natal de Luz 2020 contar\u00e1 com proje\u00e7\u00e3o no pr\u00e9dio da Catedral da Vila A em Foz do Igua\u00e7u\"}]},{\"@type\":\"WebSite\",\"@id\":\"https:\/\/www.hoteldelreyfoz.com\/#website\",\"url\":\"https:\/\/www.hoteldelreyfoz.com\/\",\"name\":\"Del Rey Quality Hotel\",\"description\":\"Hotel em Foz do Igua\u00e7u com pre\u00e7os acess\u00edveis, quartos amplos e localiza\u00e7\u00e3o no Centro, perto de tudo. Reserve pelo nosso site com desconto!\",\"publisher\":{\"@id\":\"https:\/\/www.hoteldelreyfoz.com\/#organization\"},\"potentialAction\":[{\"@type\":\"SearchAction\",\"target\":{\"@type\":\"EntryPoint\",\"urlTemplate\":\"https:\/\/www.hoteldelreyfoz.com\/?s={search_term_string}\"},\"query-input\":\"required name=search_term_string\"}],\"inLanguage\":\"en-US\"},{\"@type\":\"Organization\",\"@id\":\"https:\/\/www.hoteldelreyfoz.com\/#organization\",\"name\":\"Del Rey Quality Hotel\",\"url\":\"https:\/\/www.hoteldelreyfoz.com\/\",\"logo\":{\"@type\":\"ImageObject\",\"inLanguage\":\"en-US\",\"@id\":\"https:\/\/www.hoteldelreyfoz.com\/#\/schema\/logo\/image\/\",\"url\":\"https:\/\/www.hoteldelreyfoz.com.br\/wp-content\/uploads\/2021\/09\/delrey.png\",\"contentUrl\":\"https:\/\/www.hoteldelreyfoz.com.br\/wp-content\/uploads\/2021\/09\/delrey.png\",\"width\":225,\"height\":224,\"caption\":\"Del Rey Quality Hotel\"},\"image\":{\"@id\":\"https:\/\/www.hoteldelreyfoz.com\/#\/schema\/logo\/image\/\"},\"sameAs\":[\"https:\/\/www.facebook.com\/delreyfozhotel\",\"https:\/\/www.instagram.com\/delreyfoz\/\",\"https:\/\/www.youtube.com\/channel\/UCSBntO46TaFRFMvuxjJBS_w\"]},{\"@type\":\"Person\",\"@id\":\"https:\/\/www.hoteldelreyfoz.com\/#\/schema\/person\/7ea55b17cae3e4b8de28d979ce955c9b\",\"name\":\"Jaime Mendes\"}]}<\/script>\n<!-- \/ Yoast SEO plugin. -->","yoast_head_json":{"title":"Christmas of Light 2020 at the Cathedral in Foz do Igua\u00e7u - Del Rey Quality Hotel","description":"The end of the year is almost here and Itaipu Binacional is preparing a surprise for Christmas of Light 2020 for tourists and locals","robots":{"index":"index","follow":"follow","max-snippet":"max-snippet:-1","max-image-preview":"max-image-preview:large","max-video-preview":"max-video-preview:-1"},"canonical":"https:\/\/www.hoteldelreyfoz.com\/en\/blog\/christmas-de-luz-2020-will-count-with-projection-in-the-building-of-the-cathedral-of-the-village-in-foz-do-iguacu\/","og_locale":"en_US","og_type":"article","og_title":"Natal de Luz 2020 na Catedral em Foz do Igua\u00e7u - Del Rey Quality Hotel","og_description":"O final do ano est\u00e1 quase chegando e a Itaipu Binacional est\u00e1 preparando uma supresa para o Natal de Luz 2020 para turistas e moradores","og_url":"https:\/\/www.hoteldelreyfoz.com\/en\/blog\/christmas-de-luz-2020-will-count-with-projection-in-the-building-of-the-cathedral-of-the-village-in-foz-do-iguacu\/","og_site_name":"Del Rey Quality Hotel","article_publisher":"https:\/\/www.facebook.com\/delreyfozhotel","article_published_time":"2020-09-25T18:15:16+00:00","article_modified_time":"2024-10-10T01:18:06+00:00","og_image":[{"width":1280,"height":853,"url":"https:\/\/www.hoteldelreyfoz.com\/wp-content\/uploads\/2020\/10\/catedral-rubens-fraulini.jpeg","type":"image\/jpeg"}],"author":"Jaime Mendes","twitter_card":"summary_large_image","twitter_misc":{"Written by":false,"Est. reading time":"4 minutes"},"schema":{"@context":"https:\/\/schema.org","@graph":[{"@type":"Article","@id":"https:\/\/www.hoteldelreyfoz.com\/blog\/christmas-de-luz-2020-will-count-with-projection-in-the-building-of-the-cathedral-of-the-village-in-foz-do-iguacu\/#article","isPartOf":{"@id":"https:\/\/www.hoteldelreyfoz.com\/blog\/christmas-de-luz-2020-will-count-with-projection-in-the-building-of-the-cathedral-of-the-village-in-foz-do-iguacu\/"},"author":{"name":"Jaime Mendes","@id":"https:\/\/www.hoteldelreyfoz.com\/#\/schema\/person\/7ea55b17cae3e4b8de28d979ce955c9b"},"headline":"Natal de Luz 2020 contar\u00e1 com proje\u00e7\u00e3o no pr\u00e9dio da Catedral da Vila A em Foz do Igua\u00e7u","datePublished":"2020-09-25T18:15:16+00:00","dateModified":"2024-10-10T01:18:06+00:00","mainEntityOfPage":{"@id":"https:\/\/www.hoteldelreyfoz.com\/blog\/christmas-de-luz-2020-will-count-with-projection-in-the-building-of-the-cathedral-of-the-village-in-foz-do-iguacu\/"},"wordCount":636,"publisher":{"@id":"https:\/\/www.hoteldelreyfoz.com\/#organization"},"keywords":["Decora\u00e7\u00e3o de Natal em Foz","Foz do Igua\u00e7u Natal 2020","Natal 2020","Natal em Foz","Natal nas Cataratas"],"articleSection":["Geral"],"inLanguage":"en-US"},{"@type":"WebPage","@id":"https:\/\/www.hoteldelreyfoz.com\/blog\/christmas-de-luz-2020-will-count-with-projection-in-the-building-of-the-cathedral-of-the-village-in-foz-do-iguacu\/","url":"https:\/\/www.hoteldelreyfoz.com\/blog\/christmas-de-luz-2020-will-count-with-projection-in-the-building-of-the-cathedral-of-the-village-in-foz-do-iguacu\/","name":"Christmas of Light 2020 at the Cathedral in Foz do Igua\u00e7u - Del Rey Quality Hotel","isPartOf":{"@id":"https:\/\/www.hoteldelreyfoz.com\/#website"},"datePublished":"2020-09-25T18:15:16+00:00","dateModified":"2024-10-10T01:18:06+00:00","description":"The end of the year is almost here and Itaipu Binacional is preparing a surprise for Christmas of Light 2020 for tourists and locals","breadcrumb":{"@id":"https:\/\/www.hoteldelreyfoz.com\/blog\/christmas-de-luz-2020-will-count-with-projection-in-the-building-of-the-cathedral-of-the-village-in-foz-do-iguacu\/#breadcrumb"},"inLanguage":"en-US","potentialAction":[{"@type":"ReadAction","target":["https:\/\/www.hoteldelreyfoz.com\/blog\/christmas-de-luz-2020-will-count-with-projection-in-the-building-of-the-cathedral-of-the-village-in-foz-do-iguacu\/"]}]},{"@type":"BreadcrumbList","@id":"https:\/\/www.hoteldelreyfoz.com\/blog\/christmas-de-luz-2020-will-count-with-projection-in-the-building-of-the-cathedral-of-the-village-in-foz-do-iguacu\/#breadcrumb","itemListElement":[{"@type":"ListItem","position":1,"name":"In\u00edcio","item":"https:\/\/www.hoteldelreyfoz.com\/en\/"},{"@type":"ListItem","position":2,"name":"Natal de Luz 2020 contar\u00e1 com proje\u00e7\u00e3o no pr\u00e9dio da Catedral da Vila A em Foz do Igua\u00e7u"}]},{"@type":"WebSite","@id":"https:\/\/www.hoteldelreyfoz.com\/#website","url":"https:\/\/www.hoteldelreyfoz.com\/","name":"Del Rey Quality Hotel","description":"Hotel in Foz do Igua\u00e7u with affordable prices, spacious rooms and central location, close to everything. Book through our website with a discount!","publisher":{"@id":"https:\/\/www.hoteldelreyfoz.com\/#organization"},"potentialAction":[{"@type":"SearchAction","target":{"@type":"EntryPoint","urlTemplate":"https:\/\/www.hoteldelreyfoz.com\/?s={search_term_string}"},"query-input":"required name=search_term_string"}],"inLanguage":"en-US"},{"@type":"Organization","@id":"https:\/\/www.hoteldelreyfoz.com\/#organization","name":"Del Rey Quality Hotel","url":"https:\/\/www.hoteldelreyfoz.com\/","logo":{"@type":"ImageObject","inLanguage":"en-US","@id":"https:\/\/www.hoteldelreyfoz.com\/#\/schema\/logo\/image\/","url":"https:\/\/www.hoteldelreyfoz.com.br\/wp-content\/uploads\/2021\/09\/delrey.png","contentUrl":"https:\/\/www.hoteldelreyfoz.com.br\/wp-content\/uploads\/2021\/09\/delrey.png","width":225,"height":224,"caption":"Del Rey Quality Hotel"},"image":{"@id":"https:\/\/www.hoteldelreyfoz.com\/#\/schema\/logo\/image\/"},"sameAs":["https:\/\/www.facebook.com\/delreyfozhotel","https:\/\/www.instagram.com\/delreyfoz\/","https:\/\/www.youtube.com\/channel\/UCSBntO46TaFRFMvuxjJBS_w"]},{"@type":"Person","@id":"https:\/\/www.hoteldelreyfoz.com\/#\/schema\/person\/7ea55b17cae3e4b8de28d979ce955c9b","name":"Jaime Mendes"}]}},"_links":{"self":[{"href":"https:\/\/www.hoteldelreyfoz.com\/en\/wp-json\/wp\/v2\/posts\/14742"}],"collection":[{"href":"https:\/\/www.hoteldelreyfoz.com\/en\/wp-json\/wp\/v2\/posts"}],"about":[{"href":"https:\/\/www.hoteldelreyfoz.com\/en\/wp-json\/wp\/v2\/types\/post"}],"author":[{"embeddable":true,"href":"https:\/\/www.hoteldelreyfoz.com\/en\/wp-json\/wp\/v2\/users\/2"}],"replies":[{"embeddable":true,"href":"https:\/\/www.hoteldelreyfoz.com\/en\/wp-json\/wp\/v2\/comments?post=14742"}],"version-history":[{"count":1,"href":"https:\/\/www.hoteldelreyfoz.com\/en\/wp-json\/wp\/v2\/posts\/14742\/revisions"}],"predecessor-version":[{"id":23361,"href":"https:\/\/www.hoteldelreyfoz.com\/en\/wp-json\/wp\/v2\/posts\/14742\/revisions\/23361"}],"wp:featuredmedia":[{"embeddable":true,"href":"https:\/\/www.hoteldelreyfoz.com\/en\/wp-json\/wp\/v2\/media\/14724"}],"wp:attachment":[{"href":"https:\/\/www.hoteldelreyfoz.com\/en\/wp-json\/wp\/v2\/media?parent=14742"}],"wp:term":[{"taxonomy":"category","embeddable":true,"href":"https:\/\/www.hoteldelreyfoz.com\/en\/wp-json\/wp\/v2\/categories?post=14742"},{"taxonomy":"post_tag","embeddable":true,"href":"https:\/\/www.hoteldelreyfoz.com\/en\/wp-json\/wp\/v2\/tags?post=14742"}],"curies":[{"name":"wp","href":"https:\/\/api.w.org\/{rel}","templated":true}]}}