{"id":12460,"date":"2020-08-13T16:56:04","date_gmt":"2020-08-13T19:56:04","guid":{"rendered":"https:\/\/www.hoteldelreyfoz.com\/?p=12460"},"modified":"2020-08-13T16:56:04","modified_gmt":"2020-08-13T19:56:04","slug":"protected-environment-seal-in-fos-do-iguacu","status":"publish","type":"post","link":"https:\/\/www.hoteldelreyfoz.com\/en\/blog\/protected-environment-seal-in-fos-do-iguacu\/","title":{"rendered":"Protected Environment Seal in Foz do Igua\u00e7u"},"content":{"rendered":"<h2>In ceremony, hotel guarantees safety seal through new hygiene protocols with protected environment<\/h2>\n<p>The Hotel Del Rey Quality, in Foz do Igua\u00e7u, received this Thursday (13), the certification of health responsibility and Protected Environment Seal. The delivery ceremony was attended by several city authorities, including Mayor Chico Brasileiro, and took place at the headquarters of the Commercial and Industrial Association of Foz do Igua\u00e7u (ACIFI).<\/p>\n<figure id=\"attachment_12462\" aria-describedby=\"caption-attachment-12462\" style=\"width: 1280px\" class=\"wp-caption alignnone\"><img decoding=\"async\" loading=\"lazy\" class=\"wp-image-12462 size-full\" src=\"https:\/\/www.hoteldelreyfoz.com\/wp-content\/uploads\/2020\/08\/prefeito-chico-brasileiro-jaime-mendes.jpeg\" alt=\"Protected Environment Seal - Mayor and Director of Del Rey Quality Hotel\" width=\"1280\" height=\"853\" srcset=\"https:\/\/www.hoteldelreyfoz.com\/wp-content\/uploads\/2020\/08\/prefeito-chico-brasileiro-jaime-mendes.jpeg 1280w, https:\/\/www.hoteldelreyfoz.com\/wp-content\/uploads\/2020\/08\/prefeito-chico-brasileiro-jaime-mendes-300x200.jpeg 300w, https:\/\/www.hoteldelreyfoz.com\/wp-content\/uploads\/2020\/08\/prefeito-chico-brasileiro-jaime-mendes-1024x682.jpeg 1024w, https:\/\/www.hoteldelreyfoz.com\/wp-content\/uploads\/2020\/08\/prefeito-chico-brasileiro-jaime-mendes-768x512.jpeg 768w\" sizes=\"(max-width: 1280px) 100vw, 1280px\" \/><figcaption id=\"caption-attachment-12462\" class=\"wp-caption-text\">From left to right: Mayor Chico Brasileiro and Jaime Mendes, director of Del Rey Quality Hotel<\/figcaption><\/figure>\n<p>According to Faisal Ismail, president of ACIFI, \u201cthis Seal of Protected Environment validates the sanitary control of hotels, restaurants and tourist elements in Foz, thus providing tranquility to visitors and residents of the region\u201d. The president of the Commercial and Industrial Association of Foz do Igua\u00e7u also points out that \u201cuntil there is a vaccine, the Seal is fundamental to demonstrate care, both with the environment and with the people who work in it\u201d.<\/p>\n<p>Assigned by the Municipal Secretariat for Tourism, Industry, Commerce and Strategic Projects, the Municipal Tourism Council (Comtur) and Sebrae-PR, the Seal declares that tourist attractions, means of accommodation, restaurants and other establishments comply with health safety protocols in confronting to Covid-19.<\/p>\n<figure id=\"attachment_12461\" aria-describedby=\"caption-attachment-12461\" style=\"width: 1280px\" class=\"wp-caption alignnone\"><img decoding=\"async\" loading=\"lazy\" class=\"wp-image-12461 size-full\" src=\"https:\/\/www.hoteldelreyfoz.com\/wp-content\/uploads\/2020\/08\/neuso-rafagnin-sindihoteis-jame-mendes.jpeg\" alt=\"Protected Environment Seal - President Sindhot\u00e9is Neuso Rafagnin and our director Jaime Mendes\" width=\"1280\" height=\"853\" srcset=\"https:\/\/www.hoteldelreyfoz.com\/wp-content\/uploads\/2020\/08\/neuso-rafagnin-sindihoteis-jame-mendes.jpeg 1280w, https:\/\/www.hoteldelreyfoz.com\/wp-content\/uploads\/2020\/08\/neuso-rafagnin-sindihoteis-jame-mendes-300x200.jpeg 300w, https:\/\/www.hoteldelreyfoz.com\/wp-content\/uploads\/2020\/08\/neuso-rafagnin-sindihoteis-jame-mendes-1024x682.jpeg 1024w, https:\/\/www.hoteldelreyfoz.com\/wp-content\/uploads\/2020\/08\/neuso-rafagnin-sindihoteis-jame-mendes-768x512.jpeg 768w\" sizes=\"(max-width: 1280px) 100vw, 1280px\" \/><figcaption id=\"caption-attachment-12461\" class=\"wp-caption-text\">From left to right: Neuso Rafagnin, president of Sindhot\u00e9is, and Jaime Mendes, director of Del Rey Quality Hotel<\/figcaption><\/figure>\n<p>For Augusto Stein, Regional Manager of Sebrae in the West, \u201cthe Seal generates, mainly, a bond of trust with the visitor and the tourist. We know that there will be impacts after this crisis and that the movement will gradually return. So, the destination and enterprise that manage to pass this image of security tend to gain an important advantage in the market\u201d.<\/p>\n<p>Among the more than 30 items evaluated, are the demand by the place for the mandatory use of the mask, fever measurement, use of sanitizing mats, gel alcohol dispensers around the place and sanitization of the environment.<\/p>\n<figure id=\"attachment_12464\" aria-describedby=\"caption-attachment-12464\" style=\"width: 1280px\" class=\"wp-caption alignnone\"><img decoding=\"async\" loading=\"lazy\" class=\"wp-image-12464 size-full\" src=\"https:\/\/www.hoteldelreyfoz.com\/wp-content\/uploads\/2020\/08\/jaime-mendes-del-rey-quality-hotel.jpeg\" alt=\"Protected Environment Seal - Jaime Mendes Director of Del Rey Quality Hotel\" width=\"1280\" height=\"853\" srcset=\"https:\/\/www.hoteldelreyfoz.com\/wp-content\/uploads\/2020\/08\/jaime-mendes-del-rey-quality-hotel.jpeg 1280w, https:\/\/www.hoteldelreyfoz.com\/wp-content\/uploads\/2020\/08\/jaime-mendes-del-rey-quality-hotel-300x200.jpeg 300w, https:\/\/www.hoteldelreyfoz.com\/wp-content\/uploads\/2020\/08\/jaime-mendes-del-rey-quality-hotel-1024x682.jpeg 1024w, https:\/\/www.hoteldelreyfoz.com\/wp-content\/uploads\/2020\/08\/jaime-mendes-del-rey-quality-hotel-768x512.jpeg 768w\" sizes=\"(max-width: 1280px) 100vw, 1280px\" \/><figcaption id=\"caption-attachment-12464\" class=\"wp-caption-text\">Jaime Mendes, director of the Del Rey Quality Hotel, present at the Seal delivery ceremony<\/figcaption><\/figure>\n<p>Jaime Mendes, director of the Del Rey Quality Hotel, explains that \u201cthis is a historic moment that we are living, where the hotel passed several criteria to be able to reopen, taking into account all the hygiene care, together with our employees and guests. Therefore, the delivery of this Seal is, without a doubt, our concern in offering a really safe environment for this tourist who comes to Foz\u201d.<\/p>\n<p><strong>Discover Del Rey Quality<\/strong><\/p>\n<p>Operating for 35 years in Foz do Igua\u00e7u, Del Rey Quality&#039;s main objective is to provide a unique experience to all guests in Terra das Cataratas. For this, the hotel has 91 modern and comfortable apartments, with room options for up to four people, perfect for visiting Foz do Igua\u00e7u with the family.<\/p>\n<p>With a privileged location in the city center, next to the Urban Transport Terminal and close to restaurants, market, bakery, pharmacies and banks, Del Rey Quality has easy access to all the attractions of Foz do Igua\u00e7u, Paraguay and Argentina.<\/p>\n<p>And in addition to having all the comfort of accommodation, Del Rey Quality also offers tips for having the best time in the city of Foz. Follow all the news through the social networks Instagram <a href=\"https:\/\/www.instagram.com\/delreyfoz\/\" target=\"_blank\" rel=\"noopener noreferrer\" class=\"broken_link\"><strong>@delreyfoz<\/strong><\/a>, Facebook <a href=\"https:\/\/www.facebook.com\/delreyfozhotel\" target=\"_blank\" rel=\"noopener noreferrer\"><strong>Del Rey Foz<\/strong><\/a> and through the website <strong><a href=\"https:\/\/www.hoteldelreyfoz.com\/en\">www.hoteldelreyfoz.com.br<\/a><\/strong>, where you guarantee the<strong> your booking with 10% discount!<\/strong><\/p>","protected":false},"excerpt":{"rendered":"<p>In ceremony, hotel guarantees safety seal through new hygiene protocols with protected environment The Hotel Del Rey Quality, in Foz do Igua\u00e7u, received this Thursday (13), the certification of health responsibility and Protected Environment Seal. The delivery ceremony was attended by several city authorities, including Mayor Chico Brasileiro, [\u2026]<\/p>","protected":false},"author":2,"featured_media":12463,"comment_status":"closed","ping_status":"open","sticky":false,"template":"","format":"standard","meta":{"footnotes":""},"categories":[193],"tags":[282,283,284,285],"yoast_head":"<!-- This site is optimized with the Yoast SEO plugin v20.12 - https:\/\/yoast.com\/wordpress\/plugins\/seo\/ -->\n<title>Selo de Ambiente Protegido em Foz do Igua\u00e7u - Del Rey Quality Hotel<\/title>\n<meta name=\"description\" content=\"O Hotel Del Rey Quality, de Foz do Igua\u00e7u, recebeu nesta quinta-feira (13), a certifica\u00e7\u00e3o de responsabilidade sanit\u00e1ria e Selo de Ambiente Protegido.\" \/>\n<meta name=\"robots\" content=\"index, follow, max-snippet:-1, max-image-preview:large, max-video-preview:-1\" \/>\n<link rel=\"canonical\" href=\"https:\/\/www.hoteldelreyfoz.com\/en\/blog\/protected-environment-seal-in-fos-do-iguacu\/\" \/>\n<meta property=\"og:locale\" content=\"en_US\" \/>\n<meta property=\"og:type\" content=\"article\" \/>\n<meta property=\"og:title\" content=\"Selo de Ambiente Protegido em Foz do Igua\u00e7u - Del Rey Quality Hotel\" \/>\n<meta property=\"og:description\" content=\"O Hotel Del Rey Quality, de Foz do Igua\u00e7u, recebeu nesta quinta-feira (13), a certifica\u00e7\u00e3o de responsabilidade sanit\u00e1ria e Selo de Ambiente Protegido.\" \/>\n<meta property=\"og:url\" content=\"https:\/\/www.hoteldelreyfoz.com\/en\/blog\/protected-environment-seal-in-fos-do-iguacu\/\" \/>\n<meta property=\"og:site_name\" content=\"Del Rey Quality Hotel\" \/>\n<meta property=\"article:publisher\" content=\"https:\/\/www.facebook.com\/delreyfozhotel\" \/>\n<meta property=\"article:published_time\" content=\"2020-08-13T19:56:04+00:00\" \/>\n<meta property=\"og:image\" content=\"https:\/\/www.hoteldelreyfoz.com\/wp-content\/uploads\/2020\/08\/prefeito-chico-brasileiro-jaime-mendes.jpeg\" \/>\n\t<meta property=\"og:image:width\" content=\"1280\" \/>\n\t<meta property=\"og:image:height\" content=\"853\" \/>\n\t<meta property=\"og:image:type\" content=\"image\/jpeg\" \/>\n<meta name=\"author\" content=\"Jaime Mendes\" \/>\n<meta name=\"twitter:card\" content=\"summary_large_image\" \/>\n<meta name=\"twitter:title\" content=\"Selo de Ambiente Protegido em Foz do Igua\u00e7u - Del Rey Quality Hotel\" \/>\n<meta name=\"twitter:description\" content=\"O Hotel Del Rey Quality, de Foz do Igua\u00e7u, recebeu nesta quinta-feira (13), a certifica\u00e7\u00e3o de responsabilidade sanit\u00e1ria e Selo de Ambiente Protegido.\" \/>\n<meta name=\"twitter:image\" content=\"https:\/\/www.hoteldelreyfoz.com\/wp-content\/uploads\/2020\/08\/prefeito-chico-brasileiro-jaime-mendes.jpeg\" \/>\n<meta name=\"twitter:label1\" content=\"Written by\" \/>\n\t<meta name=\"twitter:data1\" content=\"\" \/>\n\t<meta name=\"twitter:label2\" content=\"Est. reading time\" \/>\n\t<meta name=\"twitter:data2\" content=\"3 minutes\" \/>\n<script type=\"application\/ld+json\" class=\"yoast-schema-graph\">{\"@context\":\"https:\/\/schema.org\",\"@graph\":[{\"@type\":\"Article\",\"@id\":\"https:\/\/www.hoteldelreyfoz.com\/blog\/selo-de-ambiente-protegido-em-foz-do-iguacu\/#article\",\"isPartOf\":{\"@id\":\"https:\/\/www.hoteldelreyfoz.com\/blog\/selo-de-ambiente-protegido-em-foz-do-iguacu\/\"},\"author\":{\"name\":\"Jaime Mendes\",\"@id\":\"https:\/\/www.hoteldelreyfoz.com\/#\/schema\/person\/7ea55b17cae3e4b8de28d979ce955c9b\"},\"headline\":\"Selo de Ambiente Protegido em Foz do Igua\u00e7u\",\"datePublished\":\"2020-08-13T19:56:04+00:00\",\"dateModified\":\"2020-08-13T19:56:04+00:00\",\"mainEntityOfPage\":{\"@id\":\"https:\/\/www.hoteldelreyfoz.com\/blog\/selo-de-ambiente-protegido-em-foz-do-iguacu\/\"},\"wordCount\":634,\"publisher\":{\"@id\":\"https:\/\/www.hoteldelreyfoz.com\/#organization\"},\"keywords\":[\"COVID-19\",\"Hotel Qualificado\",\"Pandemia\",\"Selo de Ambiente Seguro\"],\"articleSection\":[\"O Hotel\"],\"inLanguage\":\"en-US\"},{\"@type\":\"WebPage\",\"@id\":\"https:\/\/www.hoteldelreyfoz.com\/blog\/selo-de-ambiente-protegido-em-foz-do-iguacu\/\",\"url\":\"https:\/\/www.hoteldelreyfoz.com\/blog\/selo-de-ambiente-protegido-em-foz-do-iguacu\/\",\"name\":\"Selo de Ambiente Protegido em Foz do Igua\u00e7u - Del Rey Quality Hotel\",\"isPartOf\":{\"@id\":\"https:\/\/www.hoteldelreyfoz.com\/#website\"},\"datePublished\":\"2020-08-13T19:56:04+00:00\",\"dateModified\":\"2020-08-13T19:56:04+00:00\",\"description\":\"O Hotel Del Rey Quality, de Foz do Igua\u00e7u, recebeu nesta quinta-feira (13), a certifica\u00e7\u00e3o de responsabilidade sanit\u00e1ria e Selo de Ambiente Protegido.\",\"breadcrumb\":{\"@id\":\"https:\/\/www.hoteldelreyfoz.com\/blog\/selo-de-ambiente-protegido-em-foz-do-iguacu\/#breadcrumb\"},\"inLanguage\":\"en-US\",\"potentialAction\":[{\"@type\":\"ReadAction\",\"target\":[\"https:\/\/www.hoteldelreyfoz.com\/blog\/selo-de-ambiente-protegido-em-foz-do-iguacu\/\"]}]},{\"@type\":\"BreadcrumbList\",\"@id\":\"https:\/\/www.hoteldelreyfoz.com\/blog\/selo-de-ambiente-protegido-em-foz-do-iguacu\/#breadcrumb\",\"itemListElement\":[{\"@type\":\"ListItem\",\"position\":1,\"name\":\"In\u00edcio\",\"item\":\"https:\/\/www.hoteldelreyfoz.com\/en\/\"},{\"@type\":\"ListItem\",\"position\":2,\"name\":\"Selo de Ambiente Protegido em Foz do Igua\u00e7u\"}]},{\"@type\":\"WebSite\",\"@id\":\"https:\/\/www.hoteldelreyfoz.com\/#website\",\"url\":\"https:\/\/www.hoteldelreyfoz.com\/\",\"name\":\"Del Rey Quality Hotel\",\"description\":\"Hotel em Foz do Igua\u00e7u com pre\u00e7os acess\u00edveis, quartos amplos e localiza\u00e7\u00e3o no Centro, perto de tudo. Reserve pelo nosso site com desconto!\",\"publisher\":{\"@id\":\"https:\/\/www.hoteldelreyfoz.com\/#organization\"},\"potentialAction\":[{\"@type\":\"SearchAction\",\"target\":{\"@type\":\"EntryPoint\",\"urlTemplate\":\"https:\/\/www.hoteldelreyfoz.com\/?s={search_term_string}\"},\"query-input\":\"required name=search_term_string\"}],\"inLanguage\":\"en-US\"},{\"@type\":\"Organization\",\"@id\":\"https:\/\/www.hoteldelreyfoz.com\/#organization\",\"name\":\"Del Rey Quality Hotel\",\"url\":\"https:\/\/www.hoteldelreyfoz.com\/\",\"logo\":{\"@type\":\"ImageObject\",\"inLanguage\":\"en-US\",\"@id\":\"https:\/\/www.hoteldelreyfoz.com\/#\/schema\/logo\/image\/\",\"url\":\"https:\/\/www.hoteldelreyfoz.com.br\/wp-content\/uploads\/2021\/09\/delrey.png\",\"contentUrl\":\"https:\/\/www.hoteldelreyfoz.com.br\/wp-content\/uploads\/2021\/09\/delrey.png\",\"width\":225,\"height\":224,\"caption\":\"Del Rey Quality Hotel\"},\"image\":{\"@id\":\"https:\/\/www.hoteldelreyfoz.com\/#\/schema\/logo\/image\/\"},\"sameAs\":[\"https:\/\/www.facebook.com\/delreyfozhotel\",\"https:\/\/www.instagram.com\/delreyfoz\/\",\"https:\/\/www.youtube.com\/channel\/UCSBntO46TaFRFMvuxjJBS_w\"]},{\"@type\":\"Person\",\"@id\":\"https:\/\/www.hoteldelreyfoz.com\/#\/schema\/person\/7ea55b17cae3e4b8de28d979ce955c9b\",\"name\":\"Jaime Mendes\"}]}<\/script>\n<!-- \/ Yoast SEO plugin. -->","yoast_head_json":{"title":"Protected Environment Seal in Foz do Igua\u00e7u - Del Rey Quality Hotel","description":"The Hotel Del Rey Quality, in Foz do Igua\u00e7u, received this Thursday (13), the certification of health responsibility and Protected Environment Seal.","robots":{"index":"index","follow":"follow","max-snippet":"max-snippet:-1","max-image-preview":"max-image-preview:large","max-video-preview":"max-video-preview:-1"},"canonical":"https:\/\/www.hoteldelreyfoz.com\/en\/blog\/protected-environment-seal-in-fos-do-iguacu\/","og_locale":"en_US","og_type":"article","og_title":"Selo de Ambiente Protegido em Foz do Igua\u00e7u - Del Rey Quality Hotel","og_description":"O Hotel Del Rey Quality, de Foz do Igua\u00e7u, recebeu nesta quinta-feira (13), a certifica\u00e7\u00e3o de responsabilidade sanit\u00e1ria e Selo de Ambiente Protegido.","og_url":"https:\/\/www.hoteldelreyfoz.com\/en\/blog\/protected-environment-seal-in-fos-do-iguacu\/","og_site_name":"Del Rey Quality Hotel","article_publisher":"https:\/\/www.facebook.com\/delreyfozhotel","article_published_time":"2020-08-13T19:56:04+00:00","og_image":[{"width":1280,"height":853,"url":"https:\/\/www.hoteldelreyfoz.com\/wp-content\/uploads\/2020\/08\/prefeito-chico-brasileiro-jaime-mendes.jpeg","type":"image\/jpeg"}],"author":"Jaime Mendes","twitter_card":"summary_large_image","twitter_title":"Selo de Ambiente Protegido em Foz do Igua\u00e7u - Del Rey Quality Hotel","twitter_description":"O Hotel Del Rey Quality, de Foz do Igua\u00e7u, recebeu nesta quinta-feira (13), a certifica\u00e7\u00e3o de responsabilidade sanit\u00e1ria e Selo de Ambiente Protegido.","twitter_image":"https:\/\/www.hoteldelreyfoz.com\/wp-content\/uploads\/2020\/08\/prefeito-chico-brasileiro-jaime-mendes.jpeg","twitter_misc":{"Written by":false,"Est. reading time":"3 minutes"},"schema":{"@context":"https:\/\/schema.org","@graph":[{"@type":"Article","@id":"https:\/\/www.hoteldelreyfoz.com\/blog\/selo-de-ambiente-protegido-em-foz-do-iguacu\/#article","isPartOf":{"@id":"https:\/\/www.hoteldelreyfoz.com\/blog\/selo-de-ambiente-protegido-em-foz-do-iguacu\/"},"author":{"name":"Jaime Mendes","@id":"https:\/\/www.hoteldelreyfoz.com\/#\/schema\/person\/7ea55b17cae3e4b8de28d979ce955c9b"},"headline":"Selo de Ambiente Protegido em Foz do Igua\u00e7u","datePublished":"2020-08-13T19:56:04+00:00","dateModified":"2020-08-13T19:56:04+00:00","mainEntityOfPage":{"@id":"https:\/\/www.hoteldelreyfoz.com\/blog\/selo-de-ambiente-protegido-em-foz-do-iguacu\/"},"wordCount":634,"publisher":{"@id":"https:\/\/www.hoteldelreyfoz.com\/#organization"},"keywords":["COVID-19","Hotel Qualificado","Pandemia","Selo de Ambiente Seguro"],"articleSection":["O Hotel"],"inLanguage":"en-US"},{"@type":"WebPage","@id":"https:\/\/www.hoteldelreyfoz.com\/blog\/selo-de-ambiente-protegido-em-foz-do-iguacu\/","url":"https:\/\/www.hoteldelreyfoz.com\/blog\/selo-de-ambiente-protegido-em-foz-do-iguacu\/","name":"Protected Environment Seal in Foz do Igua\u00e7u - Del Rey Quality Hotel","isPartOf":{"@id":"https:\/\/www.hoteldelreyfoz.com\/#website"},"datePublished":"2020-08-13T19:56:04+00:00","dateModified":"2020-08-13T19:56:04+00:00","description":"The Hotel Del Rey Quality, in Foz do Igua\u00e7u, received this Thursday (13), the certification of health responsibility and Protected Environment Seal.","breadcrumb":{"@id":"https:\/\/www.hoteldelreyfoz.com\/blog\/selo-de-ambiente-protegido-em-foz-do-iguacu\/#breadcrumb"},"inLanguage":"en-US","potentialAction":[{"@type":"ReadAction","target":["https:\/\/www.hoteldelreyfoz.com\/blog\/selo-de-ambiente-protegido-em-foz-do-iguacu\/"]}]},{"@type":"BreadcrumbList","@id":"https:\/\/www.hoteldelreyfoz.com\/blog\/selo-de-ambiente-protegido-em-foz-do-iguacu\/#breadcrumb","itemListElement":[{"@type":"ListItem","position":1,"name":"In\u00edcio","item":"https:\/\/www.hoteldelreyfoz.com\/en\/"},{"@type":"ListItem","position":2,"name":"Selo de Ambiente Protegido em Foz do Igua\u00e7u"}]},{"@type":"WebSite","@id":"https:\/\/www.hoteldelreyfoz.com\/#website","url":"https:\/\/www.hoteldelreyfoz.com\/","name":"Del Rey Quality Hotel","description":"Hotel in Foz do Igua\u00e7u with affordable prices, spacious rooms and central location, close to everything. Book through our website with a discount!","publisher":{"@id":"https:\/\/www.hoteldelreyfoz.com\/#organization"},"potentialAction":[{"@type":"SearchAction","target":{"@type":"EntryPoint","urlTemplate":"https:\/\/www.hoteldelreyfoz.com\/?s={search_term_string}"},"query-input":"required name=search_term_string"}],"inLanguage":"en-US"},{"@type":"Organization","@id":"https:\/\/www.hoteldelreyfoz.com\/#organization","name":"Del Rey Quality Hotel","url":"https:\/\/www.hoteldelreyfoz.com\/","logo":{"@type":"ImageObject","inLanguage":"en-US","@id":"https:\/\/www.hoteldelreyfoz.com\/#\/schema\/logo\/image\/","url":"https:\/\/www.hoteldelreyfoz.com.br\/wp-content\/uploads\/2021\/09\/delrey.png","contentUrl":"https:\/\/www.hoteldelreyfoz.com.br\/wp-content\/uploads\/2021\/09\/delrey.png","width":225,"height":224,"caption":"Del Rey Quality Hotel"},"image":{"@id":"https:\/\/www.hoteldelreyfoz.com\/#\/schema\/logo\/image\/"},"sameAs":["https:\/\/www.facebook.com\/delreyfozhotel","https:\/\/www.instagram.com\/delreyfoz\/","https:\/\/www.youtube.com\/channel\/UCSBntO46TaFRFMvuxjJBS_w"]},{"@type":"Person","@id":"https:\/\/www.hoteldelreyfoz.com\/#\/schema\/person\/7ea55b17cae3e4b8de28d979ce955c9b","name":"Jaime Mendes"}]}},"_links":{"self":[{"href":"https:\/\/www.hoteldelreyfoz.com\/en\/wp-json\/wp\/v2\/posts\/12460"}],"collection":[{"href":"https:\/\/www.hoteldelreyfoz.com\/en\/wp-json\/wp\/v2\/posts"}],"about":[{"href":"https:\/\/www.hoteldelreyfoz.com\/en\/wp-json\/wp\/v2\/types\/post"}],"author":[{"embeddable":true,"href":"https:\/\/www.hoteldelreyfoz.com\/en\/wp-json\/wp\/v2\/users\/2"}],"replies":[{"embeddable":true,"href":"https:\/\/www.hoteldelreyfoz.com\/en\/wp-json\/wp\/v2\/comments?post=12460"}],"version-history":[{"count":0,"href":"https:\/\/www.hoteldelreyfoz.com\/en\/wp-json\/wp\/v2\/posts\/12460\/revisions"}],"wp:featuredmedia":[{"embeddable":true,"href":"https:\/\/www.hoteldelreyfoz.com\/en\/wp-json\/wp\/v2\/media\/12463"}],"wp:attachment":[{"href":"https:\/\/www.hoteldelreyfoz.com\/en\/wp-json\/wp\/v2\/media?parent=12460"}],"wp:term":[{"taxonomy":"category","embeddable":true,"href":"https:\/\/www.hoteldelreyfoz.com\/en\/wp-json\/wp\/v2\/categories?post=12460"},{"taxonomy":"post_tag","embeddable":true,"href":"https:\/\/www.hoteldelreyfoz.com\/en\/wp-json\/wp\/v2\/tags?post=12460"}],"curies":[{"name":"wp","href":"https:\/\/api.w.org\/{rel}","templated":true}]}}